{"id":953,"date":"2012-01-08T18:36:13","date_gmt":"2012-01-08T23:36:13","guid":{"rendered":"http:\/\/pontscouverts.com\/blogue\/?p=953"},"modified":"2012-01-08T23:33:54","modified_gmt":"2012-01-09T04:33:54","slug":"le-pont-bolduc-est-reouvert-et-la-fin-du-pont-braband-philippe","status":"publish","type":"post","link":"https:\/\/pontscouverts.com\/blogue\/2012\/01\/08\/le-pont-bolduc-est-reouvert-et-la-fin-du-pont-braband-philippe\/","title":{"rendered":"Le pont Bolduc est r\u00e9ouvert et la fin du pont Braband-Philippe"},"content":{"rendered":"<div id=\"attachment_976\" style=\"width: 810px\" class=\"wp-caption aligncenter\"><a href=\"http:\/\/pontscouverts.com\/blogue\/wp-content\/uploads\/2012\/01\/bolducgoossens1983a.jpg\"><img aria-describedby=\"caption-attachment-976\" loading=\"lazy\" class=\"size-full wp-image-976\" title=\"bolducgoossens1983a\" src=\"http:\/\/pontscouverts.com\/blogue\/wp-content\/uploads\/2012\/01\/bolducgoossens1983a.jpg\" alt=\"\" width=\"800\" height=\"530\" srcset=\"https:\/\/pontscouverts.com\/blogue\/wp-content\/uploads\/2012\/01\/bolducgoossens1983a.jpg 800w, https:\/\/pontscouverts.com\/blogue\/wp-content\/uploads\/2012\/01\/bolducgoossens1983a-300x198.jpg 300w\" sizes=\"(max-width: 800px) 100vw, 800px\" \/><\/a><p id=\"caption-attachment-976\" class=\"wp-caption-text\">Photo : Andr\u00e9 Goossens<\/p><\/div>\n<p style=\"text-align: justify;\">C&rsquo;est avec 2 nouvelles bien diff\u00e9rentes que d\u00e9bute la nouvelle ann\u00e9e, soit la r\u00e9ouverture du pont Bolduc et l&rsquo;incendie d&rsquo;un pont couvert de construction r\u00e9cente&#8230;<\/p>\n<p style=\"text-align: justify;\"><!--more Lire la suite--><br \/>\nC&rsquo;est un visiteur du site qui nous a appris la r\u00e9ouverture du pont Bolduc. Ce dernier est pass\u00e9 par Ste-Clothilde le 22 d\u00e9cembre et il a trouv\u00e9 le pont couvert en service. Les d\u00e9tails sont inconnus pour le moment, mais on peut pr\u00e9sumer que quelques travaux ont \u00e9t\u00e9 effectu\u00e9s sur la structure. Pour c\u00e9l\u00e9brer cette bonne nouvelle, je joins 3 photos in\u00e9dites du pont Bolduc. Il s&rsquo;agit de clich\u00e9s d&rsquo;archives.<\/p>\n<p style=\"text-align: justify;\">&nbsp;<\/p>\n<div id=\"attachment_977\" style=\"width: 810px\" class=\"wp-caption aligncenter\"><a href=\"http:\/\/pontscouverts.com\/blogue\/wp-content\/uploads\/2012\/01\/bolducarbour1983.jpg.jpg\"><img aria-describedby=\"caption-attachment-977\" loading=\"lazy\" class=\"size-full wp-image-977\" title=\"bolducarbour1983.jpg\" src=\"http:\/\/pontscouverts.com\/blogue\/wp-content\/uploads\/2012\/01\/bolducarbour1983.jpg.jpg\" alt=\"\" width=\"800\" height=\"569\" srcset=\"https:\/\/pontscouverts.com\/blogue\/wp-content\/uploads\/2012\/01\/bolducarbour1983.jpg.jpg 800w, https:\/\/pontscouverts.com\/blogue\/wp-content\/uploads\/2012\/01\/bolducarbour1983.jpg-300x213.jpg 300w\" sizes=\"(max-width: 800px) 100vw, 800px\" \/><\/a><p id=\"caption-attachment-977\" class=\"wp-caption-text\">Photo : G\u00e9rald Arbour (1983)<\/p><\/div>\n<p style=\"text-align: justify;\">Voici le pont Bolduc photographi\u00e9 en 1983. Qui pourrait se douter que la rivi\u00e8re Dupuis-Fortin peut parfois se gonfler au point de toucher le pont couvert?<\/p>\n<p style=\"text-align: justify;\">&nbsp;<\/p>\n<div id=\"attachment_978\" style=\"width: 810px\" class=\"wp-caption aligncenter\"><a href=\"http:\/\/pontscouverts.com\/blogue\/wp-content\/uploads\/2012\/01\/bolducgoossens1983b.jpg\"><img aria-describedby=\"caption-attachment-978\" loading=\"lazy\" class=\"size-full wp-image-978 \" title=\"bolducgoossens1983b\" src=\"http:\/\/pontscouverts.com\/blogue\/wp-content\/uploads\/2012\/01\/bolducgoossens1983b.jpg\" alt=\"\" width=\"800\" height=\"538\" srcset=\"https:\/\/pontscouverts.com\/blogue\/wp-content\/uploads\/2012\/01\/bolducgoossens1983b.jpg 800w, https:\/\/pontscouverts.com\/blogue\/wp-content\/uploads\/2012\/01\/bolducgoossens1983b-300x201.jpg 300w\" sizes=\"(max-width: 800px) 100vw, 800px\" \/><\/a><p id=\"caption-attachment-978\" class=\"wp-caption-text\">Photo : Andr\u00e9 Goossens (1983)<\/p><\/div>\n<p style=\"text-align: justify;\">Rappelons que les habitants du chemin Bolduc aimeraient bien un pont plus moderne afin de r\u00e9pondre \u00e0 leurs besoins. Un projet de contournement du pont serait \u00e0 l&rsquo;\u00e9tude.<\/p>\n<p>&nbsp;<\/p>\n<div id=\"attachment_979\" style=\"width: 810px\" class=\"wp-caption aligncenter\"><a href=\"http:\/\/pontscouverts.com\/blogue\/wp-content\/uploads\/2012\/01\/bolducbeaujean1993.jpg\"><img aria-describedby=\"caption-attachment-979\" loading=\"lazy\" class=\"size-full wp-image-979\" title=\"bolducbeaujean1993\" src=\"http:\/\/pontscouverts.com\/blogue\/wp-content\/uploads\/2012\/01\/bolducbeaujean1993.jpg\" alt=\"\" width=\"800\" height=\"538\" srcset=\"https:\/\/pontscouverts.com\/blogue\/wp-content\/uploads\/2012\/01\/bolducbeaujean1993.jpg 800w, https:\/\/pontscouverts.com\/blogue\/wp-content\/uploads\/2012\/01\/bolducbeaujean1993-300x201.jpg 300w\" sizes=\"(max-width: 800px) 100vw, 800px\" \/><\/a><p id=\"caption-attachment-979\" class=\"wp-caption-text\">Photo : Jean-Marie Beaujean (1993)<\/p><\/div>\n<p style=\"text-align: justify;\">Les gabarits install\u00e9s en 1991 sont peu esth\u00e9tiques mais tr\u00e8s efficaces pour prot\u00e9ger le pont Bolduc des v\u00e9hicules trop lourds ou trop hauts.<\/p>\n<p>&nbsp;<\/p>\n<h1 style=\"text-align: center;\">Incendie du pont Braband-Philippe<\/h1>\n<div id=\"attachment_985\" style=\"width: 610px\" class=\"wp-caption aligncenter\"><a href=\"http:\/\/pontscouverts.com\/blogue\/wp-content\/uploads\/2012\/01\/braband.jpg\"><img aria-describedby=\"caption-attachment-985\" loading=\"lazy\" class=\"size-full wp-image-985\" title=\"braband\" src=\"http:\/\/pontscouverts.com\/blogue\/wp-content\/uploads\/2012\/01\/braband.jpg\" alt=\"\" width=\"600\" height=\"450\" srcset=\"https:\/\/pontscouverts.com\/blogue\/wp-content\/uploads\/2012\/01\/braband.jpg 600w, https:\/\/pontscouverts.com\/blogue\/wp-content\/uploads\/2012\/01\/braband-300x225.jpg 300w\" sizes=\"(max-width: 600px) 100vw, 600px\" \/><\/a><p id=\"caption-attachment-985\" class=\"wp-caption-text\">Photo : Antony Da Silva-Casimiro<\/p><\/div>\n<p style=\"text-align: center;\">&nbsp;<\/p>\n<p style=\"text-align: justify;\">Dans un autre ordre d&rsquo;id\u00e9e, le pont Braband-Philippe a \u00e9t\u00e9 compl\u00e8tement d\u00e9truit par un incendie criminel le 31 d\u00e9cembre dernier. Ce pont de construction r\u00e9cente n&rsquo;avait aucune valeur patrimoniale, mais il est triste de voir r\u00e9duit en poussi\u00e8re le travail r\u00e9alis\u00e9 par des b\u00e9n\u00e9voles qui croyaient en ce beau projet. Je joins des liens vers 3 articles qui traitent de cette triste nouvelle.<\/p>\n<ul>\n<li><a href=\"http:\/\/www.journallarevue.com\/Actualites\/Faits-divers\/2011-12-31\/article-2851208\/Incendie-a-l%26rsquoarena-Campeau\/1\" target=\"_blank\"><span style=\"color: #0000ff;\">Le pont couvert de l\u2019ar\u00e9na Campeau ras\u00e9 par les flammes<\/span><\/a><\/li>\n<li><a href=\"http:\/\/www.cyberpresse.ca\/le-droit\/actualites\/justice-et-faits-divers\/201201\/02\/01-4482330-des-annees-de-travail-reduites-en-cendres.php\" target=\"_blank\"><span style=\"color: #0000ff;\">Des ann\u00e9es de travail r\u00e9duites en cendres<\/span><\/a><\/li>\n<li><a href=\"http:\/\/www.journallarevue.com\/Actualit\u00e9s\/Faits%20divers\/2012-01-04\/article-2854403\/Si-on-reconstruit-le-pont-il-va-falloir-des-mesures-de-securite-exceptionnelles\/1\" target=\"_blank\"><span style=\"color: #0000ff;\">Si on reconstruit le pont, il va falloir des mesures de s\u00e9curit\u00e9<\/span><\/a><\/li>\n<\/ul>\n<div id=\"attachment_988\" style=\"width: 567px\" class=\"wp-caption aligncenter\"><a href=\"http:\/\/pontscouverts.com\/blogue\/wp-content\/uploads\/2012\/01\/feubraband.jpg\"><img aria-describedby=\"caption-attachment-988\" loading=\"lazy\" class=\"size-full wp-image-988\" title=\"feubraband\" src=\"http:\/\/pontscouverts.com\/blogue\/wp-content\/uploads\/2012\/01\/feubraband.jpg\" alt=\"\" width=\"557\" height=\"379\" srcset=\"https:\/\/pontscouverts.com\/blogue\/wp-content\/uploads\/2012\/01\/feubraband.jpg 557w, https:\/\/pontscouverts.com\/blogue\/wp-content\/uploads\/2012\/01\/feubraband-300x204.jpg 300w\" sizes=\"(max-width: 557px) 100vw, 557px\" \/><\/a><p id=\"caption-attachment-988\" class=\"wp-caption-text\">Photo : Martin Roy<\/p><\/div>\n","protected":false},"excerpt":{"rendered":"<p>C&rsquo;est avec 2 nouvelles bien diff\u00e9rentes que d\u00e9bute la nouvelle ann\u00e9e, soit la r\u00e9ouverture du pont Bolduc et l&rsquo;incendie d&rsquo;un pont couvert de construction r\u00e9cente&#8230;<\/p>\n","protected":false},"author":1,"featured_media":0,"comment_status":"open","ping_status":"open","sticky":false,"template":"","format":"standard","meta":[],"categories":[3],"tags":[],"_links":{"self":[{"href":"https:\/\/pontscouverts.com\/blogue\/wp-json\/wp\/v2\/posts\/953"}],"collection":[{"href":"https:\/\/pontscouverts.com\/blogue\/wp-json\/wp\/v2\/posts"}],"about":[{"href":"https:\/\/pontscouverts.com\/blogue\/wp-json\/wp\/v2\/types\/post"}],"author":[{"embeddable":true,"href":"https:\/\/pontscouverts.com\/blogue\/wp-json\/wp\/v2\/users\/1"}],"replies":[{"embeddable":true,"href":"https:\/\/pontscouverts.com\/blogue\/wp-json\/wp\/v2\/comments?post=953"}],"version-history":[{"count":19,"href":"https:\/\/pontscouverts.com\/blogue\/wp-json\/wp\/v2\/posts\/953\/revisions"}],"predecessor-version":[{"id":1017,"href":"https:\/\/pontscouverts.com\/blogue\/wp-json\/wp\/v2\/posts\/953\/revisions\/1017"}],"wp:attachment":[{"href":"https:\/\/pontscouverts.com\/blogue\/wp-json\/wp\/v2\/media?parent=953"}],"wp:term":[{"taxonomy":"category","embeddable":true,"href":"https:\/\/pontscouverts.com\/blogue\/wp-json\/wp\/v2\/categories?post=953"},{"taxonomy":"post_tag","embeddable":true,"href":"https:\/\/pontscouverts.com\/blogue\/wp-json\/wp\/v2\/tags?post=953"}],"curies":[{"name":"wp","href":"https:\/\/api.w.org\/{rel}","templated":true}]}}