{"id":9453,"date":"2014-03-20T23:00:27","date_gmt":"2014-03-21T03:00:27","guid":{"rendered":"http:\/\/pontscouverts.com\/blogue\/?p=9453"},"modified":"2016-02-10T22:02:06","modified_gmt":"2016-02-11T03:02:06","slug":"le-pont-tache-ou-les-ponts-jumeles-de-lisle-maligne","status":"publish","type":"post","link":"https:\/\/pontscouverts.com\/blogue\/2014\/03\/20\/le-pont-tache-ou-les-ponts-jumeles-de-lisle-maligne\/","title":{"rendered":"Le pont Tach\u00e9, ou, Les ponts jumel\u00e9s de l&rsquo;Isle-Maligne"},"content":{"rendered":"<div id=\"attachment_9455\" style=\"width: 659px\" class=\"wp-caption aligncenter\"><a href=\"http:\/\/pontscouverts.com\/blogue\/wp-content\/uploads\/2014\/03\/01_P11634.jpg\"><img aria-describedby=\"caption-attachment-9455\" loading=\"lazy\" class=\" wp-image-9455 \" src=\"http:\/\/pontscouverts.com\/blogue\/wp-content\/uploads\/2014\/03\/01_P11634-1024x588.jpg\" alt=\"01_P11634\" width=\"649\" height=\"372\" srcset=\"https:\/\/pontscouverts.com\/blogue\/wp-content\/uploads\/2014\/03\/01_P11634-1024x588.jpg 1024w, https:\/\/pontscouverts.com\/blogue\/wp-content\/uploads\/2014\/03\/01_P11634-300x172.jpg 300w, https:\/\/pontscouverts.com\/blogue\/wp-content\/uploads\/2014\/03\/01_P11634.jpg 1994w\" sizes=\"(max-width: 649px) 100vw, 649px\" \/><\/a><p id=\"caption-attachment-9455\" class=\"wp-caption-text\">Photo : R. Sauvage. Source : BAnQ, cote : E6,S7,SS1,P11634 (Photo de 1943)<\/p><\/div>\n<p style=\"text-align: justify;\"><span style=\"color: #000000;\">C\u00e9l\u00e9brons l&rsquo;arriv\u00e9e officielle du printemps avec un nouveau pont couvert dans la section des disparus. En fait, je devrais presque dire \u00ab\u00a0deux ponts couverts\u00a0\u00bb, puisque l&rsquo;impressionnant <span style=\"color: #0000ff;\"><a href=\"http:\/\/www.pontscouverts.com\/Pontscouverts2\/Tache.html\"><span style=\"color: #0000ff;\">pont Tach\u00e9<\/span><\/a><\/span> de l&rsquo;Isle-Maligne (aujourd&rsquo;hui Alma) \u00e9tait constitu\u00e9 de ponts couverts jumel\u00e9s. Malgr\u00e9 ce fait, cette structure \u00e9tait surtout connue sous le nom de pont Tach\u00e9. Place \u00e0 une pi\u00e8ce de choix dans la section des ponts disparus&#8230;<\/span><\/p>\n<p><!--more Lire la suite--><\/p>\n<p><span style=\"color: #ffffff;\">.<\/span><\/p>\n<div id=\"attachment_9456\" style=\"width: 659px\" class=\"wp-caption aligncenter\"><a href=\"http:\/\/pontscouverts.com\/blogue\/wp-content\/uploads\/2014\/03\/02_P11635.jpg\"><img aria-describedby=\"caption-attachment-9456\" loading=\"lazy\" class=\" wp-image-9456 \" src=\"http:\/\/pontscouverts.com\/blogue\/wp-content\/uploads\/2014\/03\/02_P11635-1024x599.jpg\" alt=\"02_P11635\" width=\"649\" height=\"380\" srcset=\"https:\/\/pontscouverts.com\/blogue\/wp-content\/uploads\/2014\/03\/02_P11635-1024x599.jpg 1024w, https:\/\/pontscouverts.com\/blogue\/wp-content\/uploads\/2014\/03\/02_P11635-300x175.jpg 300w, https:\/\/pontscouverts.com\/blogue\/wp-content\/uploads\/2014\/03\/02_P11635.jpg 1995w\" sizes=\"(max-width: 649px) 100vw, 649px\" \/><\/a><p id=\"caption-attachment-9456\" class=\"wp-caption-text\">Photo : R. Sauvage. Source : BAnQ, cote : E6,S7,SS1,P11635 (Photo de 1943)<\/p><\/div>\n<p style=\"text-align: justify;\"><span style=\"color: #000000;\">Le pont Tach\u00e9 permettait de relier St-Nazaire \u00e0 St-Joseph-d&rsquo;Alma, aujourd&rsquo;hui connue sous le nom d&rsquo;Alma. Le pont qui est en place de nos jour est malgr\u00e9 tout impressionnant par sa hauteur puisqu&rsquo;il offre une vue particuli\u00e8re sur la centrale de l&rsquo;Isle-Maligne.<\/span><\/p>\n<p><span style=\"color: #ffffff;\">.<\/span><\/p>\n<div id=\"attachment_9458\" style=\"width: 659px\" class=\"wp-caption aligncenter\"><a href=\"http:\/\/pontscouverts.com\/blogue\/wp-content\/uploads\/2014\/03\/04_P11633.jpg\"><img aria-describedby=\"caption-attachment-9458\" loading=\"lazy\" class=\" wp-image-9458 \" src=\"http:\/\/pontscouverts.com\/blogue\/wp-content\/uploads\/2014\/03\/04_P11633-1024x601.jpg\" alt=\"04_P11633\" width=\"649\" height=\"381\" srcset=\"https:\/\/pontscouverts.com\/blogue\/wp-content\/uploads\/2014\/03\/04_P11633-1024x601.jpg 1024w, https:\/\/pontscouverts.com\/blogue\/wp-content\/uploads\/2014\/03\/04_P11633-300x176.jpg 300w, https:\/\/pontscouverts.com\/blogue\/wp-content\/uploads\/2014\/03\/04_P11633.jpg 2037w\" sizes=\"(max-width: 649px) 100vw, 649px\" \/><\/a><p id=\"caption-attachment-9458\" class=\"wp-caption-text\">Photo : R. Sauvage. Source : BAnQ, cote : E6,S7,SS1,P11633 (Photo de 1943)<\/p><\/div>\n<p style=\"text-align: justify;\"><span style=\"color: #000000;\">La construction du pont commen\u00e7a en mars 1893 et fut termin\u00e9e en septembre 1894. Le nom du pont vient du fait que le pont nord touchait au canton de Tach\u00e9.<\/span><\/p>\n<p><span style=\"color: #ffffff;\">.<\/span><\/p>\n<div id=\"attachment_9459\" style=\"width: 659px\" class=\"wp-caption aligncenter\"><a href=\"http:\/\/pontscouverts.com\/blogue\/wp-content\/uploads\/2014\/03\/05_P11636.jpg\"><img aria-describedby=\"caption-attachment-9459\" loading=\"lazy\" class=\" wp-image-9459 \" src=\"http:\/\/pontscouverts.com\/blogue\/wp-content\/uploads\/2014\/03\/05_P11636-1024x693.jpg\" alt=\"05_P11636\" width=\"649\" height=\"439\" srcset=\"https:\/\/pontscouverts.com\/blogue\/wp-content\/uploads\/2014\/03\/05_P11636-1024x693.jpg 1024w, https:\/\/pontscouverts.com\/blogue\/wp-content\/uploads\/2014\/03\/05_P11636-300x203.jpg 300w, https:\/\/pontscouverts.com\/blogue\/wp-content\/uploads\/2014\/03\/05_P11636.jpg 1617w\" sizes=\"(max-width: 649px) 100vw, 649px\" \/><\/a><p id=\"caption-attachment-9459\" class=\"wp-caption-text\">Photo : R. Sauvage. Source : BAnQ, cote : E6,S7,SS1,P11636 (Photo de 1943)<\/p><\/div>\n<p style=\"text-align: justify;\"><span style=\"color: #000000;\">Le plus court pont (non visible sur cette photo) poss\u00e9dait une seule trav\u00e9e et mesurait 132 pieds de long.\u00a0Le plus long pont (ci-haut) poss\u00e9dait 4 trav\u00e9es, dont une longue de 220 pieds sans autre appui que ses extr\u00e9mit\u00e9s, et mesurait en tout un impressionnant 620 pieds de longueur.\u00a0\u00a0Outre les 2 structures, les avant-ponts totalisaient une longueur de plus de 300 pieds.<\/span><\/p>\n<p><span style=\"color: #ffffff;\">.<\/span><\/p>\n<div id=\"attachment_9460\" style=\"width: 659px\" class=\"wp-caption aligncenter\"><a href=\"http:\/\/pontscouverts.com\/blogue\/wp-content\/uploads\/2014\/03\/06_P28307.jpg\"><img aria-describedby=\"caption-attachment-9460\" loading=\"lazy\" class=\" wp-image-9460 \" src=\"http:\/\/pontscouverts.com\/blogue\/wp-content\/uploads\/2014\/03\/06_P28307-1024x914.jpg\" alt=\"06_P28307\" width=\"649\" height=\"579\" srcset=\"https:\/\/pontscouverts.com\/blogue\/wp-content\/uploads\/2014\/03\/06_P28307-1024x914.jpg 1024w, https:\/\/pontscouverts.com\/blogue\/wp-content\/uploads\/2014\/03\/06_P28307-300x267.jpg 300w, https:\/\/pontscouverts.com\/blogue\/wp-content\/uploads\/2014\/03\/06_P28307.jpg 1244w\" sizes=\"(max-width: 649px) 100vw, 649px\" \/><\/a><p id=\"caption-attachment-9460\" class=\"wp-caption-text\">Photo : Laval Couet. Source : BAnQ , cote : E57,S44,SS1,PB41-92 (Photo de 1945)<\/p><\/div>\n<p style=\"text-align: justify;\"><span style=\"color: #000000;\">Les co\u00fbts de la construction sont \u00e9valu\u00e9s \u00e0 19 000$.\u00a0La c\u00e9r\u00e9monie de la b\u00e9n\u00e9diction eut lieu le 19 ao\u00fbt 1895.<\/span><\/p>\n<p><span style=\"color: #ffffff;\">.<\/span><\/p>\n<div id=\"attachment_9462\" style=\"width: 659px\" class=\"wp-caption aligncenter\"><a href=\"http:\/\/pontscouverts.com\/blogue\/wp-content\/uploads\/2014\/03\/08_PB25-31.jpg\"><img aria-describedby=\"caption-attachment-9462\" loading=\"lazy\" class=\" wp-image-9462 \" src=\"http:\/\/pontscouverts.com\/blogue\/wp-content\/uploads\/2014\/03\/08_PB25-31-1024x610.jpg\" alt=\"08_PB25-31\" width=\"649\" height=\"386\" srcset=\"https:\/\/pontscouverts.com\/blogue\/wp-content\/uploads\/2014\/03\/08_PB25-31-1024x610.jpg 1024w, https:\/\/pontscouverts.com\/blogue\/wp-content\/uploads\/2014\/03\/08_PB25-31-300x178.jpg 300w\" sizes=\"(max-width: 649px) 100vw, 649px\" \/><\/a><p id=\"caption-attachment-9462\" class=\"wp-caption-text\">Source : BAnQ, cote : E57,S44,SS1,PB25-31 (Photo de 1932)<\/p><\/div>\n<p style=\"text-align: justify;\"><span style=\"color: #000000;\">Ce clich\u00e9 de 1932 laisse pr\u00e9sager des travaux \u00e0 venir \u00e0 l&rsquo;entr\u00e9e du pont. C&rsquo;\u00e9tait fort probablement en p\u00e9riode de d\u00e9gel. La Grande D\u00e9charge est le d\u00e9versoir du Lac St-Jean et devient un peu plus loin la rivi\u00e8re Saguenay, au point de rencontre de la Petite D\u00e9charge.<\/span><\/p>\n<p style=\"text-align: justify;\"><span style=\"color: #ffffff;\">.\u00a0<\/span><\/p>\n<div id=\"attachment_9468\" style=\"width: 659px\" class=\"wp-caption aligncenter\"><a href=\"http:\/\/pontscouverts.com\/blogue\/wp-content\/uploads\/2014\/03\/0-61-34-03-04-isle-maligne-1928-oll.-G\u00e9rald-Arbour-2.jpg\"><img aria-describedby=\"caption-attachment-9468\" loading=\"lazy\" class=\" wp-image-9468 \" src=\"http:\/\/pontscouverts.com\/blogue\/wp-content\/uploads\/2014\/03\/0-61-34-03-04-isle-maligne-1928-oll.-G\u00e9rald-Arbour-2-1024x657.jpg\" alt=\"0 61-34-03 &amp; 04 isle maligne 1928 oll. G\u00e9rald Arbour #2\" width=\"649\" height=\"416\" srcset=\"https:\/\/pontscouverts.com\/blogue\/wp-content\/uploads\/2014\/03\/0-61-34-03-04-isle-maligne-1928-oll.-G\u00e9rald-Arbour-2-1024x657.jpg 1024w, https:\/\/pontscouverts.com\/blogue\/wp-content\/uploads\/2014\/03\/0-61-34-03-04-isle-maligne-1928-oll.-G\u00e9rald-Arbour-2-300x192.jpg 300w, https:\/\/pontscouverts.com\/blogue\/wp-content\/uploads\/2014\/03\/0-61-34-03-04-isle-maligne-1928-oll.-G\u00e9rald-Arbour-2.jpg 1482w\" sizes=\"(max-width: 649px) 100vw, 649px\" \/><\/a><p id=\"caption-attachment-9468\" class=\"wp-caption-text\">Collection : G\u00e9rald Arbour (Photo de 1928)<\/p><\/div>\n<p style=\"text-align: justify;\"><span style=\"color: #000000;\">En 1928, un terrible d\u00e9luge emporta 2 trav\u00e9es du c\u00e9l\u00e8bre pont, ce qui repr\u00e9sente environ 400 pieds de long.<\/span><\/p>\n<p><span style=\"color: #ffffff;\">.<\/span><\/p>\n<div id=\"attachment_9463\" style=\"width: 659px\" class=\"wp-caption aligncenter\"><a href=\"http:\/\/pontscouverts.com\/blogue\/wp-content\/uploads\/2014\/03\/09_P65-5-.jpg\"><img aria-describedby=\"caption-attachment-9463\" loading=\"lazy\" class=\" wp-image-9463 \" src=\"http:\/\/pontscouverts.com\/blogue\/wp-content\/uploads\/2014\/03\/09_P65-5--1024x606.jpg\" alt=\"09_P65-5\" width=\"649\" height=\"384\" srcset=\"https:\/\/pontscouverts.com\/blogue\/wp-content\/uploads\/2014\/03\/09_P65-5--1024x606.jpg 1024w, https:\/\/pontscouverts.com\/blogue\/wp-content\/uploads\/2014\/03\/09_P65-5--300x177.jpg 300w, https:\/\/pontscouverts.com\/blogue\/wp-content\/uploads\/2014\/03\/09_P65-5-.jpg 1742w\" sizes=\"(max-width: 649px) 100vw, 649px\" \/><\/a><p id=\"caption-attachment-9463\" class=\"wp-caption-text\">Source : BAnQ, Cote : P1,D172,P65-5. Fonds famille Dubuc (Photo de 1928)<\/p><\/div>\n<p style=\"text-align: justify;\"><span style=\"color: #000000;\">La trav\u00e9e principale fut sauv\u00e9e sans doute parce qu\u2019on eut le temps de retirer du lambris pour que l\u2019eau circule.\u00a0La reconstruction des trav\u00e9es manquantes \u00e9tait d\u00e9j\u00e0 termin\u00e9e \u00e0 l\u2019automne 1928.<\/span><\/p>\n<p>&nbsp;<\/p>\n<div id=\"attachment_9464\" style=\"width: 659px\" class=\"wp-caption aligncenter\"><a href=\"http:\/\/pontscouverts.com\/blogue\/wp-content\/uploads\/2014\/03\/10_PB25-29.jpg\"><img aria-describedby=\"caption-attachment-9464\" loading=\"lazy\" class=\" wp-image-9464 \" src=\"http:\/\/pontscouverts.com\/blogue\/wp-content\/uploads\/2014\/03\/10_PB25-29-1024x711.jpg\" alt=\"10_PB25-29\" width=\"649\" height=\"450\" srcset=\"https:\/\/pontscouverts.com\/blogue\/wp-content\/uploads\/2014\/03\/10_PB25-29-1024x711.jpg 1024w, https:\/\/pontscouverts.com\/blogue\/wp-content\/uploads\/2014\/03\/10_PB25-29-300x208.jpg 300w, https:\/\/pontscouverts.com\/blogue\/wp-content\/uploads\/2014\/03\/10_PB25-29.jpg 1666w\" sizes=\"(max-width: 649px) 100vw, 649px\" \/><\/a><p id=\"caption-attachment-9464\" class=\"wp-caption-text\">Source : BAnQ, cote : E57,S44,SS1,PB25-29 (Photo de 1932)<\/p><\/div>\n<p style=\"text-align: justify;\"><span style=\"color: #000000;\">Vers 1940, le pont Tach\u00e9 \u00e9tant devenu vieux, on commen\u00e7a \u00e0 penser \u00e0 le remplacer. Un pont de chemin de fer construit en 1928, mais inutilis\u00e9 depuis un certain temps, fut converti en pont pour les voitures.<\/span><\/p>\n<p><span style=\"color: #ffffff;\">.<\/span><\/p>\n<div id=\"attachment_9477\" style=\"width: 659px\" class=\"wp-caption aligncenter\"><a href=\"http:\/\/pontscouverts.com\/blogue\/wp-content\/uploads\/2014\/03\/PB25-30.jpg\"><img aria-describedby=\"caption-attachment-9477\" loading=\"lazy\" class=\" wp-image-9477 \" src=\"http:\/\/pontscouverts.com\/blogue\/wp-content\/uploads\/2014\/03\/PB25-30-1024x601.jpg\" alt=\"PB25-30\" width=\"649\" height=\"381\" srcset=\"https:\/\/pontscouverts.com\/blogue\/wp-content\/uploads\/2014\/03\/PB25-30-1024x601.jpg 1024w, https:\/\/pontscouverts.com\/blogue\/wp-content\/uploads\/2014\/03\/PB25-30-300x176.jpg 300w, https:\/\/pontscouverts.com\/blogue\/wp-content\/uploads\/2014\/03\/PB25-30.jpg 1908w\" sizes=\"(max-width: 649px) 100vw, 649px\" \/><\/a><p id=\"caption-attachment-9477\" class=\"wp-caption-text\">Photo : R. Sauvage. Source : BAnQ, cote : E6,S7,SS1,P25840 (Photo de 1932)<\/p><\/div>\n<p style=\"text-align: justify;\"><span style=\"color: #000000;\">Le pont Tach\u00e9 fut d\u00e9saffect\u00e9 en 1946 et sa d\u00e9molition d\u00e9buta au mois de novembre de cette m\u00eame ann\u00e9e, pour se terminer en avril 1948. Le bois fut r\u00e9cup\u00e9r\u00e9 par des gens du coin.\u00a0La d\u00e9molition des piliers et des cul\u00e9es fut donn\u00e9e \u00e0 contrat \u00e0 monsieur Edmour Savard.\u00a0De nos jours, il ne subsiste aucune trace du pont Tach\u00e9.<\/span><\/p>\n<p>Pour beaucoup plus d&rsquo;information sur le pont Tach\u00e9, consultez\u00a0<span style=\"color: #0000ff;\"><a title=\"http:\/\/www.pontscouverts.com\/Pontscouverts2\/Pontages_3_files\/Vol3_no3.pdf\" href=\"http:\/\/www.pontscouverts.com\/Pontscouverts2\/Pontages_3_files\/Vol3_no3.pdf\"><span style=\"color: #0000ff;\">Le Pont\u2019\u00c2ge, vol. III, no 3 (printemps 1984)<\/span><\/a><\/span>\u00a0o\u00f9 j&rsquo;ai puis\u00e9 tous les renseignements utilis\u00e9s pour ce billet.<\/p>\n<p style=\"text-align: justify;\"><span style=\"color: #000000;\">Ce blogue ayant mis pr\u00e8s de 4h de pr\u00e9paration, un nouveau billet sera publi\u00e9 mardi afin de m&rsquo;accorder une petite pause bien m\u00e9rit\u00e9e. Un scoop sera anonc\u00e9 sur le blogue d\u00e8s mardi&#8230;<\/span><\/p>\n<h2 style=\"text-align: center;\"><span style=\"color: #ff0000;\">BONNE FIN DE SEMAINE<\/span><\/h2>\n<div id=\"attachment_9472\" style=\"width: 600px\" class=\"wp-caption aligncenter\"><a href=\"http:\/\/pontscouverts.com\/blogue\/wp-content\/uploads\/2014\/03\/maquette.jpg\"><img aria-describedby=\"caption-attachment-9472\" loading=\"lazy\" class=\"size-large wp-image-9472\" src=\"http:\/\/pontscouverts.com\/blogue\/wp-content\/uploads\/2014\/03\/maquette.jpg\" alt=\"maquette\" width=\"590\" height=\"459\" srcset=\"https:\/\/pontscouverts.com\/blogue\/wp-content\/uploads\/2014\/03\/maquette.jpg 632w, https:\/\/pontscouverts.com\/blogue\/wp-content\/uploads\/2014\/03\/maquette-300x233.jpg 300w\" sizes=\"(max-width: 590px) 100vw, 590px\" \/><\/a><p id=\"caption-attachment-9472\" class=\"wp-caption-text\">Collection : G\u00e9rald Arbour<\/p><\/div>\n<p style=\"text-align: justify;\"><span style=\"color: #000000;\">Comme bonus, voici un artisan qui pose fi\u00e8rement avec \u00ab\u00a0sa\u00a0\u00bb maquette du pont Tach\u00e9. Je joins \u00e9galement 2 articles li\u00e9s au sujet du jour, soit un qui parle de la maquette en question et un autre qui annonce la r\u00e9ouverture du pont apr\u00e8s le d\u00e9luge de 1928.<\/span><\/p>\n<div id=\"attachment_9470\" style=\"width: 672px\" class=\"wp-caption aligncenter\"><a href=\"http:\/\/pontscouverts.com\/blogue\/wp-content\/uploads\/2014\/03\/0-61-34-03-04-journal.jpg\"><img aria-describedby=\"caption-attachment-9470\" loading=\"lazy\" class=\" wp-image-9470 \" src=\"http:\/\/pontscouverts.com\/blogue\/wp-content\/uploads\/2014\/03\/0-61-34-03-04-journal-1024x540.jpg\" alt=\"0 61-34-03 &amp; 04 journal\" width=\"662\" height=\"349\" srcset=\"https:\/\/pontscouverts.com\/blogue\/wp-content\/uploads\/2014\/03\/0-61-34-03-04-journal-1024x540.jpg 1024w, https:\/\/pontscouverts.com\/blogue\/wp-content\/uploads\/2014\/03\/0-61-34-03-04-journal-300x158.jpg 300w\" sizes=\"(max-width: 662px) 100vw, 662px\" \/><\/a><p id=\"caption-attachment-9470\" class=\"wp-caption-text\">Collection : G\u00e9rald Arbour<\/p><\/div>\n<p>&nbsp;<\/p>\n<div id=\"attachment_9471\" style=\"width: 499px\" class=\"wp-caption aligncenter\"><a href=\"http:\/\/pontscouverts.com\/blogue\/wp-content\/uploads\/2014\/03\/0-61-34-03-04-le-colon-novembre-1928.jpg\"><img aria-describedby=\"caption-attachment-9471\" loading=\"lazy\" class=\"size-full wp-image-9471\" src=\"http:\/\/pontscouverts.com\/blogue\/wp-content\/uploads\/2014\/03\/0-61-34-03-04-le-colon-novembre-1928.jpg\" alt=\"0 61-34-03 &amp; 04 le colon novembre 1928\" width=\"489\" height=\"1003\" srcset=\"https:\/\/pontscouverts.com\/blogue\/wp-content\/uploads\/2014\/03\/0-61-34-03-04-le-colon-novembre-1928.jpg 489w, https:\/\/pontscouverts.com\/blogue\/wp-content\/uploads\/2014\/03\/0-61-34-03-04-le-colon-novembre-1928-146x300.jpg 146w\" sizes=\"(max-width: 489px) 100vw, 489px\" \/><\/a><p id=\"caption-attachment-9471\" class=\"wp-caption-text\">Source : Le Colon, novembre 1928. Coll : G\u00e9rald Arbour<\/p><\/div>\n<p><span style=\"color: #ffffff;\">.<\/span><\/p>\n","protected":false},"excerpt":{"rendered":"<p>C\u00e9l\u00e9brons l&rsquo;arriv\u00e9e officielle du printemps avec un nouveau pont couvert dans la section des disparus. En fait, je devrais presque dire \u00ab\u00a0deux ponts couverts\u00a0\u00bb, puisque l&rsquo;impressionnant pont Tach\u00e9 de l&rsquo;Isle-Maligne (aujourd&rsquo;hui Alma) \u00e9tait constitu\u00e9 de ponts couverts jumel\u00e9s. Malgr\u00e9 ce fait, cette structure \u00e9tait surtout connue sous le nom de pont Tach\u00e9. Place \u00e0 une [&hellip;]<\/p>\n","protected":false},"author":1,"featured_media":0,"comment_status":"open","ping_status":"open","sticky":false,"template":"","format":"standard","meta":[],"categories":[1],"tags":[],"_links":{"self":[{"href":"https:\/\/pontscouverts.com\/blogue\/wp-json\/wp\/v2\/posts\/9453"}],"collection":[{"href":"https:\/\/pontscouverts.com\/blogue\/wp-json\/wp\/v2\/posts"}],"about":[{"href":"https:\/\/pontscouverts.com\/blogue\/wp-json\/wp\/v2\/types\/post"}],"author":[{"embeddable":true,"href":"https:\/\/pontscouverts.com\/blogue\/wp-json\/wp\/v2\/users\/1"}],"replies":[{"embeddable":true,"href":"https:\/\/pontscouverts.com\/blogue\/wp-json\/wp\/v2\/comments?post=9453"}],"version-history":[{"count":21,"href":"https:\/\/pontscouverts.com\/blogue\/wp-json\/wp\/v2\/posts\/9453\/revisions"}],"predecessor-version":[{"id":14171,"href":"https:\/\/pontscouverts.com\/blogue\/wp-json\/wp\/v2\/posts\/9453\/revisions\/14171"}],"wp:attachment":[{"href":"https:\/\/pontscouverts.com\/blogue\/wp-json\/wp\/v2\/media?parent=9453"}],"wp:term":[{"taxonomy":"category","embeddable":true,"href":"https:\/\/pontscouverts.com\/blogue\/wp-json\/wp\/v2\/categories?post=9453"},{"taxonomy":"post_tag","embeddable":true,"href":"https:\/\/pontscouverts.com\/blogue\/wp-json\/wp\/v2\/tags?post=9453"}],"curies":[{"name":"wp","href":"https:\/\/api.w.org\/{rel}","templated":true}]}}