{"id":896,"date":"2011-12-21T22:33:09","date_gmt":"2011-12-22T03:33:09","guid":{"rendered":"http:\/\/pontscouverts.com\/blogue\/?p=896"},"modified":"2012-12-16T10:48:33","modified_gmt":"2012-12-16T15:48:33","slug":"suite-et-fin-du-bilan-annuel-et-bonne-annee-2012","status":"publish","type":"post","link":"https:\/\/pontscouverts.com\/blogue\/2011\/12\/21\/suite-et-fin-du-bilan-annuel-et-bonne-annee-2012\/","title":{"rendered":"Suite et fin du bilan annuel et bonne ann\u00e9e 2012"},"content":{"rendered":"<p style=\"text-align: justify;\">L&rsquo;heure du dernier billet de l&rsquo;ann\u00e9e a d\u00e9j\u00e0 sonn\u00e9 et c&rsquo;est avec la deuxi\u00e8me partie du grand bilan 2011 que nous allons conclure cette ann\u00e9e bien charg\u00e9e pour nos ponts couverts. Je remercie encore les nombreux visiteurs du site et je vous rappelle qu&rsquo;il est possible en tout temps de visiter les archives du blogue qui remontent jusqu&rsquo;au d\u00e9but de 2008. Tous mes meilleurs voeux pour la nouvelle ann\u00e9e. Le blogue sera de retour le 9 janvier 2012.<\/p>\n<p style=\"text-align: justify;\"><!--more Lire la suite--><\/p>\n<div id=\"attachment_898\" style=\"width: 656px\" class=\"wp-caption aligncenter\"><a href=\"http:\/\/pontscouverts.com\/blogue\/wp-content\/uploads\/2011\/12\/juillet01danielthibault.jpg\"><img aria-describedby=\"caption-attachment-898\" loading=\"lazy\" class=\"size-full wp-image-898\" title=\"juillet01danielthibault\" src=\"http:\/\/pontscouverts.com\/blogue\/wp-content\/uploads\/2011\/12\/juillet01danielthibault.jpg\" alt=\"\" width=\"646\" height=\"429\" srcset=\"https:\/\/pontscouverts.com\/blogue\/wp-content\/uploads\/2011\/12\/juillet01danielthibault.jpg 646w, https:\/\/pontscouverts.com\/blogue\/wp-content\/uploads\/2011\/12\/juillet01danielthibault-300x199.jpg 300w\" sizes=\"(max-width: 646px) 100vw, 646px\" \/><\/a><p id=\"caption-attachment-898\" class=\"wp-caption-text\">Photo : Daniel Thibault<\/p><\/div>\n<p style=\"text-align: justify;\">En juillet, Daniel Thibault nous informait que le pont Rouge de Ste-Agathe-de-Lotbini\u00e8re avait \u00e9t\u00e9 endommag\u00e9 par un camion. Le pont \u00e9tait ferm\u00e9 mais les v\u00e9hicules semblaient passer quand m\u00eame. Depuis ce temps, le pont a heureusement \u00e9t\u00e9 r\u00e9par\u00e9.<\/p>\n<p>&nbsp;<\/p>\n<div id=\"attachment_899\" style=\"width: 650px\" class=\"wp-caption aligncenter\"><a href=\"http:\/\/pontscouverts.com\/blogue\/wp-content\/uploads\/2011\/12\/juillet02.jpg\"><img aria-describedby=\"caption-attachment-899\" loading=\"lazy\" class=\"size-full wp-image-899 \" title=\"OLYMPUS DIGITAL CAMERA\" src=\"http:\/\/pontscouverts.com\/blogue\/wp-content\/uploads\/2011\/12\/juillet02.jpg\" alt=\"\" width=\"640\" height=\"480\" srcset=\"https:\/\/pontscouverts.com\/blogue\/wp-content\/uploads\/2011\/12\/juillet02.jpg 800w, https:\/\/pontscouverts.com\/blogue\/wp-content\/uploads\/2011\/12\/juillet02-300x225.jpg 300w\" sizes=\"(max-width: 640px) 100vw, 640px\" \/><\/a><p id=\"caption-attachment-899\" class=\"wp-caption-text\">Photo : Pascal C.<\/p><\/div>\n<p style=\"text-align: justify;\">C&rsquo;est aussi en juillet qu&rsquo;on a eu droit \u00e0 un excellent article sign\u00e9 Manuel Mendo dans l&rsquo;<em>Actualit\u00e9 multim\u00e9dia<\/em>. Vous pouvez d&rsquo;ailleurs facilement relire cet article en <a href=\"http:\/\/www2.lactualite.com\/multimedia\/photoreportage\/les-ponts-couverts-du-quebec\/2011-06-08\/\" target=\"_blank\"><span style=\"color: #0000ff;\">cliquant ici<\/span><\/a>.<\/p>\n<p>&nbsp;<\/p>\n<div id=\"attachment_900\" style=\"width: 656px\" class=\"wp-caption aligncenter\"><a href=\"http:\/\/pontscouverts.com\/blogue\/wp-content\/uploads\/2011\/12\/aout01reallavigne.jpg\"><img aria-describedby=\"caption-attachment-900\" loading=\"lazy\" class=\"size-full wp-image-900\" title=\"aout01reallavigne\" src=\"http:\/\/pontscouverts.com\/blogue\/wp-content\/uploads\/2011\/12\/aout01reallavigne.jpg\" alt=\"\" width=\"646\" height=\"428\" srcset=\"https:\/\/pontscouverts.com\/blogue\/wp-content\/uploads\/2011\/12\/aout01reallavigne.jpg 646w, https:\/\/pontscouverts.com\/blogue\/wp-content\/uploads\/2011\/12\/aout01reallavigne-300x198.jpg 300w\" sizes=\"(max-width: 646px) 100vw, 646px\" \/><\/a><p id=\"caption-attachment-900\" class=\"wp-caption-text\">Photo : R\u00e9al Lavigne<\/p><\/div>\n<p style=\"text-align: justify;\">Le mois d&rsquo;ao\u00fbt a \u00e9t\u00e9 marqu\u00e9 par une terrible nouvelle : le pont Carrier, depuis longtemps la cible des vandales, a \u00e9t\u00e9 victime d&rsquo;un incendie douteux. Une page dans l&rsquo;histoire de Val-Senneville venait d&rsquo;\u00eatre tourn\u00e9e.<\/p>\n<p>&nbsp;<\/p>\n<div id=\"attachment_901\" style=\"width: 656px\" class=\"wp-caption aligncenter\"><a href=\"http:\/\/pontscouverts.com\/blogue\/wp-content\/uploads\/2011\/12\/aout02ericfoucart.jpg\"><img aria-describedby=\"caption-attachment-901\" loading=\"lazy\" class=\"size-full wp-image-901\" title=\"aout02ericfoucart\" src=\"http:\/\/pontscouverts.com\/blogue\/wp-content\/uploads\/2011\/12\/aout02ericfoucart.jpg\" alt=\"\" width=\"646\" height=\"430\" srcset=\"https:\/\/pontscouverts.com\/blogue\/wp-content\/uploads\/2011\/12\/aout02ericfoucart.jpg 646w, https:\/\/pontscouverts.com\/blogue\/wp-content\/uploads\/2011\/12\/aout02ericfoucart-300x199.jpg 300w\" sizes=\"(max-width: 646px) 100vw, 646px\" \/><\/a><p id=\"caption-attachment-901\" class=\"wp-caption-text\">Photo : \u00c9ric Foucart<\/p><\/div>\n<p style=\"text-align: justify;\">Les chasseurs qui patrouillent le secteur du pont du Canton Laas ont tent\u00e9 de prolonger la dur\u00e9e d&rsquo;utilisation du pont en retirant le dernier mur encore en place. Cette structure ressemble de plus en plus \u00e0 des ruines.<\/p>\n<p>&nbsp;<\/p>\n<div id=\"attachment_902\" style=\"width: 656px\" class=\"wp-caption aligncenter\"><a href=\"http:\/\/pontscouverts.com\/blogue\/wp-content\/uploads\/2011\/12\/aout03Hamlet-HeavyTimberWorkLtd.jpg\"><img aria-describedby=\"caption-attachment-902\" loading=\"lazy\" class=\"size-full wp-image-902\" title=\"aout03Hamlet HeavyTimberWorkLtd\" src=\"http:\/\/pontscouverts.com\/blogue\/wp-content\/uploads\/2011\/12\/aout03Hamlet-HeavyTimberWorkLtd.jpg\" alt=\"\" width=\"646\" height=\"383\" srcset=\"https:\/\/pontscouverts.com\/blogue\/wp-content\/uploads\/2011\/12\/aout03Hamlet-HeavyTimberWorkLtd.jpg 646w, https:\/\/pontscouverts.com\/blogue\/wp-content\/uploads\/2011\/12\/aout03Hamlet-HeavyTimberWorkLtd-300x177.jpg 300w\" sizes=\"(max-width: 646px) 100vw, 646px\" \/><\/a><p id=\"caption-attachment-902\" class=\"wp-caption-text\">Photo : Hamlet Heavy Timber Work<\/p><\/div>\n<p style=\"text-align: justify;\">Toujours en ao\u00fbt, gr\u00e2ce au site Facebook de <em>Hamlet Heavy Timber Work<\/em>, nous avions droit \u00e0 des photos in\u00e9dites des travaux de reconstruction du pont d&rsquo;Eustis. Il semblerait qu&rsquo;\u00e0 peine 20% du bois original a \u00e9t\u00e9 r\u00e9cup\u00e9r\u00e9.<\/p>\n<p>&nbsp;<\/p>\n<div id=\"attachment_904\" style=\"width: 656px\" class=\"wp-caption aligncenter\"><a href=\"http:\/\/pontscouverts.com\/blogue\/wp-content\/uploads\/2011\/12\/septembre01carolproulx.jpg\"><img aria-describedby=\"caption-attachment-904\" loading=\"lazy\" class=\"size-full wp-image-904\" title=\"septembre01carolproulx\" src=\"http:\/\/pontscouverts.com\/blogue\/wp-content\/uploads\/2011\/12\/septembre01carolproulx.jpg\" alt=\"\" width=\"646\" height=\"431\" srcset=\"https:\/\/pontscouverts.com\/blogue\/wp-content\/uploads\/2011\/12\/septembre01carolproulx.jpg 646w, https:\/\/pontscouverts.com\/blogue\/wp-content\/uploads\/2011\/12\/septembre01carolproulx-300x200.jpg 300w\" sizes=\"(max-width: 646px) 100vw, 646px\" \/><\/a><p id=\"caption-attachment-904\" class=\"wp-caption-text\">Photo : Carol Proulx<\/p><\/div>\n<p style=\"text-align: justify;\">En septembre, gr\u00e2ce au passage de Carol Proulx \u00e0 Ste-Clothilde-de-Beauce, nous apprenions que le pont Bolduc \u00e9tait ferm\u00e9 \u00e0 la circulation. Cette structure n&rsquo;est toujours pas r\u00e9ouverte et nous esp\u00e9rons apprendre de bonnes nouvelles pour l&rsquo;ann\u00e9e 2012.<\/p>\n<p>&nbsp;<\/p>\n<div id=\"attachment_905\" style=\"width: 656px\" class=\"wp-caption aligncenter\"><a href=\"http:\/\/pontscouverts.com\/blogue\/wp-content\/uploads\/2011\/12\/septembre02.jpg\"><img aria-describedby=\"caption-attachment-905\" loading=\"lazy\" class=\"size-full wp-image-905\" title=\"septembre02\" src=\"http:\/\/pontscouverts.com\/blogue\/wp-content\/uploads\/2011\/12\/septembre02.jpg\" alt=\"\" width=\"646\" height=\"485\" srcset=\"https:\/\/pontscouverts.com\/blogue\/wp-content\/uploads\/2011\/12\/septembre02.jpg 646w, https:\/\/pontscouverts.com\/blogue\/wp-content\/uploads\/2011\/12\/septembre02-300x225.jpg 300w\" sizes=\"(max-width: 646px) 100vw, 646px\" \/><\/a><p id=\"caption-attachment-905\" class=\"wp-caption-text\">Photo : Pascal C.<\/p><\/div>\n<p style=\"text-align: justify;\">Le lundi 26 septembre, le pont Perrault de Warwick a eu droit \u00e0 une inauguration officielle en pr\u00e9sence de nombreux dignitaires. D&rsquo;autres projets de mise en valeur sont pr\u00e9vus sur le site en 2012.<\/p>\n<p>&nbsp;<\/p>\n<div id=\"attachment_906\" style=\"width: 656px\" class=\"wp-caption aligncenter\"><a href=\"http:\/\/pontscouverts.com\/blogue\/wp-content\/uploads\/2011\/12\/septembre03.jpg\"><img aria-describedby=\"caption-attachment-906\" loading=\"lazy\" class=\"size-full wp-image-906\" title=\"septembre03\" src=\"http:\/\/pontscouverts.com\/blogue\/wp-content\/uploads\/2011\/12\/septembre03.jpg\" alt=\"\" width=\"646\" height=\"485\" srcset=\"https:\/\/pontscouverts.com\/blogue\/wp-content\/uploads\/2011\/12\/septembre03.jpg 646w, https:\/\/pontscouverts.com\/blogue\/wp-content\/uploads\/2011\/12\/septembre03-300x225.jpg 300w\" sizes=\"(max-width: 646px) 100vw, 646px\" \/><\/a><p id=\"caption-attachment-906\" class=\"wp-caption-text\">Photo : Pascal C.<\/p><\/div>\n<p style=\"text-align: justify;\">On apprenait en ao\u00fbt \u00e9galement que des travaux \u00e9valu\u00e9s \u00e0 50 000$ auraient bient\u00f4t lieu sur les cul\u00e9es du pont de la Fronti\u00e8re. La municipalit\u00e9 de Mansonville est bien fi\u00e8re de son pont couvert et de sa grange ronde.<\/p>\n<p>&nbsp;<\/p>\n<div id=\"attachment_907\" style=\"width: 656px\" class=\"wp-caption aligncenter\"><a href=\"http:\/\/pontscouverts.com\/blogue\/wp-content\/uploads\/2011\/12\/septembre04.jpg\"><img aria-describedby=\"caption-attachment-907\" loading=\"lazy\" class=\"size-full wp-image-907\" title=\"septembre04\" src=\"http:\/\/pontscouverts.com\/blogue\/wp-content\/uploads\/2011\/12\/septembre04.jpg\" alt=\"\" width=\"646\" height=\"485\" srcset=\"https:\/\/pontscouverts.com\/blogue\/wp-content\/uploads\/2011\/12\/septembre04.jpg 646w, https:\/\/pontscouverts.com\/blogue\/wp-content\/uploads\/2011\/12\/septembre04-300x225.jpg 300w\" sizes=\"(max-width: 646px) 100vw, 646px\" \/><\/a><p id=\"caption-attachment-907\" class=\"wp-caption-text\">Photo : Pascal C.<\/p><\/div>\n<p style=\"text-align: justify;\">On se souviendra aussi que ce mois-l\u00e0, le pont Freeport avait \u00e9t\u00e9 ferm\u00e9 pour quelques jours suite au passage de l&rsquo;ouragan Ir\u00e8ne qui avait endommag\u00e9 la route donnant acc\u00e8s au pont couvert.<\/p>\n<p>&nbsp;<\/p>\n<div id=\"attachment_909\" style=\"width: 656px\" class=\"wp-caption aligncenter\"><a href=\"http:\/\/pontscouverts.com\/blogue\/wp-content\/uploads\/2011\/12\/octobre01fabienpoirier.jpg\"><img aria-describedby=\"caption-attachment-909\" loading=\"lazy\" class=\"size-full wp-image-909\" title=\"octobre01fabienpoirier\" src=\"http:\/\/pontscouverts.com\/blogue\/wp-content\/uploads\/2011\/12\/octobre01fabienpoirier.jpg\" alt=\"\" width=\"646\" height=\"461\" srcset=\"https:\/\/pontscouverts.com\/blogue\/wp-content\/uploads\/2011\/12\/octobre01fabienpoirier.jpg 646w, https:\/\/pontscouverts.com\/blogue\/wp-content\/uploads\/2011\/12\/octobre01fabienpoirier-300x214.jpg 300w\" sizes=\"(max-width: 646px) 100vw, 646px\" \/><\/a><p id=\"caption-attachment-909\" class=\"wp-caption-text\">Photo : Fabien Poirier<\/p><\/div>\n<p style=\"text-align: justify;\">C&rsquo;est finalement en octobre qu&rsquo;on a am\u00e9nag\u00e9 un superbe stationnement de 6 places sur le site du pont de Des rivi\u00e8res, une excellente initiative d&rsquo;<em>H\u00e9ritage Stanbridgeois<\/em>.<\/p>\n<p>&nbsp;<\/p>\n<div id=\"attachment_910\" style=\"width: 656px\" class=\"wp-caption aligncenter\"><a href=\"http:\/\/pontscouverts.com\/blogue\/wp-content\/uploads\/2011\/12\/octobre02monique.jpg\"><img aria-describedby=\"caption-attachment-910\" loading=\"lazy\" class=\"size-full wp-image-910\" title=\"octobre02monique\" src=\"http:\/\/pontscouverts.com\/blogue\/wp-content\/uploads\/2011\/12\/octobre02monique.jpg\" alt=\"\" width=\"646\" height=\"431\" srcset=\"https:\/\/pontscouverts.com\/blogue\/wp-content\/uploads\/2011\/12\/octobre02monique.jpg 646w, https:\/\/pontscouverts.com\/blogue\/wp-content\/uploads\/2011\/12\/octobre02monique-300x200.jpg 300w\" sizes=\"(max-width: 646px) 100vw, 646px\" \/><\/a><p id=\"caption-attachment-910\" class=\"wp-caption-text\">Photo : Monique Bellemare<\/p><\/div>\n<p style=\"text-align: justify;\">Une grande f\u00eate s&rsquo;est d\u00e9roul\u00e9e en octobre \u00e0 Hinchinbrooke pour c\u00e9l\u00e9brer les 150 ans du pont de Powerscourt. Plusieurs personnes s&rsquo;\u00e9taient d\u00e9plac\u00e9es pour assister aux nombreuses activit\u00e9s pr\u00e9vues lors de cette journ\u00e9e.<\/p>\n<p>&nbsp;<\/p>\n<div id=\"attachment_911\" style=\"width: 656px\" class=\"wp-caption aligncenter\"><a href=\"http:\/\/pontscouverts.com\/blogue\/wp-content\/uploads\/2011\/12\/octobre03frederickeprovencher.jpg\"><img aria-describedby=\"caption-attachment-911\" loading=\"lazy\" class=\"size-full wp-image-911\" title=\"octobre03frederickeprovencher\" src=\"http:\/\/pontscouverts.com\/blogue\/wp-content\/uploads\/2011\/12\/octobre03frederickeprovencher.jpg\" alt=\"\" width=\"646\" height=\"485\" srcset=\"https:\/\/pontscouverts.com\/blogue\/wp-content\/uploads\/2011\/12\/octobre03frederickeprovencher.jpg 646w, https:\/\/pontscouverts.com\/blogue\/wp-content\/uploads\/2011\/12\/octobre03frederickeprovencher-300x225.jpg 300w\" sizes=\"(max-width: 646px) 100vw, 646px\" \/><\/a><p id=\"caption-attachment-911\" class=\"wp-caption-text\">Photo : Fr\u00e9d\u00e9ricke Provencher<\/p><\/div>\n<p style=\"text-align: justify;\">La premi\u00e8re \u00e9dition de <em>Son et brioches<\/em> s&rsquo;est d\u00e9roul\u00e9e avec succ\u00e8s en septembre au pont du Coll\u00e8ge, et cet \u00e9v\u00e9nement sera de retour en 2012.<\/p>\n<p>&nbsp;<\/p>\n<div id=\"attachment_912\" style=\"width: 656px\" class=\"wp-caption aligncenter\"><a href=\"http:\/\/pontscouverts.com\/blogue\/wp-content\/uploads\/2011\/12\/novembre01arbour.jpg\"><img aria-describedby=\"caption-attachment-912\" loading=\"lazy\" class=\"size-full wp-image-912\" title=\"novembre01arbour\" src=\"http:\/\/pontscouverts.com\/blogue\/wp-content\/uploads\/2011\/12\/novembre01arbour.jpg\" alt=\"\" width=\"646\" height=\"485\" srcset=\"https:\/\/pontscouverts.com\/blogue\/wp-content\/uploads\/2011\/12\/novembre01arbour.jpg 646w, https:\/\/pontscouverts.com\/blogue\/wp-content\/uploads\/2011\/12\/novembre01arbour-300x225.jpg 300w\" sizes=\"(max-width: 646px) 100vw, 646px\" \/><\/a><p id=\"caption-attachment-912\" class=\"wp-caption-text\">Photo : G\u00e9rald Arbour<\/p><\/div>\n<p style=\"text-align: justify;\">En novembre, on a appris officiellement que le pont Gareau s&rsquo;\u00e9tait \u00e9croul\u00e9 dans la rivi\u00e8re du Li\u00e8vre. Aux derni\u00e8res nouvelles, il y est toujours. Une triste fin pour le dernier pont couvert \u00e0 vocation industrielle.<\/p>\n<p>&nbsp;<\/p>\n<div id=\"attachment_913\" style=\"width: 656px\" class=\"wp-caption aligncenter\"><a href=\"http:\/\/pontscouverts.com\/blogue\/wp-content\/uploads\/2011\/12\/novembre02painchaud.jpg\"><img aria-describedby=\"caption-attachment-913\" loading=\"lazy\" class=\"size-full wp-image-913\" title=\"novembre02painchaud\" src=\"http:\/\/pontscouverts.com\/blogue\/wp-content\/uploads\/2011\/12\/novembre02painchaud.jpg\" alt=\"\" width=\"646\" height=\"485\" srcset=\"https:\/\/pontscouverts.com\/blogue\/wp-content\/uploads\/2011\/12\/novembre02painchaud.jpg 646w, https:\/\/pontscouverts.com\/blogue\/wp-content\/uploads\/2011\/12\/novembre02painchaud-300x225.jpg 300w\" sizes=\"(max-width: 646px) 100vw, 646px\" \/><\/a><p id=\"caption-attachment-913\" class=\"wp-caption-text\">Photo : Pascal C.<\/p><\/div>\n<p style=\"text-align: justify;\">Le Pont Painchaud s&rsquo;est class\u00e9 parmi les 10 finalistes pour obtenir une bourse de 30 000$ dans le cadre d&rsquo;un concours organis\u00e9 par la cha\u00eene Historia. Le pont a termin\u00e9 en 2e position apr\u00e8s une chaude lutte de pr\u00e8s d&rsquo;un mois.<\/p>\n<p>&nbsp;<\/p>\n<div id=\"attachment_914\" style=\"width: 650px\" class=\"wp-caption aligncenter\"><a href=\"http:\/\/pontscouverts.com\/blogue\/wp-content\/uploads\/2011\/12\/novembre03.jpg\"><img aria-describedby=\"caption-attachment-914\" loading=\"lazy\" class=\"size-full wp-image-914 \" title=\"OLYMPUS DIGITAL CAMERA\" src=\"http:\/\/pontscouverts.com\/blogue\/wp-content\/uploads\/2011\/12\/novembre03.jpg\" alt=\"\" width=\"640\" height=\"480\" srcset=\"https:\/\/pontscouverts.com\/blogue\/wp-content\/uploads\/2011\/12\/novembre03.jpg 800w, https:\/\/pontscouverts.com\/blogue\/wp-content\/uploads\/2011\/12\/novembre03-300x225.jpg 300w\" sizes=\"(max-width: 640px) 100vw, 640px\" \/><\/a><p id=\"caption-attachment-914\" class=\"wp-caption-text\">Photo : Pascal C.<\/p><\/div>\n<p style=\"text-align: justify;\">Les travaux au pont d&rsquo;Eustis sont termin\u00e9s depuis novembre, mais le pont restera ferm\u00e9 cet hiver pour des raisons de s\u00e9curit\u00e9, ce qui ne fait pas l&rsquo;affaire des citoyens du coin qui sont aussi touch\u00e9s par la fermeture du pont de Capelton.<\/p>\n<p>&nbsp;<\/p>\n<div id=\"attachment_915\" style=\"width: 610px\" class=\"wp-caption aligncenter\"><a href=\"http:\/\/pontscouverts.com\/blogue\/wp-content\/uploads\/2011\/12\/decembre01.jpg\"><img aria-describedby=\"caption-attachment-915\" loading=\"lazy\" class=\"size-full wp-image-915 \" title=\"OLYMPUS DIGITAL CAMERA\" src=\"http:\/\/pontscouverts.com\/blogue\/wp-content\/uploads\/2011\/12\/decembre01.jpg\" alt=\"\" width=\"600\" height=\"337\" srcset=\"https:\/\/pontscouverts.com\/blogue\/wp-content\/uploads\/2011\/12\/decembre01.jpg 1000w, https:\/\/pontscouverts.com\/blogue\/wp-content\/uploads\/2011\/12\/decembre01-300x168.jpg 300w\" sizes=\"(max-width: 600px) 100vw, 600px\" \/><\/a><p id=\"caption-attachment-915\" class=\"wp-caption-text\">Photo : Pascal C.<\/p><\/div>\n<p style=\"text-align: justify;\">En d\u00e9cembre, on a appris que la vitesse dans le pont \u00c9mery-Sicard passerait \u00e0 50 km, ce qui est une excellente mesure de s\u00e9curit\u00e9.<\/p>\n<p style=\"text-align: justify;\">&nbsp;<\/p>\n<h1 style=\"text-align: center;\"><span style=\"color: #ff0000;\">JOYEUX NO\u00cbL ET BONNE ANN\u00c9E 2012<\/span><\/h1>\n<p style=\"text-align: center;\"><span style=\"color: #ff0000;\">De retour le 9 janvier 2012&#8230;<\/span><\/p>\n<p style=\"text-align: center;\"><span style=\"color: #ff0000;\"><br \/>\n<\/span><\/p>\n","protected":false},"excerpt":{"rendered":"<p>L&rsquo;heure du dernier billet de l&rsquo;ann\u00e9e a d\u00e9j\u00e0 sonn\u00e9 et c&rsquo;est avec la deuxi\u00e8me partie du grand bilan 2011 que nous allons conclure cette ann\u00e9e bien charg\u00e9e pour nos ponts couverts. Je remercie encore les nombreux visiteurs du site et je vous rappelle qu&rsquo;il est possible en tout temps de visiter les archives du blogue [&hellip;]<\/p>\n","protected":false},"author":1,"featured_media":0,"comment_status":"open","ping_status":"open","sticky":false,"template":"","format":"standard","meta":[],"categories":[3],"tags":[],"_links":{"self":[{"href":"https:\/\/pontscouverts.com\/blogue\/wp-json\/wp\/v2\/posts\/896"}],"collection":[{"href":"https:\/\/pontscouverts.com\/blogue\/wp-json\/wp\/v2\/posts"}],"about":[{"href":"https:\/\/pontscouverts.com\/blogue\/wp-json\/wp\/v2\/types\/post"}],"author":[{"embeddable":true,"href":"https:\/\/pontscouverts.com\/blogue\/wp-json\/wp\/v2\/users\/1"}],"replies":[{"embeddable":true,"href":"https:\/\/pontscouverts.com\/blogue\/wp-json\/wp\/v2\/comments?post=896"}],"version-history":[{"count":24,"href":"https:\/\/pontscouverts.com\/blogue\/wp-json\/wp\/v2\/posts\/896\/revisions"}],"predecessor-version":[{"id":941,"href":"https:\/\/pontscouverts.com\/blogue\/wp-json\/wp\/v2\/posts\/896\/revisions\/941"}],"wp:attachment":[{"href":"https:\/\/pontscouverts.com\/blogue\/wp-json\/wp\/v2\/media?parent=896"}],"wp:term":[{"taxonomy":"category","embeddable":true,"href":"https:\/\/pontscouverts.com\/blogue\/wp-json\/wp\/v2\/categories?post=896"},{"taxonomy":"post_tag","embeddable":true,"href":"https:\/\/pontscouverts.com\/blogue\/wp-json\/wp\/v2\/tags?post=896"}],"curies":[{"name":"wp","href":"https:\/\/api.w.org\/{rel}","templated":true}]}}