{"id":8568,"date":"2013-12-16T23:00:42","date_gmt":"2013-12-17T04:00:42","guid":{"rendered":"http:\/\/pontscouverts.com\/blogue\/?p=8568"},"modified":"2013-12-21T09:35:57","modified_gmt":"2013-12-21T14:35:57","slug":"le-pont-rang-des-fonds-de-st-victor-en-beauce","status":"publish","type":"post","link":"https:\/\/pontscouverts.com\/blogue\/2013\/12\/16\/le-pont-rang-des-fonds-de-st-victor-en-beauce\/","title":{"rendered":"Le pont Blanc de St-Victor en Beauce"},"content":{"rendered":"<div id=\"attachment_8569\" style=\"width: 659px\" class=\"wp-caption aligncenter\"><a href=\"http:\/\/pontscouverts.com\/blogue\/wp-content\/uploads\/2013\/12\/61-06-07-1964.jpg\"><img aria-describedby=\"caption-attachment-8569\" loading=\"lazy\" class=\" wp-image-8569\" alt=\"61-06-07 (1964)\" src=\"http:\/\/pontscouverts.com\/blogue\/wp-content\/uploads\/2013\/12\/61-06-07-1964-1024x680.jpg\" width=\"649\" height=\"430\" srcset=\"https:\/\/pontscouverts.com\/blogue\/wp-content\/uploads\/2013\/12\/61-06-07-1964-1024x680.jpg 1024w, https:\/\/pontscouverts.com\/blogue\/wp-content\/uploads\/2013\/12\/61-06-07-1964-300x199.jpg 300w\" sizes=\"(max-width: 649px) 100vw, 649px\" \/><\/a><p id=\"caption-attachment-8569\" class=\"wp-caption-text\">Collection : Pascal Conner<\/p><\/div>\n<p style=\"text-align: justify;\"><span style=\"color: #000000;\">Il y avait un bon moment que je n&rsquo;avais pas ajout\u00e9 un pont couvert dans la section des disparus. Le choix d&rsquo;aujourd&rsquo;hui est une suggestion d&rsquo;un nouveau lecteur du blogue \u00e0 qui ce pont rappelle de bons souvenirs puisqu&rsquo;il est originaire de St-Victor, en Beauce. Sans plus tarder, je vous invite \u00e0 d\u00e9couvrir le <span style=\"color: #0000ff;\"><a href=\"http:\/\/www.pontscouverts.com\/Pontscouverts2\/Rangdesfonds.html\"><span style=\"color: #0000ff;\">pont\u00a0<span style=\"color: #0000ff;\"><span style=\"color: #0000ff;\">Blanc<\/span><\/span><\/span><\/a><\/span>, une structure qui a eu une triste fin&#8230;<\/span><\/p>\n<p><!--more Lire la suite--><\/p>\n<p><span style=\"color: #ffffff;\">\u00a0.<\/span><\/p>\n<p style=\"text-align: justify;\"><span style=\"color: #000000;\">La photo en introduction date de 1964 et provient d&rsquo;un lot que j&rsquo;avais achet\u00e9 sur Ebay il y a quelques ann\u00e9es. Sur ce clich\u00e9, on remarque le support pour les \u00a0fils \u00e9lectriques.<\/span><\/p>\n<p><span style=\"color: #ffffff;\">.<\/span><\/p>\n<div id=\"attachment_8570\" style=\"width: 600px\" class=\"wp-caption aligncenter\"><a href=\"http:\/\/pontscouverts.com\/blogue\/wp-content\/uploads\/2013\/12\/carte.jpg\"><img aria-describedby=\"caption-attachment-8570\" loading=\"lazy\" class=\"size-large wp-image-8570\" alt=\"carte\" src=\"http:\/\/pontscouverts.com\/blogue\/wp-content\/uploads\/2013\/12\/carte.jpg\" width=\"590\" height=\"419\" srcset=\"https:\/\/pontscouverts.com\/blogue\/wp-content\/uploads\/2013\/12\/carte.jpg 664w, https:\/\/pontscouverts.com\/blogue\/wp-content\/uploads\/2013\/12\/carte-300x213.jpg 300w\" sizes=\"(max-width: 590px) 100vw, 590px\" \/><\/a><p id=\"caption-attachment-8570\" class=\"wp-caption-text\">Source : Google Maps<\/p><\/div>\n<p style=\"text-align: justify;\"><span style=\"color: #000000;\">Le pont Blanc \u00e9tait situ\u00e9 sur le Rang des Fonds. Cette carte qui provient de Google montre bien l&rsquo;endroit o\u00f9 la rivi\u00e8re Le Bras traverse la Rang des Fonds. C&rsquo;est \u00e0 cet endroit que se trouvait le pont couvert.<\/span><\/p>\n<p style=\"text-align: justify;\"><span style=\"color: #ffffff;\">.<\/span><\/p>\n<div id=\"attachment_8600\" style=\"width: 648px\" class=\"wp-caption aligncenter\"><a href=\"http:\/\/pontscouverts.com\/blogue\/wp-content\/uploads\/2013\/12\/0-61-06-07-saint-victor-de-tring-Verna-Gatchell-coll.-G\u00e9rald-Arbour.jpg\"><img aria-describedby=\"caption-attachment-8600\" loading=\"lazy\" class=\" wp-image-8600 \" alt=\"0 61-06-07 saint-victor-de-tring Verna Gatchell coll. G\u00e9rald Arbour\" src=\"http:\/\/pontscouverts.com\/blogue\/wp-content\/uploads\/2013\/12\/0-61-06-07-saint-victor-de-tring-Verna-Gatchell-coll.-G\u00e9rald-Arbour.jpg\" width=\"638\" height=\"427\" srcset=\"https:\/\/pontscouverts.com\/blogue\/wp-content\/uploads\/2013\/12\/0-61-06-07-saint-victor-de-tring-Verna-Gatchell-coll.-G\u00e9rald-Arbour.jpg 996w, https:\/\/pontscouverts.com\/blogue\/wp-content\/uploads\/2013\/12\/0-61-06-07-saint-victor-de-tring-Verna-Gatchell-coll.-G\u00e9rald-Arbour-300x200.jpg 300w\" sizes=\"(max-width: 638px) 100vw, 638px\" \/><\/a><p id=\"caption-attachment-8600\" class=\"wp-caption-text\">Photo : Verna Gatchell Collection : G\u00e9rald Arbour<\/p><\/div>\n<p style=\"text-align: justify;\"><span style=\"color: #000000;\">Construit en 1916, le pont Blanc mesurait 153 pieds de long. Cette structure Town \u00e9labor\u00e9e situ\u00e9e \u00e0 St-Victor portait le num\u00e9ro officiel 61-06-07.<\/span><\/p>\n<p style=\"text-align: justify;\"><span style=\"color: #ffffff;\">.<\/span><\/p>\n<div id=\"attachment_8595\" style=\"width: 616px\" class=\"wp-caption aligncenter\"><a href=\"http:\/\/pontscouverts.com\/blogue\/wp-content\/uploads\/2013\/12\/qc-06-07_ga.jpg\"><img aria-describedby=\"caption-attachment-8595\" loading=\"lazy\" class=\" wp-image-8595   \" alt=\"qc-06-07_ga\" src=\"http:\/\/pontscouverts.com\/blogue\/wp-content\/uploads\/2013\/12\/qc-06-07_ga.jpg\" width=\"606\" height=\"415\" srcset=\"https:\/\/pontscouverts.com\/blogue\/wp-content\/uploads\/2013\/12\/qc-06-07_ga.jpg 673w, https:\/\/pontscouverts.com\/blogue\/wp-content\/uploads\/2013\/12\/qc-06-07_ga-300x205.jpg 300w\" sizes=\"(max-width: 606px) 100vw, 606px\" \/><\/a><p id=\"caption-attachment-8595\" class=\"wp-caption-text\">Source : L\u2019\u00c9claireur-Progr\u00e8s. Collection : G\u00e9rald Arbour<\/p><\/div>\n<p style=\"text-align: justify;\"><span style=\"color: #000000;\">Le pont Blanc s\u2019est malheureusement \u00e9croul\u00e9 en 1964 suite au passage d\u2019un camion trop lourd qui transportait un chargement de bois.<\/span><\/p>\n<p style=\"text-align: justify;\"><span style=\"color: #ffffff;\">.<\/span><\/p>\n<div id=\"attachment_8601\" style=\"width: 643px\" class=\"wp-caption aligncenter\"><a href=\"http:\/\/pontscouverts.com\/blogue\/wp-content\/uploads\/2013\/12\/61-06-07-saint-victor-de-tring-1964-Le-Soleil-copie-2.jpg\"><img aria-describedby=\"caption-attachment-8601\" loading=\"lazy\" class=\" wp-image-8601 \" alt=\"61-06-07 saint-victor-de-tring 1964 Le Soleil - copie 2\" src=\"http:\/\/pontscouverts.com\/blogue\/wp-content\/uploads\/2013\/12\/61-06-07-saint-victor-de-tring-1964-Le-Soleil-copie-2.jpg\" width=\"633\" height=\"442\" srcset=\"https:\/\/pontscouverts.com\/blogue\/wp-content\/uploads\/2013\/12\/61-06-07-saint-victor-de-tring-1964-Le-Soleil-copie-2.jpg 791w, https:\/\/pontscouverts.com\/blogue\/wp-content\/uploads\/2013\/12\/61-06-07-saint-victor-de-tring-1964-Le-Soleil-copie-2-300x209.jpg 300w\" sizes=\"(max-width: 633px) 100vw, 633px\" \/><\/a><p id=\"caption-attachment-8601\" class=\"wp-caption-text\">Source : Le Soleil. Collection : G\u00e9rald Arbour<\/p><\/div>\n<p style=\"text-align: justify;\"><span style=\"color: #000000;\"><span style=\"color: #000000;\">Il y avait 2 hommes \u00e0 bord du camion. Marcel\u00a0<\/span>Par\u00e9<span style=\"color: #000000;\">\u00a0et son fr\u00e8re (Luc ou G\u00e9rard selon la source consult\u00e9e) ont eu la frousse de leur vie. L&rsquo;accident s&rsquo;est produit un lundi du mois d&rsquo;ao\u00fbt 1964.<\/span><\/span><\/p>\n<p style=\"text-align: justify;\"><span style=\"color: #ffffff;\">.<\/span><\/p>\n","protected":false},"excerpt":{"rendered":"<p>Il y avait un bon moment que je n&rsquo;avais pas ajout\u00e9 un pont couvert dans la section des disparus. Le choix d&rsquo;aujourd&rsquo;hui est une suggestion d&rsquo;un nouveau lecteur du blogue \u00e0 qui ce pont rappelle de bons souvenirs puisqu&rsquo;il est originaire de St-Victor, en Beauce. Sans plus tarder, je vous invite \u00e0 d\u00e9couvrir le pont\u00a0Blanc, [&hellip;]<\/p>\n","protected":false},"author":1,"featured_media":0,"comment_status":"open","ping_status":"open","sticky":false,"template":"","format":"standard","meta":[],"categories":[1],"tags":[],"_links":{"self":[{"href":"https:\/\/pontscouverts.com\/blogue\/wp-json\/wp\/v2\/posts\/8568"}],"collection":[{"href":"https:\/\/pontscouverts.com\/blogue\/wp-json\/wp\/v2\/posts"}],"about":[{"href":"https:\/\/pontscouverts.com\/blogue\/wp-json\/wp\/v2\/types\/post"}],"author":[{"embeddable":true,"href":"https:\/\/pontscouverts.com\/blogue\/wp-json\/wp\/v2\/users\/1"}],"replies":[{"embeddable":true,"href":"https:\/\/pontscouverts.com\/blogue\/wp-json\/wp\/v2\/comments?post=8568"}],"version-history":[{"count":7,"href":"https:\/\/pontscouverts.com\/blogue\/wp-json\/wp\/v2\/posts\/8568\/revisions"}],"predecessor-version":[{"id":8638,"href":"https:\/\/pontscouverts.com\/blogue\/wp-json\/wp\/v2\/posts\/8568\/revisions\/8638"}],"wp:attachment":[{"href":"https:\/\/pontscouverts.com\/blogue\/wp-json\/wp\/v2\/media?parent=8568"}],"wp:term":[{"taxonomy":"category","embeddable":true,"href":"https:\/\/pontscouverts.com\/blogue\/wp-json\/wp\/v2\/categories?post=8568"},{"taxonomy":"post_tag","embeddable":true,"href":"https:\/\/pontscouverts.com\/blogue\/wp-json\/wp\/v2\/tags?post=8568"}],"curies":[{"name":"wp","href":"https:\/\/api.w.org\/{rel}","templated":true}]}}