{"id":8416,"date":"2013-12-03T23:00:06","date_gmt":"2013-12-04T04:00:06","guid":{"rendered":"http:\/\/pontscouverts.com\/blogue\/?p=8416"},"modified":"2013-12-03T23:12:46","modified_gmt":"2013-12-04T04:12:46","slug":"du-nouveau-au-pont-couvert-romain-caron","status":"publish","type":"post","link":"https:\/\/pontscouverts.com\/blogue\/2013\/12\/03\/du-nouveau-au-pont-couvert-romain-caron\/","title":{"rendered":"Du nouveau au pont couvert Romain-Caron"},"content":{"rendered":"<div id=\"attachment_8420\" style=\"width: 633px\" class=\"wp-caption aligncenter\"><a href=\"http:\/\/pontscouverts.com\/blogue\/wp-content\/uploads\/2013\/12\/00-61-71-03-4.jpg\"><img aria-describedby=\"caption-attachment-8420\" loading=\"lazy\" class=\" wp-image-8420  \" alt=\"00 61-71-03 4\" src=\"http:\/\/pontscouverts.com\/blogue\/wp-content\/uploads\/2013\/12\/00-61-71-03-4-1024x768.jpg\" width=\"623\" height=\"466\" srcset=\"https:\/\/pontscouverts.com\/blogue\/wp-content\/uploads\/2013\/12\/00-61-71-03-4-1024x768.jpg 1024w, https:\/\/pontscouverts.com\/blogue\/wp-content\/uploads\/2013\/12\/00-61-71-03-4-e1596715046342-150x113.jpg 150w, https:\/\/pontscouverts.com\/blogue\/wp-content\/uploads\/2013\/12\/00-61-71-03-4-300x225.jpg 300w, https:\/\/pontscouverts.com\/blogue\/wp-content\/uploads\/2013\/12\/00-61-71-03-4.jpg 1044w\" sizes=\"(max-width: 623px) 100vw, 623px\" \/><\/a><p id=\"caption-attachment-8420\" class=\"wp-caption-text\">Photo : G\u00e9rald Arbour<\/p><\/div>\n<p style=\"text-align: justify;\"><span style=\"color: #000000;\">Depuis qu&rsquo;il a \u00e9t\u00e9 restaur\u00e9 en 2010, on attendait avec impatience l&rsquo;am\u00e9nagement du site du <span style=\"color: #0000ff;\"><a href=\"http:\/\/www.pontscouverts.com\/Pontscouverts2\/Romain-Caron.html\"><span style=\"color: #0000ff;\">pont Romain-Caron<\/span><\/a><\/span>. Il semble que le projet de parc prend maintenant forme et qu&rsquo;il sera d\u00e9velopp\u00e9 au cours de l&rsquo;ann\u00e9e 2014&#8230;<\/span><\/p>\n<p><!--more Lire la suite--><\/p>\n<p><span style=\"color: #ffffff;\">.<\/span><\/p>\n<div id=\"attachment_8419\" style=\"width: 600px\" class=\"wp-caption aligncenter\"><a href=\"http:\/\/pontscouverts.com\/blogue\/wp-content\/uploads\/2013\/12\/00-61-71-03-3.jpg\"><img aria-describedby=\"caption-attachment-8419\" loading=\"lazy\" class=\"size-large wp-image-8419\" alt=\"00 61-71-03 3\" src=\"http:\/\/pontscouverts.com\/blogue\/wp-content\/uploads\/2013\/12\/00-61-71-03-3.jpg\" width=\"590\" height=\"786\" srcset=\"https:\/\/pontscouverts.com\/blogue\/wp-content\/uploads\/2013\/12\/00-61-71-03-3.jpg 759w, https:\/\/pontscouverts.com\/blogue\/wp-content\/uploads\/2013\/12\/00-61-71-03-3-225x300.jpg 225w\" sizes=\"(max-width: 590px) 100vw, 590px\" \/><\/a><p id=\"caption-attachment-8419\" class=\"wp-caption-text\">Photo : G\u00e9rald Arbour<\/p><\/div>\n<p style=\"text-align: justify;\"><span style=\"color: #000000;\">Le pont couvert est bien en \u00e9vidence sur le panneau qui accueille les visiteurs dans cette belle r\u00e9gion du T\u00e9miscouata. Le pont Romain-Caron est situ\u00e9 \u00e0 St-Jean-de-la-Lande, tout pr\u00e8s de la fronti\u00e8re du Nouveau-Brunswick.<\/span><\/p>\n<p><span style=\"color: #ffffff;\">.<\/span><\/p>\n<div id=\"attachment_8422\" style=\"width: 659px\" class=\"wp-caption aligncenter\"><a href=\"http:\/\/pontscouverts.com\/blogue\/wp-content\/uploads\/2013\/12\/00-61-71-03-6.jpg\"><img aria-describedby=\"caption-attachment-8422\" loading=\"lazy\" class=\" wp-image-8422\" alt=\"00 61-71-03 6\" src=\"http:\/\/pontscouverts.com\/blogue\/wp-content\/uploads\/2013\/12\/00-61-71-03-6-1024x768.jpg\" width=\"649\" height=\"486\" srcset=\"https:\/\/pontscouverts.com\/blogue\/wp-content\/uploads\/2013\/12\/00-61-71-03-6-1024x768.jpg 1024w, https:\/\/pontscouverts.com\/blogue\/wp-content\/uploads\/2013\/12\/00-61-71-03-6-e1596715069891-150x113.jpg 150w, https:\/\/pontscouverts.com\/blogue\/wp-content\/uploads\/2013\/12\/00-61-71-03-6-300x225.jpg 300w, https:\/\/pontscouverts.com\/blogue\/wp-content\/uploads\/2013\/12\/00-61-71-03-6.jpg 1436w\" sizes=\"(max-width: 649px) 100vw, 649px\" \/><\/a><p id=\"caption-attachment-8422\" class=\"wp-caption-text\">Photo : G\u00e9rald Arbour<\/p><\/div>\n<p style=\"text-align: justify;\"><span style=\"color: #000000;\">Il y avait un peu plus de neige dans cette r\u00e9gion vendredi dernier, journ\u00e9e o\u00f9 les photos ont \u00e9t\u00e9 r\u00e9alis\u00e9es par G\u00e9rald Arbour. Comme on le constate, le chemin est d\u00e9gag\u00e9 jusqu&rsquo;\u00e0 l&rsquo;entr\u00e9e du pont. Le portique de ce c\u00f4t\u00e9-ci est illumin\u00e9.<\/span><\/p>\n<p style=\"text-align: justify;\"><span style=\"color: #ffffff;\">.<\/span><\/p>\n<div id=\"attachment_8460\" style=\"width: 650px\" class=\"wp-caption aligncenter\"><a href=\"http:\/\/pontscouverts.com\/blogue\/wp-content\/uploads\/2013\/12\/00-61-71-03-saint-jean-de-la-lande-2013-G\u00e9rald-Arbour-N9.jpg\"><img aria-describedby=\"caption-attachment-8460\" loading=\"lazy\" class=\" wp-image-8460\" alt=\"00 61-71-03 saint-jean-de-la-lande 2013 G\u00e9rald Arbour N9\" src=\"http:\/\/pontscouverts.com\/blogue\/wp-content\/uploads\/2013\/12\/00-61-71-03-saint-jean-de-la-lande-2013-G\u00e9rald-Arbour-N9.jpg\" width=\"640\" height=\"480\" srcset=\"https:\/\/pontscouverts.com\/blogue\/wp-content\/uploads\/2013\/12\/00-61-71-03-saint-jean-de-la-lande-2013-G\u00e9rald-Arbour-N9.jpg 800w, https:\/\/pontscouverts.com\/blogue\/wp-content\/uploads\/2013\/12\/00-61-71-03-saint-jean-de-la-lande-2013-G\u00e9rald-Arbour-N9-300x225.jpg 300w\" sizes=\"(max-width: 640px) 100vw, 640px\" \/><\/a><p id=\"caption-attachment-8460\" class=\"wp-caption-text\">Photo : G\u00e9rald Arbour<\/p><\/div>\n<p style=\"text-align: justify;\"><span style=\"color: #000000;\">On ne voit pas bien \u00e0 cause de la neige, mais le site est en cours d&rsquo;am\u00e9nagement. Une sculpture et des panneaux sont d\u00e9j\u00e0 install\u00e9s et l&rsquo;op\u00e9ration devrait reprendre au printemps avec un am\u00e9nagement paysager plus \u00e9labor\u00e9.<\/span><\/p>\n<p><span style=\"color: #ffffff;\">.<\/span><\/p>\n<div id=\"attachment_8421\" style=\"width: 659px\" class=\"wp-caption aligncenter\"><a href=\"http:\/\/pontscouverts.com\/blogue\/wp-content\/uploads\/2013\/12\/00-61-71-03-5.jpg\"><img aria-describedby=\"caption-attachment-8421\" loading=\"lazy\" class=\" wp-image-8421\" alt=\"00 61-71-03 5\" src=\"http:\/\/pontscouverts.com\/blogue\/wp-content\/uploads\/2013\/12\/00-61-71-03-5-1024x768.jpg\" width=\"649\" height=\"486\" srcset=\"https:\/\/pontscouverts.com\/blogue\/wp-content\/uploads\/2013\/12\/00-61-71-03-5-1024x768.jpg 1024w, https:\/\/pontscouverts.com\/blogue\/wp-content\/uploads\/2013\/12\/00-61-71-03-5-e1596715057240-150x113.jpg 150w, https:\/\/pontscouverts.com\/blogue\/wp-content\/uploads\/2013\/12\/00-61-71-03-5-300x225.jpg 300w, https:\/\/pontscouverts.com\/blogue\/wp-content\/uploads\/2013\/12\/00-61-71-03-5.jpg 1404w\" sizes=\"(max-width: 649px) 100vw, 649px\" \/><\/a><p id=\"caption-attachment-8421\" class=\"wp-caption-text\">Photo : G\u00e9rald Arbour<\/p><\/div>\n<p style=\"text-align: justify;\"><span style=\"color: #000000;\">Entrons \u00e0 l&rsquo;int\u00e9rieur du pont qui est facilement accessible \u00e0 pied malgr\u00e9 la neige. Il lest possible de laisser la voiture \u00e0 une courte distance du pont couvert.\u00a0<\/span><\/p>\n<p><span style=\"color: #ffffff;\">.<\/span><\/p>\n<div id=\"attachment_8417\" style=\"width: 659px\" class=\"wp-caption aligncenter\"><a href=\"http:\/\/pontscouverts.com\/blogue\/wp-content\/uploads\/2013\/12\/00-61-71-03-1.jpg\"><img aria-describedby=\"caption-attachment-8417\" loading=\"lazy\" class=\" wp-image-8417\" alt=\"00 61-71-03 1\" src=\"http:\/\/pontscouverts.com\/blogue\/wp-content\/uploads\/2013\/12\/00-61-71-03-1-1024x768.jpg\" width=\"649\" height=\"486\" srcset=\"https:\/\/pontscouverts.com\/blogue\/wp-content\/uploads\/2013\/12\/00-61-71-03-1-1024x768.jpg 1024w, https:\/\/pontscouverts.com\/blogue\/wp-content\/uploads\/2013\/12\/00-61-71-03-1-e1596715126162-150x113.jpg 150w, https:\/\/pontscouverts.com\/blogue\/wp-content\/uploads\/2013\/12\/00-61-71-03-1-300x225.jpg 300w, https:\/\/pontscouverts.com\/blogue\/wp-content\/uploads\/2013\/12\/00-61-71-03-1.jpg 1044w\" sizes=\"(max-width: 649px) 100vw, 649px\" \/><\/a><p id=\"caption-attachment-8417\" class=\"wp-caption-text\">Photo : G\u00e9rald Arbour<\/p><\/div>\n<p style=\"text-align: justify;\"><span style=\"color: #000000;\">On retrouve maintenant une murale \u00e0 l&rsquo;int\u00e9rieur du pont Romain-Caron. Bizarrement, le texte est jaune sur fond \u00e9galement jaune, ce qui rend la lecture tr\u00e8s difficile.<\/span><\/p>\n<p><span style=\"color: #ffffff;\">.<\/span><\/p>\n<div id=\"attachment_8418\" style=\"width: 659px\" class=\"wp-caption aligncenter\"><a href=\"http:\/\/pontscouverts.com\/blogue\/wp-content\/uploads\/2013\/12\/00-61-71-03-2.jpg\"><img aria-describedby=\"caption-attachment-8418\" loading=\"lazy\" class=\" wp-image-8418\" alt=\"00 61-71-03 2\" src=\"http:\/\/pontscouverts.com\/blogue\/wp-content\/uploads\/2013\/12\/00-61-71-03-2-1024x768.jpg\" width=\"649\" height=\"486\" srcset=\"https:\/\/pontscouverts.com\/blogue\/wp-content\/uploads\/2013\/12\/00-61-71-03-2-1024x768.jpg 1024w, https:\/\/pontscouverts.com\/blogue\/wp-content\/uploads\/2013\/12\/00-61-71-03-2-e1596715113664-150x112.jpg 150w, https:\/\/pontscouverts.com\/blogue\/wp-content\/uploads\/2013\/12\/00-61-71-03-2-300x225.jpg 300w, https:\/\/pontscouverts.com\/blogue\/wp-content\/uploads\/2013\/12\/00-61-71-03-2.jpg 1077w\" sizes=\"(max-width: 649px) 100vw, 649px\" \/><\/a><p id=\"caption-attachment-8418\" class=\"wp-caption-text\">Photo : G\u00e9rald Arbour<\/p><\/div>\n<p style=\"text-align: justify;\"><span style=\"color: #000000;\">Cette plaque explique le contexte dans lequel la murale a \u00e9t\u00e9 r\u00e9alis\u00e9e. Rappelons que le pont Romain-Caron a \u00e9t\u00e9 construit en 1940 au-dessus de la rivi\u00e8re Baker. Il est ferm\u00e9 \u00e0 la circulation automobile depuis 1979.<\/span><\/p>\n<p><span style=\"color: #ffffff;\">.<\/span><\/p>\n<div id=\"attachment_8423\" style=\"width: 659px\" class=\"wp-caption aligncenter\"><a href=\"http:\/\/pontscouverts.com\/blogue\/wp-content\/uploads\/2013\/12\/00-61-71-03-7.jpg\"><img aria-describedby=\"caption-attachment-8423\" loading=\"lazy\" class=\" wp-image-8423\" alt=\"00 61-71-03 7\" src=\"http:\/\/pontscouverts.com\/blogue\/wp-content\/uploads\/2013\/12\/00-61-71-03-7-1024x768.jpg\" width=\"649\" height=\"486\" srcset=\"https:\/\/pontscouverts.com\/blogue\/wp-content\/uploads\/2013\/12\/00-61-71-03-7-1024x768.jpg 1024w, https:\/\/pontscouverts.com\/blogue\/wp-content\/uploads\/2013\/12\/00-61-71-03-7-e1596715079583-150x113.jpg 150w, https:\/\/pontscouverts.com\/blogue\/wp-content\/uploads\/2013\/12\/00-61-71-03-7-300x225.jpg 300w, https:\/\/pontscouverts.com\/blogue\/wp-content\/uploads\/2013\/12\/00-61-71-03-7.jpg 1404w\" sizes=\"(max-width: 649px) 100vw, 649px\" \/><\/a><p id=\"caption-attachment-8423\" class=\"wp-caption-text\">Photo : G\u00e9rald Arbour<\/p><\/div>\n<p style=\"text-align: justify;\"><span style=\"color: #000000;\">Le pilier de gauche sera \u00e0 surveiller. Il semble de plus en plus instable. La saison 2014 r\u00e9serve sans doute de belles surprises au pont Romain-Caron. C&rsquo;est un attrait touristique important dans la r\u00e9gion.<\/span><\/p>\n<p><span style=\"color: #ffffff;\">.<\/span><\/p>\n<p style=\"text-align: center;\">\n","protected":false},"excerpt":{"rendered":"<p>Depuis qu&rsquo;il a \u00e9t\u00e9 restaur\u00e9 en 2010, on attendait avec impatience l&rsquo;am\u00e9nagement du site du pont Romain-Caron. Il semble que le projet de parc prend maintenant forme et qu&rsquo;il sera d\u00e9velopp\u00e9 au cours de l&rsquo;ann\u00e9e 2014&#8230;<\/p>\n","protected":false},"author":1,"featured_media":0,"comment_status":"open","ping_status":"open","sticky":false,"template":"","format":"standard","meta":[],"categories":[3],"tags":[],"_links":{"self":[{"href":"https:\/\/pontscouverts.com\/blogue\/wp-json\/wp\/v2\/posts\/8416"}],"collection":[{"href":"https:\/\/pontscouverts.com\/blogue\/wp-json\/wp\/v2\/posts"}],"about":[{"href":"https:\/\/pontscouverts.com\/blogue\/wp-json\/wp\/v2\/types\/post"}],"author":[{"embeddable":true,"href":"https:\/\/pontscouverts.com\/blogue\/wp-json\/wp\/v2\/users\/1"}],"replies":[{"embeddable":true,"href":"https:\/\/pontscouverts.com\/blogue\/wp-json\/wp\/v2\/comments?post=8416"}],"version-history":[{"count":10,"href":"https:\/\/pontscouverts.com\/blogue\/wp-json\/wp\/v2\/posts\/8416\/revisions"}],"predecessor-version":[{"id":8462,"href":"https:\/\/pontscouverts.com\/blogue\/wp-json\/wp\/v2\/posts\/8416\/revisions\/8462"}],"wp:attachment":[{"href":"https:\/\/pontscouverts.com\/blogue\/wp-json\/wp\/v2\/media?parent=8416"}],"wp:term":[{"taxonomy":"category","embeddable":true,"href":"https:\/\/pontscouverts.com\/blogue\/wp-json\/wp\/v2\/categories?post=8416"},{"taxonomy":"post_tag","embeddable":true,"href":"https:\/\/pontscouverts.com\/blogue\/wp-json\/wp\/v2\/tags?post=8416"}],"curies":[{"name":"wp","href":"https:\/\/api.w.org\/{rel}","templated":true}]}}