{"id":841,"date":"2011-12-20T22:08:06","date_gmt":"2011-12-21T03:08:06","guid":{"rendered":"http:\/\/pontscouverts.com\/blogue\/?p=841"},"modified":"2011-12-20T22:34:16","modified_gmt":"2011-12-21T03:34:16","slug":"bilan-2011-partie-1-une-annee-tres-chargee-pour-nos-ponts","status":"publish","type":"post","link":"https:\/\/pontscouverts.com\/blogue\/2011\/12\/20\/bilan-2011-partie-1-une-annee-tres-chargee-pour-nos-ponts\/","title":{"rendered":"Bilan 2011, partie 1 : une ann\u00e9e tr\u00e8s charg\u00e9e pour nos ponts"},"content":{"rendered":"<p style=\"text-align: justify;\">L&rsquo;heure du bilan 2011 a sonn\u00e9 et comme vous pourrez le constater, l&rsquo;ann\u00e9e a \u00e9t\u00e9 fort charg\u00e9e. Il y avait tellement de mat\u00e9riel que j&rsquo;ai d\u00e9cid\u00e9 de diviser en 2 billets cette r\u00e9capitulation des moments forts de 2011 dans l&rsquo;univers des ponts couverts. Place \u00e0 la premi\u00e8re partie&#8230;<\/p>\n<div id=\"attachment_843\" style=\"width: 810px\" class=\"wp-caption aligncenter\"><a href=\"http:\/\/pontscouverts.com\/blogue\/wp-content\/uploads\/2011\/12\/janvier01_deziel.jpg\"><img aria-describedby=\"caption-attachment-843\" loading=\"lazy\" class=\"size-full wp-image-843 \" title=\"janvier01_deziel\" src=\"http:\/\/pontscouverts.com\/blogue\/wp-content\/uploads\/2011\/12\/janvier01_deziel.jpg\" alt=\"\" width=\"800\" height=\"533\" srcset=\"https:\/\/pontscouverts.com\/blogue\/wp-content\/uploads\/2011\/12\/janvier01_deziel.jpg 800w, https:\/\/pontscouverts.com\/blogue\/wp-content\/uploads\/2011\/12\/janvier01_deziel-300x199.jpg 300w\" sizes=\"(max-width: 800px) 100vw, 800px\" \/><\/a><p id=\"caption-attachment-843\" class=\"wp-caption-text\">Photo : Pierre D\u00e9ziel<\/p><\/div>\n<p><!--more Lire la suite--><\/p>\n<p>&nbsp;<\/p>\n<h1 style=\"text-align: center;\">JANVIER<\/h1>\n<p style=\"text-align: justify;\">Suite a une visite de Pierre D\u00e9ziel au pont Descormiers, on apprenait que la c\u00e9l\u00e8bre structure \u00e0 poin\u00e7on \u00e9tait dans une position critique. Le pont a r\u00e9ussi \u00e0 passer \u00e0 travers l&rsquo;ann\u00e9e 2011, mais un hiver difficile pourrait lui \u00eatre fatal.<\/p>\n<p style=\"text-align: justify;\">&nbsp;<\/p>\n<div class=\"mceTemp mceIEcenter\" style=\"text-align: center;\">\n<dl id=\"attachment_844\" class=\"wp-caption aligncenter\" style=\"width: 649px;\">\n<h1 class=\"wp-caption-dt\"><a href=\"http:\/\/pontscouverts.com\/blogue\/wp-content\/uploads\/2011\/12\/janvier02_arbour.jpg\"><img loading=\"lazy\" class=\"size-full wp-image-844 \" title=\"janvier02_arbour\" src=\"http:\/\/pontscouverts.com\/blogue\/wp-content\/uploads\/2011\/12\/janvier02_arbour.jpg\" alt=\"\" width=\"639\" height=\"480\" srcset=\"https:\/\/pontscouverts.com\/blogue\/wp-content\/uploads\/2011\/12\/janvier02_arbour.jpg 639w, https:\/\/pontscouverts.com\/blogue\/wp-content\/uploads\/2011\/12\/janvier02_arbour-300x225.jpg 300w\" sizes=\"(max-width: 639px) 100vw, 639px\" \/><\/a><\/h1>\n<dd class=\"wp-caption-dd\">Photo : G\u00e9rald Arbour<\/dd>\n<\/dl>\n<\/div>\n<p style=\"text-align: justify;\">En janvier, G\u00e9rald Arbour s&rsquo;\u00e9tait rendu en Abitibi et il nous rapportait la nouvelle que le pont Levasseur \u00e9tait maintenant saisonnier. Il s&rsquo;agit d&rsquo;une excellente fa\u00e7on de prot\u00e9ger ce pont couvert historique.<\/p>\n<p>&nbsp;<\/p>\n<h1 style=\"text-align: center;\">F\u00c9VRIER<\/h1>\n<div id=\"attachment_845\" style=\"width: 810px\" class=\"wp-caption aligncenter\"><a href=\"http:\/\/pontscouverts.com\/blogue\/wp-content\/uploads\/2011\/12\/fevrier01_deziel.jpg\"><img aria-describedby=\"caption-attachment-845\" loading=\"lazy\" class=\"size-full wp-image-845 \" title=\"fevrier01_deziel\" src=\"http:\/\/pontscouverts.com\/blogue\/wp-content\/uploads\/2011\/12\/fevrier01_deziel.jpg\" alt=\"\" width=\"800\" height=\"533\" srcset=\"https:\/\/pontscouverts.com\/blogue\/wp-content\/uploads\/2011\/12\/fevrier01_deziel.jpg 800w, https:\/\/pontscouverts.com\/blogue\/wp-content\/uploads\/2011\/12\/fevrier01_deziel-300x199.jpg 300w\" sizes=\"(max-width: 800px) 100vw, 800px\" \/><\/a><p id=\"caption-attachment-845\" class=\"wp-caption-text\">Photo : Pierre D\u00e9ziel<\/p><\/div>\n<p style=\"text-align: justify;\">C&rsquo;est en f\u00e9vrier dernier que la municipalit\u00e9 de Warwick a enfin officialis\u00e9 le nom de son pont couvert qui porte d\u00e9sormais le nom de pont Perrault. Ce m\u00eame mois, Pierre D\u00e9ziel se rendait sur place pour photographier la structure dont on avait annonc\u00e9 la restauration il y a plusieurs mois.<\/p>\n<p>&nbsp;<\/p>\n<h1 style=\"text-align: center;\">MARS<\/h1>\n<div id=\"attachment_846\" style=\"width: 654px\" class=\"wp-caption aligncenter\"><a href=\"http:\/\/pontscouverts.com\/blogue\/wp-content\/uploads\/2011\/12\/mars01_stevestpierre.jpg\"><img aria-describedby=\"caption-attachment-846\" loading=\"lazy\" class=\"size-full wp-image-846 \" title=\"mars01_stevestpierre\" src=\"http:\/\/pontscouverts.com\/blogue\/wp-content\/uploads\/2011\/12\/mars01_stevestpierre.jpg\" alt=\"\" width=\"644\" height=\"484\" srcset=\"https:\/\/pontscouverts.com\/blogue\/wp-content\/uploads\/2011\/12\/mars01_stevestpierre.jpg 644w, https:\/\/pontscouverts.com\/blogue\/wp-content\/uploads\/2011\/12\/mars01_stevestpierre-300x225.jpg 300w\" sizes=\"(max-width: 644px) 100vw, 644px\" \/><\/a><p id=\"caption-attachment-846\" class=\"wp-caption-text\">Photo : Steve St-Pierre<\/p><\/div>\n<p style=\"text-align: justify;\">En mars, nous avons droit aux premi\u00e8res photos du pont Carrier finalement restaur\u00e9 apr\u00e8s une longue attente. La peinture avait \u00e9t\u00e9 report\u00e9e \u00e0 cause de la temp\u00e9rature.<\/p>\n<p>&nbsp;<\/p>\n<div id=\"attachment_847\" style=\"width: 492px\" class=\"wp-caption aligncenter\"><a href=\"http:\/\/pontscouverts.com\/blogue\/wp-content\/uploads\/2011\/12\/mars02_martinguindon.jpg\"><img aria-describedby=\"caption-attachment-847\" loading=\"lazy\" class=\"size-full wp-image-847 \" title=\"mars02_martinguindon\" src=\"http:\/\/pontscouverts.com\/blogue\/wp-content\/uploads\/2011\/12\/mars02_martinguindon.jpg\" alt=\"\" width=\"482\" height=\"361\" srcset=\"https:\/\/pontscouverts.com\/blogue\/wp-content\/uploads\/2011\/12\/mars02_martinguindon.jpg 482w, https:\/\/pontscouverts.com\/blogue\/wp-content\/uploads\/2011\/12\/mars02_martinguindon-300x224.jpg 300w\" sizes=\"(max-width: 482px) 100vw, 482px\" \/><\/a><p id=\"caption-attachment-847\" class=\"wp-caption-text\">Photo : Martin Guindon<\/p><\/div>\n<p style=\"text-align: justify;\">Quelques r\u00e9sidents de Rochebaucourt avaient fait une sortie dans un journal abitibien afin que des travaux soient faits rapidement sur le pont de l&rsquo;Arche-de-No\u00e9. Leurs pri\u00e8res n&rsquo;ont toujours pas \u00e9t\u00e9 entendues \u00e0 ce jour et ce pont est encore ferm\u00e9.<\/p>\n<p>&nbsp;<\/p>\n<div id=\"attachment_848\" style=\"width: 656px\" class=\"wp-caption aligncenter\"><a href=\"http:\/\/pontscouverts.com\/blogue\/wp-content\/uploads\/2011\/12\/mars03_arbour.jpg\"><img aria-describedby=\"caption-attachment-848\" loading=\"lazy\" class=\"size-full wp-image-848 \" title=\"mars03_arbour\" src=\"http:\/\/pontscouverts.com\/blogue\/wp-content\/uploads\/2011\/12\/mars03_arbour.jpg\" alt=\"\" width=\"646\" height=\"485\" srcset=\"https:\/\/pontscouverts.com\/blogue\/wp-content\/uploads\/2011\/12\/mars03_arbour.jpg 646w, https:\/\/pontscouverts.com\/blogue\/wp-content\/uploads\/2011\/12\/mars03_arbour-300x225.jpg 300w\" sizes=\"(max-width: 646px) 100vw, 646px\" \/><\/a><p id=\"caption-attachment-848\" class=\"wp-caption-text\">Photo : G\u00e9rald Arbour<\/p><\/div>\n<p style=\"text-align: justify;\">Toujours en mars, G\u00e9rald Arbour surprenait un arpenteur dans les parages du pont Bolduc. Ce dernier lui apprenait qu&rsquo;un projet de contournement du pont \u00e9tait \u00e0 l&rsquo;\u00e9tude.<\/p>\n<p>&nbsp;<\/p>\n<div id=\"attachment_849\" style=\"width: 656px\" class=\"wp-caption aligncenter\"><a href=\"http:\/\/pontscouverts.com\/blogue\/wp-content\/uploads\/2011\/12\/mars04_arbour.jpg\"><img aria-describedby=\"caption-attachment-849\" loading=\"lazy\" class=\"size-full wp-image-849 \" title=\"mars04_arbour\" src=\"http:\/\/pontscouverts.com\/blogue\/wp-content\/uploads\/2011\/12\/mars04_arbour.jpg\" alt=\"\" width=\"646\" height=\"485\" srcset=\"https:\/\/pontscouverts.com\/blogue\/wp-content\/uploads\/2011\/12\/mars04_arbour.jpg 646w, https:\/\/pontscouverts.com\/blogue\/wp-content\/uploads\/2011\/12\/mars04_arbour-300x225.jpg 300w\" sizes=\"(max-width: 646px) 100vw, 646px\" \/><\/a><p id=\"caption-attachment-849\" class=\"wp-caption-text\">Photo : G\u00e9rald Arbour<\/p><\/div>\n<p style=\"text-align: justify;\">C&rsquo;est en mars qu&rsquo;on a appris que le pont Kelly \u00e9tait \u00e0 nouveau ouvert \u00e0 la circulation apr\u00e8s avoir \u00e9t\u00e9 ferm\u00e9 pendant quelques mois.<\/p>\n<p>&nbsp;<\/p>\n<div id=\"attachment_850\" style=\"width: 656px\" class=\"wp-caption aligncenter\"><a href=\"http:\/\/pontscouverts.com\/blogue\/wp-content\/uploads\/2011\/12\/mars05_arbour.jpg.jpg\"><img aria-describedby=\"caption-attachment-850\" loading=\"lazy\" class=\"size-full wp-image-850 \" title=\"mars05_arbour.jpg\" src=\"http:\/\/pontscouverts.com\/blogue\/wp-content\/uploads\/2011\/12\/mars05_arbour.jpg.jpg\" alt=\"\" width=\"646\" height=\"485\" srcset=\"https:\/\/pontscouverts.com\/blogue\/wp-content\/uploads\/2011\/12\/mars05_arbour.jpg.jpg 646w, https:\/\/pontscouverts.com\/blogue\/wp-content\/uploads\/2011\/12\/mars05_arbour.jpg-300x225.jpg 300w\" sizes=\"(max-width: 646px) 100vw, 646px\" \/><\/a><p id=\"caption-attachment-850\" class=\"wp-caption-text\">Photo : G\u00e9rald Arbour<\/p><\/div>\n<p style=\"text-align: justify;\">L&rsquo;ann\u00e9e 2011 aura \u00e9t\u00e9 une ann\u00e9e de restauration pour les ponts couverts de l&rsquo;Outaouais et en mars, c&rsquo;est le pont F\u00e9lix-Gabriel-Marchand qui faisait l&rsquo;objet de travaux.<\/p>\n<p>&nbsp;<\/p>\n<h1 style=\"text-align: center;\">AVRIL<\/h1>\n<div id=\"attachment_851\" style=\"width: 810px\" class=\"wp-caption aligncenter\"><a href=\"http:\/\/pontscouverts.com\/blogue\/wp-content\/uploads\/2011\/12\/avril01.jpg\"><img aria-describedby=\"caption-attachment-851\" loading=\"lazy\" class=\"size-full wp-image-851 \" title=\"OLYMPUS DIGITAL CAMERA\" src=\"http:\/\/pontscouverts.com\/blogue\/wp-content\/uploads\/2011\/12\/avril01.jpg\" alt=\"\" width=\"800\" height=\"600\" srcset=\"https:\/\/pontscouverts.com\/blogue\/wp-content\/uploads\/2011\/12\/avril01.jpg 800w, https:\/\/pontscouverts.com\/blogue\/wp-content\/uploads\/2011\/12\/avril01-300x225.jpg 300w\" sizes=\"(max-width: 800px) 100vw, 800px\" \/><\/a><p id=\"caption-attachment-851\" class=\"wp-caption-text\">Photo : Pascal C.<\/p><\/div>\n<p style=\"text-align: justify;\">En avril, le pont Molesworth a \u00e9t\u00e9 ferm\u00e9 pendant 4 jours pour y effectuer des travaux. En plus de r\u00e9parer les dommages caus\u00e9s par un camion quelques mois auparavant, on en a profit\u00e9 pour poser des gabarits pour prot\u00e9ger la structure.<\/p>\n<p>&nbsp;<\/p>\n<div id=\"attachment_852\" style=\"width: 656px\" class=\"wp-caption aligncenter\"><a href=\"http:\/\/pontscouverts.com\/blogue\/wp-content\/uploads\/2011\/12\/avril02_beauregard.jpg\"><img aria-describedby=\"caption-attachment-852\" loading=\"lazy\" class=\"size-full wp-image-852 \" title=\"avril02_beauregard\" src=\"http:\/\/pontscouverts.com\/blogue\/wp-content\/uploads\/2011\/12\/avril02_beauregard.jpg\" alt=\"\" width=\"646\" height=\"429\" srcset=\"https:\/\/pontscouverts.com\/blogue\/wp-content\/uploads\/2011\/12\/avril02_beauregard.jpg 646w, https:\/\/pontscouverts.com\/blogue\/wp-content\/uploads\/2011\/12\/avril02_beauregard-300x199.jpg 300w\" sizes=\"(max-width: 646px) 100vw, 646px\" \/><\/a><p id=\"caption-attachment-852\" class=\"wp-caption-text\">Photo : Michel Beauregard<\/p><\/div>\n<p style=\"text-align: justify;\">Notre ami Michel Beauregard s&rsquo;\u00e9tait rendu sur le site du pont Cousineau qui \u00e9tait en plein chantier pour une p\u00e9riode de 6 semaines. Cette structure est aujourd&rsquo;hui en pleine forme.<\/p>\n<p>&nbsp;<\/p>\n<div id=\"attachment_853\" style=\"width: 656px\" class=\"wp-caption aligncenter\"><a href=\"http:\/\/pontscouverts.com\/blogue\/wp-content\/uploads\/2011\/12\/avril03_sylvie.jpg\"><img aria-describedby=\"caption-attachment-853\" loading=\"lazy\" class=\"size-full wp-image-853 \" title=\"avril03_sylvie\" src=\"http:\/\/pontscouverts.com\/blogue\/wp-content\/uploads\/2011\/12\/avril03_sylvie.jpg\" alt=\"\" width=\"646\" height=\"485\" srcset=\"https:\/\/pontscouverts.com\/blogue\/wp-content\/uploads\/2011\/12\/avril03_sylvie.jpg 646w, https:\/\/pontscouverts.com\/blogue\/wp-content\/uploads\/2011\/12\/avril03_sylvie-300x225.jpg 300w\" sizes=\"(max-width: 646px) 100vw, 646px\" \/><\/a><p id=\"caption-attachment-853\" class=\"wp-caption-text\">Photo : Sylvie Cr\u00e9peault<\/p><\/div>\n<p style=\"text-align: justify;\">Toujours en avril, la photographe Sylvie Cr\u00e9peault s&rsquo;est attaqu\u00e9e cette fois \u00e0 la Mont\u00e9r\u00e9gie dans le cadre de son projet photographique <em>T\u00e9moins de notre histoire<\/em>.<\/p>\n<p>&nbsp;<\/p>\n<h1 style=\"text-align: center;\">MAI<\/h1>\n<div class=\"mceTemp mceIEcenter\" style=\"text-align: center;\">\n<dl id=\"attachment_854\" class=\"wp-caption aligncenter\" style=\"width: 650px;\">\n<h1 class=\"wp-caption-dt\"><a href=\"http:\/\/pontscouverts.com\/blogue\/wp-content\/uploads\/2011\/12\/mai01_nicoleL.jpg\"><img loading=\"lazy\" class=\"size-full wp-image-854 \" title=\"mai01_nicoleL\" src=\"http:\/\/pontscouverts.com\/blogue\/wp-content\/uploads\/2011\/12\/mai01_nicoleL.jpg\" alt=\"\" width=\"640\" height=\"480\" srcset=\"https:\/\/pontscouverts.com\/blogue\/wp-content\/uploads\/2011\/12\/mai01_nicoleL.jpg 640w, https:\/\/pontscouverts.com\/blogue\/wp-content\/uploads\/2011\/12\/mai01_nicoleL-300x225.jpg 300w\" sizes=\"(max-width: 640px) 100vw, 640px\" \/><\/a><\/h1>\n<dd class=\"wp-caption-dd\">Photo : Nicole L.<\/dd>\n<\/dl>\n<\/div>\n<p style=\"text-align: justify;\">Au printemps, la Gasp\u00e9sie et le Bas-St-Laurent ont \u00e9t\u00e9 en \u00e9tat d&rsquo;alerte lors de la fonte rapide de la neige. Le pont Heppel entre autre s&rsquo;est fait fr\u00f4ler le tablier par la rivi\u00e8re Matap\u00e9dia qui \u00e9tait bien mena\u00e7ante.<\/p>\n<p>&nbsp;<\/p>\n<div id=\"attachment_855\" style=\"width: 656px\" class=\"wp-caption aligncenter\"><a href=\"http:\/\/pontscouverts.com\/blogue\/wp-content\/uploads\/2011\/12\/mai02_moniqueb.jpg\"><img aria-describedby=\"caption-attachment-855\" loading=\"lazy\" class=\"size-full wp-image-855 \" title=\"IMG_2601\" src=\"http:\/\/pontscouverts.com\/blogue\/wp-content\/uploads\/2011\/12\/mai02_moniqueb.jpg\" alt=\"\" width=\"646\" height=\"431\" srcset=\"https:\/\/pontscouverts.com\/blogue\/wp-content\/uploads\/2011\/12\/mai02_moniqueb.jpg 646w, https:\/\/pontscouverts.com\/blogue\/wp-content\/uploads\/2011\/12\/mai02_moniqueb-300x200.jpg 300w\" sizes=\"(max-width: 646px) 100vw, 646px\" \/><\/a><p id=\"caption-attachment-855\" class=\"wp-caption-text\">Photo : Monique Bellemare<\/p><\/div>\n<p style=\"text-align: justify;\">Monique Bellemare \u00e9tait de passage en juin dernier \u00e0 Routhierville. Elle a constat\u00e9 que les travaux avan\u00e7aient bien sur le pont couvert. Rappelons que ce pont est suppos\u00e9 \u00eatre pr\u00eat pour la nouvelle ann\u00e9e qui arrive.<\/p>\n<p>&nbsp;<\/p>\n<div id=\"attachment_856\" style=\"width: 656px\" class=\"wp-caption aligncenter\"><a href=\"http:\/\/pontscouverts.com\/blogue\/wp-content\/uploads\/2011\/12\/mai03conner.jpg\"><img aria-describedby=\"caption-attachment-856\" loading=\"lazy\" class=\"size-full wp-image-856 \" title=\"mai03conner\" src=\"http:\/\/pontscouverts.com\/blogue\/wp-content\/uploads\/2011\/12\/mai03conner.jpg\" alt=\"\" width=\"646\" height=\"485\" srcset=\"https:\/\/pontscouverts.com\/blogue\/wp-content\/uploads\/2011\/12\/mai03conner.jpg 646w, https:\/\/pontscouverts.com\/blogue\/wp-content\/uploads\/2011\/12\/mai03conner-300x225.jpg 300w\" sizes=\"(max-width: 646px) 100vw, 646px\" \/><\/a><p id=\"caption-attachment-856\" class=\"wp-caption-text\">Photo : Pascal C.<\/p><\/div>\n<p style=\"text-align: justify;\">Toujours en mai, c&rsquo;est le pont Savoyard qu&rsquo;on retrouvait en plein travaux. La restauration aura dur\u00e9 presque tout l&rsquo;\u00e9t\u00e9.<\/p>\n<p>&nbsp;<\/p>\n<h1 style=\"text-align: center;\">JUIN<\/h1>\n<div id=\"attachment_857\" style=\"width: 656px\" class=\"wp-caption aligncenter\"><a href=\"http:\/\/pontscouverts.com\/blogue\/wp-content\/uploads\/2011\/12\/juin01deziel.jpg\"><img aria-describedby=\"caption-attachment-857\" loading=\"lazy\" class=\"size-full wp-image-857 \" title=\"juin01deziel\" src=\"http:\/\/pontscouverts.com\/blogue\/wp-content\/uploads\/2011\/12\/juin01deziel.jpg\" alt=\"\" width=\"646\" height=\"431\" srcset=\"https:\/\/pontscouverts.com\/blogue\/wp-content\/uploads\/2011\/12\/juin01deziel.jpg 646w, https:\/\/pontscouverts.com\/blogue\/wp-content\/uploads\/2011\/12\/juin01deziel-300x200.jpg 300w\" sizes=\"(max-width: 646px) 100vw, 646px\" \/><\/a><p id=\"caption-attachment-857\" class=\"wp-caption-text\">Photo : Pierre D\u00e9ziel<\/p><\/div>\n<p style=\"text-align: justify;\">Surprise g\u00e9n\u00e9rale en juin : des travaux d\u00e9butent rapidement au pont d&rsquo;Eustis apr\u00e8s l&rsquo;annonce subite de la reconstruction du pont couvert. Pierre D\u00e9ziel se rend sur place et trouve le pont sans lambris. Le site sera rapidement d\u00e9sert et les travaux vont se poursuivre \u00e0 Rigaud.<\/p>\n<p>&nbsp;<\/p>\n<div id=\"attachment_858\" style=\"width: 810px\" class=\"wp-caption alignnone\"><a href=\"http:\/\/pontscouverts.com\/blogue\/wp-content\/uploads\/2011\/12\/juin02.jpg\"><img aria-describedby=\"caption-attachment-858\" loading=\"lazy\" class=\"size-full wp-image-858\" title=\"juin02\" src=\"http:\/\/pontscouverts.com\/blogue\/wp-content\/uploads\/2011\/12\/juin02.jpg\" alt=\"\" width=\"800\" height=\"531\" srcset=\"https:\/\/pontscouverts.com\/blogue\/wp-content\/uploads\/2011\/12\/juin02.jpg 800w, https:\/\/pontscouverts.com\/blogue\/wp-content\/uploads\/2011\/12\/juin02-300x199.jpg 300w\" sizes=\"(max-width: 800px) 100vw, 800px\" \/><\/a><p id=\"caption-attachment-858\" class=\"wp-caption-text\">Photo : Sylvie Cr\u00e9peault<\/p><\/div>\n<p style=\"text-align: justify;\">C&rsquo;est \u00e9galement en juin qu&rsquo;on apprenait qu&rsquo;une trav\u00e9e du pont Nord-Est de Grassy Narrow s&rsquo;\u00e9tait effondr\u00e9e dans le lac Simard. Cette structure de bois est unique au Qu\u00e9bec.<\/p>\n<p style=\"text-align: justify;\">&nbsp;<\/p>\n<div id=\"attachment_861\" style=\"width: 656px\" class=\"wp-caption aligncenter\"><a href=\"http:\/\/pontscouverts.com\/blogue\/wp-content\/uploads\/2011\/12\/juin03sylvie1.jpg\"><img aria-describedby=\"caption-attachment-861\" loading=\"lazy\" class=\"size-full wp-image-861 \" title=\"juin03sylvie\" src=\"http:\/\/pontscouverts.com\/blogue\/wp-content\/uploads\/2011\/12\/juin03sylvie1.jpg\" alt=\"\" width=\"646\" height=\"485\" srcset=\"https:\/\/pontscouverts.com\/blogue\/wp-content\/uploads\/2011\/12\/juin03sylvie1.jpg 646w, https:\/\/pontscouverts.com\/blogue\/wp-content\/uploads\/2011\/12\/juin03sylvie1-300x225.jpg 300w\" sizes=\"(max-width: 646px) 100vw, 646px\" \/><\/a><p id=\"caption-attachment-861\" class=\"wp-caption-text\">Photo : Sylvie Cr\u00e9peault<\/p><\/div>\n<p style=\"text-align: justify;\">Toujours en juin, c&rsquo;\u00e9tait au tour de l&rsquo;Outaouais de recevoir la visite de la c\u00e9l\u00e8bre mari\u00e9e abitibienne. Ci-haut, le pont de l&rsquo;Aigle.<\/p>\n<p>&nbsp;<\/p>\n<div id=\"attachment_862\" style=\"width: 656px\" class=\"wp-caption aligncenter\"><a href=\"http:\/\/pontscouverts.com\/blogue\/wp-content\/uploads\/2011\/12\/juin04arbour.jpg\"><img aria-describedby=\"caption-attachment-862\" loading=\"lazy\" class=\"size-full wp-image-862 \" title=\"juin04arbour\" src=\"http:\/\/pontscouverts.com\/blogue\/wp-content\/uploads\/2011\/12\/juin04arbour.jpg\" alt=\"\" width=\"646\" height=\"485\" srcset=\"https:\/\/pontscouverts.com\/blogue\/wp-content\/uploads\/2011\/12\/juin04arbour.jpg 646w, https:\/\/pontscouverts.com\/blogue\/wp-content\/uploads\/2011\/12\/juin04arbour-300x225.jpg 300w\" sizes=\"(max-width: 646px) 100vw, 646px\" \/><\/a><p id=\"caption-attachment-862\" class=\"wp-caption-text\">Photo : G\u00e9rald Arbour<\/p><\/div>\n<p>Apr\u00e8s en avoir entendu parler pendant si longtemps, c&rsquo;est finalement en juin qu&rsquo;a d\u00e9but\u00e9 la restauration du pont Perrault de Warwick.<\/p>\n<p>&nbsp;<\/p>\n<h1 style=\"text-align: center;\"><span style=\"color: #ff0000;\">\u00c0 SUIVRE DEMAIN&#8230;<\/span><\/h1>\n","protected":false},"excerpt":{"rendered":"<p>L&rsquo;heure du bilan 2011 a sonn\u00e9 et comme vous pourrez le constater, l&rsquo;ann\u00e9e a \u00e9t\u00e9 fort charg\u00e9e. Il y avait tellement de mat\u00e9riel que j&rsquo;ai d\u00e9cid\u00e9 de diviser en 2 billets cette r\u00e9capitulation des moments forts de 2011 dans l&rsquo;univers des ponts couverts. Place \u00e0 la premi\u00e8re partie&#8230;<\/p>\n","protected":false},"author":1,"featured_media":0,"comment_status":"open","ping_status":"open","sticky":false,"template":"","format":"standard","meta":[],"categories":[3],"tags":[],"_links":{"self":[{"href":"https:\/\/pontscouverts.com\/blogue\/wp-json\/wp\/v2\/posts\/841"}],"collection":[{"href":"https:\/\/pontscouverts.com\/blogue\/wp-json\/wp\/v2\/posts"}],"about":[{"href":"https:\/\/pontscouverts.com\/blogue\/wp-json\/wp\/v2\/types\/post"}],"author":[{"embeddable":true,"href":"https:\/\/pontscouverts.com\/blogue\/wp-json\/wp\/v2\/users\/1"}],"replies":[{"embeddable":true,"href":"https:\/\/pontscouverts.com\/blogue\/wp-json\/wp\/v2\/comments?post=841"}],"version-history":[{"count":33,"href":"https:\/\/pontscouverts.com\/blogue\/wp-json\/wp\/v2\/posts\/841\/revisions"}],"predecessor-version":[{"id":921,"href":"https:\/\/pontscouverts.com\/blogue\/wp-json\/wp\/v2\/posts\/841\/revisions\/921"}],"wp:attachment":[{"href":"https:\/\/pontscouverts.com\/blogue\/wp-json\/wp\/v2\/media?parent=841"}],"wp:term":[{"taxonomy":"category","embeddable":true,"href":"https:\/\/pontscouverts.com\/blogue\/wp-json\/wp\/v2\/categories?post=841"},{"taxonomy":"post_tag","embeddable":true,"href":"https:\/\/pontscouverts.com\/blogue\/wp-json\/wp\/v2\/tags?post=841"}],"curies":[{"name":"wp","href":"https:\/\/api.w.org\/{rel}","templated":true}]}}