{"id":8378,"date":"2013-11-26T23:00:08","date_gmt":"2013-11-27T04:00:08","guid":{"rendered":"http:\/\/pontscouverts.com\/blogue\/?p=8378"},"modified":"2013-11-26T23:21:57","modified_gmt":"2013-11-27T04:21:57","slug":"le-tablier-du-pont-couvert-de-st-placide-a-ete-restaure","status":"publish","type":"post","link":"https:\/\/pontscouverts.com\/blogue\/2013\/11\/26\/le-tablier-du-pont-couvert-de-st-placide-a-ete-restaure\/","title":{"rendered":"Le tablier du pont couvert de St-Placide a \u00e9t\u00e9 restaur\u00e9"},"content":{"rendered":"<div id=\"attachment_8379\" style=\"width: 623px\" class=\"wp-caption aligncenter\"><a href=\"http:\/\/pontscouverts.com\/blogue\/wp-content\/uploads\/2013\/11\/014.jpg\"><img aria-describedby=\"caption-attachment-8379\" loading=\"lazy\" class=\" wp-image-8379\" alt=\"01\" src=\"http:\/\/pontscouverts.com\/blogue\/wp-content\/uploads\/2013\/11\/014.jpg\" width=\"613\" height=\"460\" srcset=\"https:\/\/pontscouverts.com\/blogue\/wp-content\/uploads\/2013\/11\/014.jpg 1022w, https:\/\/pontscouverts.com\/blogue\/wp-content\/uploads\/2013\/11\/014-300x225.jpg 300w\" sizes=\"(max-width: 613px) 100vw, 613px\" \/><\/a><p id=\"caption-attachment-8379\" class=\"wp-caption-text\">Photo : G\u00e9rald Arbour<\/p><\/div>\n<p style=\"text-align: justify;\"><span style=\"color: #000000;\">Les nouvelles sont tr\u00e8s bonnes au <span style=\"color: #0000ff;\"><a href=\"http:\/\/www.pontscouverts.com\/Pontscouverts2\/St-Placide.html\"><span style=\"color: #0000ff;\">pont de St-Placide<\/span><\/a><\/span> o\u00f9 G\u00e9rald Arbour s&rsquo;est arr\u00eat\u00e9 la semaine derni\u00e8re. La c\u00e9l\u00e8bre structure patrimoniale a en effet \u00e9t\u00e9 restaur\u00e9e l&rsquo;\u00e9t\u00e9 dernier&#8230;<\/span><\/p>\n<p><!--more Lire la suite--><\/p>\n<p><span style=\"color: #ffffff;\">.<\/span><\/p>\n<div id=\"attachment_8380\" style=\"width: 659px\" class=\"wp-caption aligncenter\"><a href=\"http:\/\/pontscouverts.com\/blogue\/wp-content\/uploads\/2013\/11\/024.jpg\"><img aria-describedby=\"caption-attachment-8380\" loading=\"lazy\" class=\" wp-image-8380\" alt=\"02\" src=\"http:\/\/pontscouverts.com\/blogue\/wp-content\/uploads\/2013\/11\/024-1024x767.jpg\" width=\"649\" height=\"485\" srcset=\"https:\/\/pontscouverts.com\/blogue\/wp-content\/uploads\/2013\/11\/024-1024x767.jpg 1024w, https:\/\/pontscouverts.com\/blogue\/wp-content\/uploads\/2013\/11\/024-300x224.jpg 300w, https:\/\/pontscouverts.com\/blogue\/wp-content\/uploads\/2013\/11\/024.jpg 1409w\" sizes=\"(max-width: 649px) 100vw, 649px\" \/><\/a><p id=\"caption-attachment-8380\" class=\"wp-caption-text\">Photo : G\u00e9rald Arbour<\/p><\/div>\n<p style=\"text-align: justify;\"><span style=\"color: #000000;\">Les planches du tablier situ\u00e9es \u00e0 l&rsquo;entr\u00e9e du pont ont \u00e9t\u00e9 remplac\u00e9es. C&rsquo;est une excellente nouvelle car le pont est toujours en service, m\u00eame s&rsquo;il est tr\u00e8s peu utilis\u00e9 \u00e0 cause de son emplacement tr\u00e8s isol\u00e9.<\/span><\/p>\n<p><span style=\"color: #ffffff;\">.<\/span><\/p>\n<div id=\"attachment_8381\" style=\"width: 659px\" class=\"wp-caption aligncenter\"><a href=\"http:\/\/pontscouverts.com\/blogue\/wp-content\/uploads\/2013\/11\/034.jpg\"><img aria-describedby=\"caption-attachment-8381\" loading=\"lazy\" class=\" wp-image-8381\" alt=\"03\" src=\"http:\/\/pontscouverts.com\/blogue\/wp-content\/uploads\/2013\/11\/034-1024x768.jpg\" width=\"649\" height=\"486\" srcset=\"https:\/\/pontscouverts.com\/blogue\/wp-content\/uploads\/2013\/11\/034-1024x768.jpg 1024w, https:\/\/pontscouverts.com\/blogue\/wp-content\/uploads\/2013\/11\/034-300x225.jpg 300w, https:\/\/pontscouverts.com\/blogue\/wp-content\/uploads\/2013\/11\/034.jpg 1045w\" sizes=\"(max-width: 649px) 100vw, 649px\" \/><\/a><p id=\"caption-attachment-8381\" class=\"wp-caption-text\">Photo : G\u00e9rald Arbour<\/p><\/div>\n<p style=\"text-align: justify;\"><span style=\"color: #000000;\">\u00c9t\u00e9 comme hiver, l&rsquo;endroit est vraiment enchanteur et il ne faut pas h\u00e9siter \u00e0 s&rsquo;\u00e9loigner pour photographier le pont. Il y a d\u00e9j\u00e0 de la neige dans cette r\u00e9gion du Qu\u00e9bec.<\/span><\/p>\n<p><span style=\"color: #ffffff;\">.<\/span><\/p>\n<div id=\"attachment_8382\" style=\"width: 659px\" class=\"wp-caption aligncenter\"><a href=\"http:\/\/pontscouverts.com\/blogue\/wp-content\/uploads\/2013\/11\/044.jpg\"><img aria-describedby=\"caption-attachment-8382\" loading=\"lazy\" class=\" wp-image-8382\" alt=\"04\" src=\"http:\/\/pontscouverts.com\/blogue\/wp-content\/uploads\/2013\/11\/044.jpg\" width=\"649\" height=\"486\" srcset=\"https:\/\/pontscouverts.com\/blogue\/wp-content\/uploads\/2013\/11\/044.jpg 1022w, https:\/\/pontscouverts.com\/blogue\/wp-content\/uploads\/2013\/11\/044-300x225.jpg 300w\" sizes=\"(max-width: 649px) 100vw, 649px\" \/><\/a><p id=\"caption-attachment-8382\" class=\"wp-caption-text\">Photo : G\u00e9rald Arbour<\/p><\/div>\n<p style=\"text-align: justify;\"><span style=\"color: #000000;\">En 2012, la charge maximum affich\u00e9e est pass\u00e9e de 12 \u00e0 5 tonnes. Le pont de St-Placide a \u00e9t\u00e9 \u00e9rig\u00e9 en 1926.<\/span><\/p>\n<p><span style=\"color: #ffffff;\">.<\/span><\/p>\n<div id=\"attachment_8383\" style=\"width: 647px\" class=\"wp-caption aligncenter\"><a href=\"http:\/\/pontscouverts.com\/blogue\/wp-content\/uploads\/2013\/11\/054.jpg\"><img aria-describedby=\"caption-attachment-8383\" loading=\"lazy\" class=\" wp-image-8383 \" alt=\"05\" src=\"http:\/\/pontscouverts.com\/blogue\/wp-content\/uploads\/2013\/11\/054.jpg\" width=\"637\" height=\"425\" srcset=\"https:\/\/pontscouverts.com\/blogue\/wp-content\/uploads\/2013\/11\/054.jpg 1024w, https:\/\/pontscouverts.com\/blogue\/wp-content\/uploads\/2013\/11\/054-300x200.jpg 300w\" sizes=\"(max-width: 637px) 100vw, 637px\" \/><\/a><p id=\"caption-attachment-8383\" class=\"wp-caption-text\">Photo : Andr\u00e9 Goossens<\/p><\/div>\n<p style=\"text-align: justify;\"><span style=\"color: #000000;\">Terminons par ce clich\u00e9 d&rsquo;archives qui date de 1984. Le pont de St-Placide est aussi utilis\u00e9 par les motoneigistes. Rappelons que ce pont couvert est cit\u00e9 monument historique par la municipalit\u00e9 de Baie-St-Paul.<\/span><\/p>\n<p style=\"text-align: center;\"><span style=\"color: #ffffff;\">.<\/span><\/p>\n","protected":false},"excerpt":{"rendered":"<p>Les nouvelles sont tr\u00e8s bonnes au pont de St-Placide o\u00f9 G\u00e9rald Arbour s&rsquo;est arr\u00eat\u00e9 la semaine derni\u00e8re. La c\u00e9l\u00e8bre structure patrimoniale a en effet \u00e9t\u00e9 restaur\u00e9e l&rsquo;\u00e9t\u00e9 dernier&#8230;<\/p>\n","protected":false},"author":1,"featured_media":0,"comment_status":"open","ping_status":"open","sticky":false,"template":"","format":"standard","meta":[],"categories":[3],"tags":[],"_links":{"self":[{"href":"https:\/\/pontscouverts.com\/blogue\/wp-json\/wp\/v2\/posts\/8378"}],"collection":[{"href":"https:\/\/pontscouverts.com\/blogue\/wp-json\/wp\/v2\/posts"}],"about":[{"href":"https:\/\/pontscouverts.com\/blogue\/wp-json\/wp\/v2\/types\/post"}],"author":[{"embeddable":true,"href":"https:\/\/pontscouverts.com\/blogue\/wp-json\/wp\/v2\/users\/1"}],"replies":[{"embeddable":true,"href":"https:\/\/pontscouverts.com\/blogue\/wp-json\/wp\/v2\/comments?post=8378"}],"version-history":[{"count":4,"href":"https:\/\/pontscouverts.com\/blogue\/wp-json\/wp\/v2\/posts\/8378\/revisions"}],"predecessor-version":[{"id":8387,"href":"https:\/\/pontscouverts.com\/blogue\/wp-json\/wp\/v2\/posts\/8378\/revisions\/8387"}],"wp:attachment":[{"href":"https:\/\/pontscouverts.com\/blogue\/wp-json\/wp\/v2\/media?parent=8378"}],"wp:term":[{"taxonomy":"category","embeddable":true,"href":"https:\/\/pontscouverts.com\/blogue\/wp-json\/wp\/v2\/categories?post=8378"},{"taxonomy":"post_tag","embeddable":true,"href":"https:\/\/pontscouverts.com\/blogue\/wp-json\/wp\/v2\/tags?post=8378"}],"curies":[{"name":"wp","href":"https:\/\/api.w.org\/{rel}","templated":true}]}}