{"id":8364,"date":"2013-11-25T23:00:42","date_gmt":"2013-11-26T04:00:42","guid":{"rendered":"http:\/\/pontscouverts.com\/blogue\/?p=8364"},"modified":"2013-11-23T08:54:12","modified_gmt":"2013-11-23T13:54:12","slug":"la-patience-du-pont-painchaud","status":"publish","type":"post","link":"https:\/\/pontscouverts.com\/blogue\/2013\/11\/25\/la-patience-du-pont-painchaud\/","title":{"rendered":"La patience du pont Painchaud"},"content":{"rendered":"<div id=\"attachment_8365\" style=\"width: 659px\" class=\"wp-caption aligncenter\"><a href=\"http:\/\/pontscouverts.com\/blogue\/wp-content\/uploads\/2013\/11\/013.jpg\"><img aria-describedby=\"caption-attachment-8365\" loading=\"lazy\" class=\" wp-image-8365\" alt=\"01\" src=\"http:\/\/pontscouverts.com\/blogue\/wp-content\/uploads\/2013\/11\/013-1024x768.jpg\" width=\"649\" height=\"486\" srcset=\"https:\/\/pontscouverts.com\/blogue\/wp-content\/uploads\/2013\/11\/013-1024x768.jpg 1024w, https:\/\/pontscouverts.com\/blogue\/wp-content\/uploads\/2013\/11\/013-300x225.jpg 300w, https:\/\/pontscouverts.com\/blogue\/wp-content\/uploads\/2013\/11\/013.jpg 1454w\" sizes=\"(max-width: 649px) 100vw, 649px\" \/><\/a><p id=\"caption-attachment-8365\" class=\"wp-caption-text\">Photo : G\u00e9rald Arbour<\/p><\/div>\n<p style=\"text-align: justify;\"><span style=\"color: #000000;\">Un projet comme la mise en valeur du <span style=\"color: #0000ff;\"><a href=\"http:\/\/www.pontscouverts.com\/Pontscouverts2\/Painchaud.html\"><span style=\"color: #0000ff;\">pont Painchaud<\/span><\/a><\/span> n&rsquo;est pas une chose simple. Apr\u00e8s plus de 5 ans, le pont est toujours remis\u00e9 dans un champs de St-M\u00e9thode, pas tr\u00e8s loin de son emplacement d&rsquo;origine. Voici quelques photos in\u00e9dites de cette structure bien particuli\u00e8re&#8230;<\/span><\/p>\n<p><!--more Lire la suite--><\/p>\n<p><span style=\"color: #ffffff;\">.<\/span><\/p>\n<div id=\"attachment_8366\" style=\"width: 659px\" class=\"wp-caption aligncenter\"><a href=\"http:\/\/pontscouverts.com\/blogue\/wp-content\/uploads\/2013\/11\/023.jpg\"><img aria-describedby=\"caption-attachment-8366\" loading=\"lazy\" class=\" wp-image-8366\" alt=\"02\" src=\"http:\/\/pontscouverts.com\/blogue\/wp-content\/uploads\/2013\/11\/023-1024x768.jpg\" width=\"649\" height=\"486\" srcset=\"https:\/\/pontscouverts.com\/blogue\/wp-content\/uploads\/2013\/11\/023-1024x768.jpg 1024w, https:\/\/pontscouverts.com\/blogue\/wp-content\/uploads\/2013\/11\/023-300x225.jpg 300w, https:\/\/pontscouverts.com\/blogue\/wp-content\/uploads\/2013\/11\/023.jpg 1500w\" sizes=\"(max-width: 649px) 100vw, 649px\" \/><\/a><p id=\"caption-attachment-8366\" class=\"wp-caption-text\">Photo : G\u00e9rald Arbour<\/p><\/div>\n<p style=\"text-align: justify;\"><span style=\"color: #000000;\">G\u00e9rald Arbour est pass\u00e9 voir le pont Painchaud la semaine derni\u00e8re. Les 2 premi\u00e8res photos sont donc tr\u00e8s r\u00e9centes. Le pont se pr\u00e9pare \u00e0 passer un autre hiver en bordure de la route 169.<\/span><\/p>\n<p style=\"text-align: justify;\"><span style=\"color: #ffffff;\">.<\/span><\/p>\n<div id=\"attachment_8367\" style=\"width: 659px\" class=\"wp-caption aligncenter\"><a href=\"http:\/\/pontscouverts.com\/blogue\/wp-content\/uploads\/2013\/11\/033.jpg\"><img aria-describedby=\"caption-attachment-8367\" loading=\"lazy\" class=\" wp-image-8367\" alt=\"03\" src=\"http:\/\/pontscouverts.com\/blogue\/wp-content\/uploads\/2013\/11\/033.jpg\" width=\"649\" height=\"440\" srcset=\"https:\/\/pontscouverts.com\/blogue\/wp-content\/uploads\/2013\/11\/033.jpg 800w, https:\/\/pontscouverts.com\/blogue\/wp-content\/uploads\/2013\/11\/033-300x203.jpg 300w\" sizes=\"(max-width: 649px) 100vw, 649px\" \/><\/a><p id=\"caption-attachment-8367\" class=\"wp-caption-text\">Photo : Andr\u00e9 Goossens<\/p><\/div>\n<p style=\"text-align: justify;\"><span style=\"color: #000000;\">Poursuivons ce billet avec 5 photos d&rsquo;archives qui n&rsquo;avaient jamais \u00e9t\u00e9 publi\u00e9es sur le site auparavant. Elles datent presque toutes de 1984.<\/span><\/p>\n<p><span style=\"color: #ffffff;\">.<\/span><\/p>\n<div id=\"attachment_8368\" style=\"width: 659px\" class=\"wp-caption aligncenter\"><a href=\"http:\/\/pontscouverts.com\/blogue\/wp-content\/uploads\/2013\/11\/043.jpg\"><img aria-describedby=\"caption-attachment-8368\" loading=\"lazy\" class=\" wp-image-8368\" alt=\"04\" src=\"http:\/\/pontscouverts.com\/blogue\/wp-content\/uploads\/2013\/11\/043.jpg\" width=\"649\" height=\"442\" srcset=\"https:\/\/pontscouverts.com\/blogue\/wp-content\/uploads\/2013\/11\/043.jpg 800w, https:\/\/pontscouverts.com\/blogue\/wp-content\/uploads\/2013\/11\/043-300x204.jpg 300w\" sizes=\"(max-width: 649px) 100vw, 649px\" \/><\/a><p id=\"caption-attachment-8368\" class=\"wp-caption-text\">Photo : Andr\u00e9 Goossens<\/p><\/div>\n<p style=\"text-align: justify;\"><span style=\"color: #000000;\">Le pont Painchaud \u00e9tait situ\u00e9 sur le Rang Nord de St-M\u00e9thode, sur une propri\u00e9t\u00e9 priv\u00e9e. Il fallait marcher un bon 15 minutes pour s&rsquo;y rendre.<\/span><\/p>\n<p style=\"text-align: justify;\"><span style=\"color: #ffffff;\">.<\/span><\/p>\n<div id=\"attachment_8369\" style=\"width: 659px\" class=\"wp-caption aligncenter\"><a href=\"http:\/\/pontscouverts.com\/blogue\/wp-content\/uploads\/2013\/11\/053.jpg\"><img aria-describedby=\"caption-attachment-8369\" loading=\"lazy\" class=\" wp-image-8369\" alt=\"05\" src=\"http:\/\/pontscouverts.com\/blogue\/wp-content\/uploads\/2013\/11\/053-1024x576.jpg\" width=\"649\" height=\"364\" srcset=\"https:\/\/pontscouverts.com\/blogue\/wp-content\/uploads\/2013\/11\/053-1024x576.jpg 1024w, https:\/\/pontscouverts.com\/blogue\/wp-content\/uploads\/2013\/11\/053-300x168.jpg 300w, https:\/\/pontscouverts.com\/blogue\/wp-content\/uploads\/2013\/11\/053.jpg 2005w\" sizes=\"(max-width: 649px) 100vw, 649px\" \/><\/a><p id=\"caption-attachment-8369\" class=\"wp-caption-text\">Photo : Andr\u00e9 Goossens<\/p><\/div>\n<p style=\"text-align: justify;\"><span style=\"color: #000000;\">Ce pont couvert permettait au cultivateur de traverser la rivi\u00e8re Ticouap\u00e9 et d&rsquo;acc\u00e9der \u00e0 ses terres situ\u00e9es de l&rsquo;autre c\u00f4t\u00e9 du cours d&rsquo;eau.<\/span><\/p>\n<p><span style=\"color: #ffffff;\">.<\/span><\/p>\n<div id=\"attachment_8370\" style=\"width: 659px\" class=\"wp-caption aligncenter\"><a href=\"http:\/\/pontscouverts.com\/blogue\/wp-content\/uploads\/2013\/11\/063.jpg\"><img aria-describedby=\"caption-attachment-8370\" loading=\"lazy\" class=\" wp-image-8370\" alt=\"06\" src=\"http:\/\/pontscouverts.com\/blogue\/wp-content\/uploads\/2013\/11\/063.jpg\" width=\"649\" height=\"448\" srcset=\"https:\/\/pontscouverts.com\/blogue\/wp-content\/uploads\/2013\/11\/063.jpg 800w, https:\/\/pontscouverts.com\/blogue\/wp-content\/uploads\/2013\/11\/063-300x207.jpg 300w\" sizes=\"(max-width: 649px) 100vw, 649px\" \/><\/a><p id=\"caption-attachment-8370\" class=\"wp-caption-text\">Photo : Andr\u00e9 Goossens<\/p><\/div>\n<p style=\"text-align: justify;\"><span style=\"color: #000000;\">\u00c0 une certaine \u00e9poque, les cul\u00e9es du pont appartenaient \u00e0 l\u2019Alcan. Le pont a d&rsquo;ailleurs \u00e9t\u00e9 retir\u00e9 de son emplacement d&rsquo;origine en avril 2008 car on craignait qu&rsquo;il ne soit emport\u00e9. Les cul\u00e9es n&rsquo;\u00e9taient plus en bonne condition.<\/span><\/p>\n<p><span style=\"color: #ffffff;\">.<\/span><\/p>\n<div id=\"attachment_8371\" style=\"width: 659px\" class=\"wp-caption aligncenter\"><a href=\"http:\/\/pontscouverts.com\/blogue\/wp-content\/uploads\/2013\/11\/073.jpg\"><img aria-describedby=\"caption-attachment-8371\" loading=\"lazy\" class=\" wp-image-8371\" alt=\"07\" src=\"http:\/\/pontscouverts.com\/blogue\/wp-content\/uploads\/2013\/11\/073.jpg\" width=\"649\" height=\"451\" srcset=\"https:\/\/pontscouverts.com\/blogue\/wp-content\/uploads\/2013\/11\/073.jpg 800w, https:\/\/pontscouverts.com\/blogue\/wp-content\/uploads\/2013\/11\/073-300x208.jpg 300w\" sizes=\"(max-width: 649px) 100vw, 649px\" \/><\/a><p id=\"caption-attachment-8371\" class=\"wp-caption-text\">Photo : G\u00e9rald Arbour<\/p><\/div>\n<p style=\"text-align: justify;\"><span style=\"color: #000000;\">Un clich\u00e9 vaut mille mots : voil\u00e0 une photo typique d&rsquo;un pont couvert \u00e0 vocation agricole. Esp\u00e9rons que le pont Painchaud retrouvera bient\u00f4t sa rivi\u00e8re Ticouap\u00e9.<\/span><\/p>\n<p style=\"text-align: left;\"><span style=\"color: #ffffff;\">.<\/span><\/p>\n","protected":false},"excerpt":{"rendered":"<p>Un projet comme la mise en valeur du pont Painchaud n&rsquo;est pas une chose simple. Apr\u00e8s plus de 5 ans, le pont est toujours remis\u00e9 dans un champs de St-M\u00e9thode, pas tr\u00e8s loin de son emplacement d&rsquo;origine. Voici quelques photos in\u00e9dites de cette structure bien particuli\u00e8re&#8230;<\/p>\n","protected":false},"author":1,"featured_media":0,"comment_status":"open","ping_status":"open","sticky":false,"template":"","format":"standard","meta":[],"categories":[3,1],"tags":[],"_links":{"self":[{"href":"https:\/\/pontscouverts.com\/blogue\/wp-json\/wp\/v2\/posts\/8364"}],"collection":[{"href":"https:\/\/pontscouverts.com\/blogue\/wp-json\/wp\/v2\/posts"}],"about":[{"href":"https:\/\/pontscouverts.com\/blogue\/wp-json\/wp\/v2\/types\/post"}],"author":[{"embeddable":true,"href":"https:\/\/pontscouverts.com\/blogue\/wp-json\/wp\/v2\/users\/1"}],"replies":[{"embeddable":true,"href":"https:\/\/pontscouverts.com\/blogue\/wp-json\/wp\/v2\/comments?post=8364"}],"version-history":[{"count":5,"href":"https:\/\/pontscouverts.com\/blogue\/wp-json\/wp\/v2\/posts\/8364\/revisions"}],"predecessor-version":[{"id":8376,"href":"https:\/\/pontscouverts.com\/blogue\/wp-json\/wp\/v2\/posts\/8364\/revisions\/8376"}],"wp:attachment":[{"href":"https:\/\/pontscouverts.com\/blogue\/wp-json\/wp\/v2\/media?parent=8364"}],"wp:term":[{"taxonomy":"category","embeddable":true,"href":"https:\/\/pontscouverts.com\/blogue\/wp-json\/wp\/v2\/categories?post=8364"},{"taxonomy":"post_tag","embeddable":true,"href":"https:\/\/pontscouverts.com\/blogue\/wp-json\/wp\/v2\/tags?post=8364"}],"curies":[{"name":"wp","href":"https:\/\/api.w.org\/{rel}","templated":true}]}}