{"id":8030,"date":"2013-10-28T23:00:41","date_gmt":"2013-10-29T03:00:41","guid":{"rendered":"http:\/\/pontscouverts.com\/blogue\/?p=8030"},"modified":"2013-10-28T08:50:58","modified_gmt":"2013-10-28T12:50:58","slug":"dernieres-photos-estivales-visite-au-pont-des-pionniers","status":"publish","type":"post","link":"https:\/\/pontscouverts.com\/blogue\/2013\/10\/28\/dernieres-photos-estivales-visite-au-pont-des-pionniers\/","title":{"rendered":"Derni\u00e8res photos estivales : visite au pont des Pionniers"},"content":{"rendered":"<p style=\"text-align: center;\"><a href=\"http:\/\/pontscouverts.com\/blogue\/wp-content\/uploads\/2013\/10\/0110.jpg\"><img loading=\"lazy\" class=\"aligncenter  wp-image-8031\" alt=\"OLYMPUS DIGITAL CAMERA\" src=\"http:\/\/pontscouverts.com\/blogue\/wp-content\/uploads\/2013\/10\/0110.jpg\" width=\"640\" height=\"480\" srcset=\"https:\/\/pontscouverts.com\/blogue\/wp-content\/uploads\/2013\/10\/0110.jpg 800w, https:\/\/pontscouverts.com\/blogue\/wp-content\/uploads\/2013\/10\/0110-300x225.jpg 300w\" sizes=\"(max-width: 640px) 100vw, 640px\" \/><\/a><\/p>\n<p style=\"text-align: justify;\"><span style=\"color: #000000;\">Ce billet termine la pr\u00e9sentation des photos de ponts couverts prises lors de mes vacances de l&rsquo;\u00e9t\u00e9 dernier. Il y a eu tellement de sujets \u00e0 couvrir qu&rsquo;il aura fallu tout ce temps pour les pr\u00e9senter au complet, preuve qu&rsquo;il y a toujours quelque chose \u00e0 dire sur nos ponts. C&rsquo;est le <span style=\"color: #0000ff;\"><a href=\"http:\/\/www.pontscouverts.com\/Pontscouverts2\/Pionniers.html\"><span style=\"color: #0000ff;\">pont des Pionniers<\/span><\/a><\/span> qui cl\u00f4ture officiellement l&rsquo;\u00e9t\u00e9 2013, et j&rsquo;\u00e9tais bien heureux de retourner \u00e0 Val-Paradis en cette belle journ\u00e9e du mois d&rsquo;ao\u00fbt&#8230;<\/span><\/p>\n<p style=\"text-align: left;\"><!--more Lire la suite--><\/p>\n<p style=\"text-align: left;\"><span style=\"color: #ffffff;\">.<\/span><\/p>\n<p style=\"text-align: center;\"><a href=\"http:\/\/pontscouverts.com\/blogue\/wp-content\/uploads\/2013\/10\/0210.jpg\"><img loading=\"lazy\" class=\"aligncenter  wp-image-8032\" alt=\"OLYMPUS DIGITAL CAMERA\" src=\"http:\/\/pontscouverts.com\/blogue\/wp-content\/uploads\/2013\/10\/0210.jpg\" width=\"649\" height=\"486\" srcset=\"https:\/\/pontscouverts.com\/blogue\/wp-content\/uploads\/2013\/10\/0210.jpg 800w, https:\/\/pontscouverts.com\/blogue\/wp-content\/uploads\/2013\/10\/0210-300x225.jpg 300w\" sizes=\"(max-width: 649px) 100vw, 649px\" \/><\/a><\/p>\n<p style=\"text-align: justify;\"><span style=\"color: #000000;\">J&rsquo;avais bien h\u00e2te de voir les nouveaux gabarits qui sont en place depuis le printemps 2013. C&rsquo;est une tr\u00e8s bonne chose car les portiques de ce pont \u00e9taient souvent ab\u00eem\u00e9s.<\/span><\/p>\n<p style=\"text-align: left;\"><span style=\"color: #ffffff;\">.<\/span><\/p>\n<p style=\"text-align: center;\"><a href=\"http:\/\/pontscouverts.com\/blogue\/wp-content\/uploads\/2013\/10\/0310.jpg\"><img loading=\"lazy\" class=\"aligncenter  wp-image-8033\" alt=\"OLYMPUS DIGITAL CAMERA\" src=\"http:\/\/pontscouverts.com\/blogue\/wp-content\/uploads\/2013\/10\/0310.jpg\" width=\"649\" height=\"486\" srcset=\"https:\/\/pontscouverts.com\/blogue\/wp-content\/uploads\/2013\/10\/0310.jpg 800w, https:\/\/pontscouverts.com\/blogue\/wp-content\/uploads\/2013\/10\/0310-300x225.jpg 300w\" sizes=\"(max-width: 649px) 100vw, 649px\" \/><\/a><\/p>\n<p style=\"text-align: justify;\"><span style=\"color: #000000;\">Construit en 1943, le pont des Pionniers mesure 81 pieds de long. Il est situ\u00e9 au sud de Val-Paradis, un charmant petit village qui est tr\u00e8s vivant malgr\u00e9 son isolement.<\/span><\/p>\n<p style=\"text-align: left;\"><span style=\"color: #ffffff;\">.<\/span><\/p>\n<p style=\"text-align: center;\"><a href=\"http:\/\/pontscouverts.com\/blogue\/wp-content\/uploads\/2013\/10\/049.jpg\"><img loading=\"lazy\" class=\"aligncenter  wp-image-8034\" alt=\"OLYMPUS DIGITAL CAMERA\" src=\"http:\/\/pontscouverts.com\/blogue\/wp-content\/uploads\/2013\/10\/049.jpg\" width=\"649\" height=\"486\" srcset=\"https:\/\/pontscouverts.com\/blogue\/wp-content\/uploads\/2013\/10\/049.jpg 800w, https:\/\/pontscouverts.com\/blogue\/wp-content\/uploads\/2013\/10\/049-300x225.jpg 300w\" sizes=\"(max-width: 649px) 100vw, 649px\" \/><\/a><\/p>\n<p style=\"text-align: justify;\"><span style=\"color: #000000;\">La charge maximum affich\u00e9e est pass\u00e9e \u00e0 5 tonnes en 2009. Le pont des Pionniers est situ\u00e9 sur le Chemin des 8e et 9e Rangs, une route calme o\u00f9 on retrouve quelques maisons, des fermes et des champs en exploitation.<\/span><\/p>\n<p style=\"text-align: center;\"><span style=\"color: #ffffff;\">.<\/span><\/p>\n<p style=\"text-align: center;\"><a href=\"http:\/\/pontscouverts.com\/blogue\/wp-content\/uploads\/2013\/10\/059.jpg\"><img loading=\"lazy\" class=\"aligncenter  wp-image-8035\" alt=\"OLYMPUS DIGITAL CAMERA\" src=\"http:\/\/pontscouverts.com\/blogue\/wp-content\/uploads\/2013\/10\/059.jpg\" width=\"649\" height=\"486\" srcset=\"https:\/\/pontscouverts.com\/blogue\/wp-content\/uploads\/2013\/10\/059.jpg 800w, https:\/\/pontscouverts.com\/blogue\/wp-content\/uploads\/2013\/10\/059-300x225.jpg 300w\" sizes=\"(max-width: 649px) 100vw, 649px\" \/><\/a><\/p>\n<p style=\"text-align: justify;\"><span style=\"color: #000000;\">Ce pont de colonisation poss\u00e8de une ferme Town \u00e9labor\u00e9e. D&rsquo;ailleurs, le pont des Pionniers \u00e9voque le souvenir des premiers colons venus s&rsquo;installer dans la r\u00e9gion dans les ann\u00e9es 30.<\/span><\/p>\n<p style=\"text-align: center;\"><span style=\"color: #ffffff;\">.<\/span><\/p>\n<p style=\"text-align: center;\"><a href=\"http:\/\/pontscouverts.com\/blogue\/wp-content\/uploads\/2013\/10\/069.jpg\"><img loading=\"lazy\" class=\"aligncenter  wp-image-8036\" alt=\"OLYMPUS DIGITAL CAMERA\" src=\"http:\/\/pontscouverts.com\/blogue\/wp-content\/uploads\/2013\/10\/069.jpg\" width=\"649\" height=\"486\" srcset=\"https:\/\/pontscouverts.com\/blogue\/wp-content\/uploads\/2013\/10\/069.jpg 800w, https:\/\/pontscouverts.com\/blogue\/wp-content\/uploads\/2013\/10\/069-300x225.jpg 300w\" sizes=\"(max-width: 649px) 100vw, 649px\" \/><\/a><\/p>\n<p style=\"text-align: justify;\"><span style=\"color: #000000;\">Des r\u00e9parations mineures ont r\u00e9cemment \u00e9t\u00e9 effectu\u00e9es sur ce pont couvert. On a chang\u00e9 des poutres et solidifi\u00e9 des pi\u00e8ces de la ferme. Des travaux majeurs avaient eu lieu en 1985 sur le pont des Pionniers.<\/span><\/p>\n<p style=\"text-align: center;\"><span style=\"color: #ffffff;\">.<\/span><\/p>\n<p style=\"text-align: center;\"><a href=\"http:\/\/pontscouverts.com\/blogue\/wp-content\/uploads\/2013\/10\/078.jpg\"><img loading=\"lazy\" class=\"aligncenter  wp-image-8037\" alt=\"OLYMPUS DIGITAL CAMERA\" src=\"http:\/\/pontscouverts.com\/blogue\/wp-content\/uploads\/2013\/10\/078.jpg\" width=\"649\" height=\"486\" srcset=\"https:\/\/pontscouverts.com\/blogue\/wp-content\/uploads\/2013\/10\/078.jpg 800w, https:\/\/pontscouverts.com\/blogue\/wp-content\/uploads\/2013\/10\/078-300x225.jpg 300w\" sizes=\"(max-width: 649px) 100vw, 649px\" \/><\/a><\/p>\n<p style=\"text-align: justify;\"><span style=\"color: #000000;\">Ce panneau d&rsquo;interpr\u00e9tation situ\u00e9 face au ruisseau Leslie donne des renseignements sur les derniers ponts couverts du Nord-du-Qu\u00e9bec.<\/span><\/p>\n<p style=\"text-align: left;\"><span style=\"color: #ffffff;\">.<\/span><\/p>\n<p style=\"text-align: center;\"><a href=\"http:\/\/pontscouverts.com\/blogue\/wp-content\/uploads\/2013\/10\/088.jpg\"><img loading=\"lazy\" class=\"aligncenter  wp-image-8038\" alt=\"OLYMPUS DIGITAL CAMERA\" src=\"http:\/\/pontscouverts.com\/blogue\/wp-content\/uploads\/2013\/10\/088.jpg\" width=\"649\" height=\"486\" srcset=\"https:\/\/pontscouverts.com\/blogue\/wp-content\/uploads\/2013\/10\/088.jpg 800w, https:\/\/pontscouverts.com\/blogue\/wp-content\/uploads\/2013\/10\/088-300x225.jpg 300w\" sizes=\"(max-width: 649px) 100vw, 649px\" \/><\/a><\/p>\n<p style=\"text-align: justify;\"><span style=\"color: #000000;\">Les ouvertures lat\u00e9rales sous la toiture ont \u00e9t\u00e9 ajout\u00e9es en 1985.\u00a0Ce pont a \u00e9t\u00e9 gris \u00e0 partir des ann\u00e9es 60 et repeint en rouge en 1985 \u00e9galement.\u00a0Le rev\u00eatement original de la toiture \u00e9tait en bardeaux.<\/span><\/p>\n<p style=\"text-align: left;\"><span style=\"color: #ffffff;\">.<\/span><\/p>\n<p style=\"text-align: center;\"><a href=\"http:\/\/pontscouverts.com\/blogue\/wp-content\/uploads\/2013\/10\/095.jpg\"><img loading=\"lazy\" class=\"aligncenter  wp-image-8039\" alt=\"OLYMPUS DIGITAL CAMERA\" src=\"http:\/\/pontscouverts.com\/blogue\/wp-content\/uploads\/2013\/10\/095.jpg\" width=\"649\" height=\"486\" srcset=\"https:\/\/pontscouverts.com\/blogue\/wp-content\/uploads\/2013\/10\/095.jpg 800w, https:\/\/pontscouverts.com\/blogue\/wp-content\/uploads\/2013\/10\/095-300x225.jpg 300w\" sizes=\"(max-width: 649px) 100vw, 649px\" \/><\/a><\/p>\n<p style=\"text-align: justify;\"><span style=\"color: #000000;\">Une petite touche de peinture et le pont des Pionniers retrouverait vite des allures de jeunesse. Cette structure est en service \u00e0 l&rsquo;ann\u00e9e.<\/span><\/p>\n<p style=\"text-align: left;\"><span style=\"color: #ffffff;\">.<\/span><\/p>\n<p style=\"text-align: center;\"><a href=\"http:\/\/pontscouverts.com\/blogue\/wp-content\/uploads\/2013\/10\/102.jpg\"><img loading=\"lazy\" class=\"aligncenter  wp-image-8040\" alt=\"10\" src=\"http:\/\/pontscouverts.com\/blogue\/wp-content\/uploads\/2013\/10\/102.jpg\" width=\"649\" height=\"430\" srcset=\"https:\/\/pontscouverts.com\/blogue\/wp-content\/uploads\/2013\/10\/102.jpg 800w, https:\/\/pontscouverts.com\/blogue\/wp-content\/uploads\/2013\/10\/102-300x199.jpg 300w\" sizes=\"(max-width: 649px) 100vw, 649px\" \/><\/a><\/p>\n<p style=\"text-align: justify;\"><span style=\"color: #000000;\">Terminons par cette jolie murale qu&rsquo;on retrouve sur le mur d&rsquo;un b\u00e2timent du village. On y voit le pont des Pionniers, l&rsquo;\u00e9glise de Val-Paradis et des colons au travail dans les champs. \u00a0Le parc au coeur du village est tr\u00e8s bien am\u00e9nag\u00e9 (tables, bancs, etc). Il y a m\u00eame un gaz\u00e9bo en cas de mauvaise temp\u00e9rature.<\/span><\/p>\n<p style=\"text-align: left;\"><span style=\"color: #ffffff;\">.<\/span><\/p>\n","protected":false},"excerpt":{"rendered":"<p>Ce billet termine la pr\u00e9sentation des photos de ponts couverts prises lors de mes vacances de l&rsquo;\u00e9t\u00e9 dernier. Il y a eu tellement de sujets \u00e0 couvrir qu&rsquo;il aura fallu tout ce temps pour les pr\u00e9senter au complet, preuve qu&rsquo;il y a toujours quelque chose \u00e0 dire sur nos ponts. C&rsquo;est le pont des Pionniers [&hellip;]<\/p>\n","protected":false},"author":1,"featured_media":0,"comment_status":"open","ping_status":"open","sticky":false,"template":"","format":"standard","meta":[],"categories":[3],"tags":[],"_links":{"self":[{"href":"https:\/\/pontscouverts.com\/blogue\/wp-json\/wp\/v2\/posts\/8030"}],"collection":[{"href":"https:\/\/pontscouverts.com\/blogue\/wp-json\/wp\/v2\/posts"}],"about":[{"href":"https:\/\/pontscouverts.com\/blogue\/wp-json\/wp\/v2\/types\/post"}],"author":[{"embeddable":true,"href":"https:\/\/pontscouverts.com\/blogue\/wp-json\/wp\/v2\/users\/1"}],"replies":[{"embeddable":true,"href":"https:\/\/pontscouverts.com\/blogue\/wp-json\/wp\/v2\/comments?post=8030"}],"version-history":[{"count":11,"href":"https:\/\/pontscouverts.com\/blogue\/wp-json\/wp\/v2\/posts\/8030\/revisions"}],"predecessor-version":[{"id":8051,"href":"https:\/\/pontscouverts.com\/blogue\/wp-json\/wp\/v2\/posts\/8030\/revisions\/8051"}],"wp:attachment":[{"href":"https:\/\/pontscouverts.com\/blogue\/wp-json\/wp\/v2\/media?parent=8030"}],"wp:term":[{"taxonomy":"category","embeddable":true,"href":"https:\/\/pontscouverts.com\/blogue\/wp-json\/wp\/v2\/categories?post=8030"},{"taxonomy":"post_tag","embeddable":true,"href":"https:\/\/pontscouverts.com\/blogue\/wp-json\/wp\/v2\/tags?post=8030"}],"curies":[{"name":"wp","href":"https:\/\/api.w.org\/{rel}","templated":true}]}}