{"id":6959,"date":"2013-07-10T23:00:52","date_gmt":"2013-07-11T03:00:52","guid":{"rendered":"http:\/\/pontscouverts.com\/blogue\/?p=6959"},"modified":"2013-07-11T06:38:40","modified_gmt":"2013-07-11T10:38:40","slug":"des-nouvelles-de-nos-ponts-couverts-situes-au-nord","status":"publish","type":"post","link":"https:\/\/pontscouverts.com\/blogue\/2013\/07\/10\/des-nouvelles-de-nos-ponts-couverts-situes-au-nord\/","title":{"rendered":"Des nouvelles de nos ponts couverts situ\u00e9s au Nord"},"content":{"rendered":"<div id=\"attachment_6960\" style=\"width: 636px\" class=\"wp-caption aligncenter\"><a href=\"http:\/\/pontscouverts.com\/blogue\/wp-content\/uploads\/2013\/07\/014.jpg\"><img aria-describedby=\"caption-attachment-6960\" loading=\"lazy\" class=\" wp-image-6960 \" alt=\"01\" src=\"http:\/\/pontscouverts.com\/blogue\/wp-content\/uploads\/2013\/07\/014.jpg\" width=\"626\" height=\"470\" srcset=\"https:\/\/pontscouverts.com\/blogue\/wp-content\/uploads\/2013\/07\/014.jpg 979w, https:\/\/pontscouverts.com\/blogue\/wp-content\/uploads\/2013\/07\/014-300x224.jpg 300w\" sizes=\"(max-width: 626px) 100vw, 626px\" \/><\/a><p id=\"caption-attachment-6960\" class=\"wp-caption-text\">Photo : G\u00e9rald Arbour<\/p><\/div>\n<p style=\"text-align: justify;\"><span style=\"color: #000000;\">G\u00e9rald Arbour revient d&rsquo;un beau voyage sur la C\u00f4te-Nord o\u00f9 il a pass\u00e9 quelques jours de vacances. La temp\u00e9rature \u00e9tait parfaite pour se reposer, visiter des attraits touristiques, et bien s\u00fbr aller saluer des ponts couverts&#8230;<\/span><\/p>\n<p><!--more Lire la suite--><\/p>\n<p><span style=\"color: #ffffff;\">.<\/span><\/p>\n<div id=\"attachment_6961\" style=\"width: 659px\" class=\"wp-caption aligncenter\"><a href=\"http:\/\/pontscouverts.com\/blogue\/wp-content\/uploads\/2013\/07\/024.jpg\"><img aria-describedby=\"caption-attachment-6961\" loading=\"lazy\" class=\" wp-image-6961\" alt=\"02\" src=\"http:\/\/pontscouverts.com\/blogue\/wp-content\/uploads\/2013\/07\/024.jpg\" width=\"649\" height=\"486\" srcset=\"https:\/\/pontscouverts.com\/blogue\/wp-content\/uploads\/2013\/07\/024.jpg 881w, https:\/\/pontscouverts.com\/blogue\/wp-content\/uploads\/2013\/07\/024-300x225.jpg 300w\" sizes=\"(max-width: 649px) 100vw, 649px\" \/><\/a><p id=\"caption-attachment-6961\" class=\"wp-caption-text\">Photo : G\u00e9rald Arbour<\/p><\/div>\n<p style=\"text-align: justify;\"><span style=\"color: #000000;\">Tous les ponts visit\u00e9s par G\u00e9rald sont en bonne condition, mais celui de St-Placide est passablement d\u00e9fra\u00eechi. On y retrouve malheureusement de plus en plus de graffitis.<\/span><\/p>\n<p><span style=\"color: #ffffff;\">.<\/span><\/p>\n<div id=\"attachment_6962\" style=\"width: 659px\" class=\"wp-caption aligncenter\"><a href=\"http:\/\/pontscouverts.com\/blogue\/wp-content\/uploads\/2013\/07\/034.jpg\"><img aria-describedby=\"caption-attachment-6962\" loading=\"lazy\" class=\" wp-image-6962\" alt=\"03\" src=\"http:\/\/pontscouverts.com\/blogue\/wp-content\/uploads\/2013\/07\/034.jpg\" width=\"649\" height=\"486\" srcset=\"https:\/\/pontscouverts.com\/blogue\/wp-content\/uploads\/2013\/07\/034.jpg 979w, https:\/\/pontscouverts.com\/blogue\/wp-content\/uploads\/2013\/07\/034-300x224.jpg 300w\" sizes=\"(max-width: 649px) 100vw, 649px\" \/><\/a><p id=\"caption-attachment-6962\" class=\"wp-caption-text\">Photo : G\u00e9rald Arbour<\/p><\/div>\n<p style=\"text-align: justify;\"><span style=\"color: #000000;\">Ces c\u00f4nes ont \u00e9t\u00e9 plac\u00e9s \u00e0 l&rsquo;entr\u00e9e du pont de St-Placide sans doute parce que des planches du tablier sont en mauvaise condition.<\/span><\/p>\n<p><span style=\"color: #ffffff;\">.<\/span><\/p>\n<div id=\"attachment_6963\" style=\"width: 659px\" class=\"wp-caption aligncenter\"><a href=\"http:\/\/pontscouverts.com\/blogue\/wp-content\/uploads\/2013\/07\/044.jpg\"><img aria-describedby=\"caption-attachment-6963\" loading=\"lazy\" class=\" wp-image-6963\" alt=\"04\" src=\"http:\/\/pontscouverts.com\/blogue\/wp-content\/uploads\/2013\/07\/044.jpg\" width=\"649\" height=\"486\" srcset=\"https:\/\/pontscouverts.com\/blogue\/wp-content\/uploads\/2013\/07\/044.jpg 1012w, https:\/\/pontscouverts.com\/blogue\/wp-content\/uploads\/2013\/07\/044-300x225.jpg 300w\" sizes=\"(max-width: 649px) 100vw, 649px\" \/><\/a><p id=\"caption-attachment-6963\" class=\"wp-caption-text\">Photo : G\u00e9rald Arbour<\/p><\/div>\n<p style=\"text-align: justify;\"><span style=\"color: #000000;\">Le pont du Faubourg est rayonnant comme toujours. Il s&rsquo;agit d&rsquo;un pont couvert tr\u00e8s visit\u00e9 par les touristes qui s&rsquo;y rendent en voiture ou \u00e0 v\u00e9lo.<\/span><\/p>\n<p><span style=\"color: #ffffff;\">.<\/span><\/p>\n<div id=\"attachment_6964\" style=\"width: 659px\" class=\"wp-caption aligncenter\"><a href=\"http:\/\/pontscouverts.com\/blogue\/wp-content\/uploads\/2013\/07\/054.jpg\"><img aria-describedby=\"caption-attachment-6964\" loading=\"lazy\" class=\" wp-image-6964\" alt=\"05\" src=\"http:\/\/pontscouverts.com\/blogue\/wp-content\/uploads\/2013\/07\/054.jpg\" width=\"649\" height=\"486\" srcset=\"https:\/\/pontscouverts.com\/blogue\/wp-content\/uploads\/2013\/07\/054.jpg 1012w, https:\/\/pontscouverts.com\/blogue\/wp-content\/uploads\/2013\/07\/054-300x225.jpg 300w\" sizes=\"(max-width: 649px) 100vw, 649px\" \/><\/a><p id=\"caption-attachment-6964\" class=\"wp-caption-text\">Photo : G\u00e9rald Arbour<\/p><\/div>\n<p style=\"text-align: justify;\"><span style=\"color: #000000;\">Comme \u00e0 chaque ann\u00e9e, une exposition est en place \u00e0 l&rsquo;int\u00e9rieur de la c\u00e9l\u00e8bre structure de L&rsquo;Anse-St-Jean.<\/span><\/p>\n<p><span style=\"color: #ffffff;\">.<\/span><\/p>\n<div id=\"attachment_6965\" style=\"width: 659px\" class=\"wp-caption aligncenter\"><a href=\"http:\/\/pontscouverts.com\/blogue\/wp-content\/uploads\/2013\/07\/064.jpg\"><img aria-describedby=\"caption-attachment-6965\" loading=\"lazy\" class=\" wp-image-6965\" alt=\"06\" src=\"http:\/\/pontscouverts.com\/blogue\/wp-content\/uploads\/2013\/07\/064.jpg\" width=\"649\" height=\"486\" srcset=\"https:\/\/pontscouverts.com\/blogue\/wp-content\/uploads\/2013\/07\/064.jpg 1012w, https:\/\/pontscouverts.com\/blogue\/wp-content\/uploads\/2013\/07\/064-300x225.jpg 300w\" sizes=\"(max-width: 649px) 100vw, 649px\" \/><\/a><p id=\"caption-attachment-6965\" class=\"wp-caption-text\">Photo : G\u00e9rald Arbour<\/p><\/div>\n<p style=\"text-align: justify;\"><span style=\"color: #000000;\">\u00c0 Ferland-et-Boilleau, le pont du Lac Ha! Ha! est toujours ferm\u00e9 \u00e0 la circulation. Ce pont couvert est situ\u00e9 \u00e0 proximit\u00e9 d&rsquo;une belle halte o\u00f9 il fait bon pique-niquer.<\/span><\/p>\n<p><span style=\"color: #ffffff;\">.<\/span><\/p>\n<div id=\"attachment_6966\" style=\"width: 659px\" class=\"wp-caption aligncenter\"><a href=\"http:\/\/pontscouverts.com\/blogue\/wp-content\/uploads\/2013\/07\/074.jpg\"><img aria-describedby=\"caption-attachment-6966\" loading=\"lazy\" class=\" wp-image-6966\" alt=\"07\" src=\"http:\/\/pontscouverts.com\/blogue\/wp-content\/uploads\/2013\/07\/074.jpg\" width=\"649\" height=\"486\" srcset=\"https:\/\/pontscouverts.com\/blogue\/wp-content\/uploads\/2013\/07\/074.jpg 881w, https:\/\/pontscouverts.com\/blogue\/wp-content\/uploads\/2013\/07\/074-300x225.jpg 300w\" sizes=\"(max-width: 649px) 100vw, 649px\" \/><\/a><p id=\"caption-attachment-6966\" class=\"wp-caption-text\">Photo : G\u00e9rald Arbour<\/p><\/div>\n<p style=\"text-align: justify;\"><span style=\"color: #000000;\">L&rsquo;endroit est aussi tr\u00e8s fr\u00e9quent\u00e9 par des p\u00eacheurs qui profitent du barrage en place sur la rivi\u00e8re des Ha! Ha!<\/span><\/p>\n<p><span style=\"color: #ffffff;\">.<\/span><\/p>\n<div id=\"attachment_6967\" style=\"width: 659px\" class=\"wp-caption aligncenter\"><a href=\"http:\/\/pontscouverts.com\/blogue\/wp-content\/uploads\/2013\/07\/082.jpg\"><img aria-describedby=\"caption-attachment-6967\" loading=\"lazy\" class=\" wp-image-6967\" alt=\"08\" src=\"http:\/\/pontscouverts.com\/blogue\/wp-content\/uploads\/2013\/07\/082.jpg\" width=\"649\" height=\"486\" srcset=\"https:\/\/pontscouverts.com\/blogue\/wp-content\/uploads\/2013\/07\/082.jpg 1012w, https:\/\/pontscouverts.com\/blogue\/wp-content\/uploads\/2013\/07\/082-300x225.jpg 300w\" sizes=\"(max-width: 649px) 100vw, 649px\" \/><\/a><p id=\"caption-attachment-6967\" class=\"wp-caption-text\">Photo : G\u00e9rald Arbour<\/p><\/div>\n<p style=\"text-align: justify;\"><span style=\"color: #000000;\">\u00c0 Sacr\u00e9-Coeur, tout est revenu \u00e0 la normale au pont Louis-Gravel. Rappelons que la structure avait \u00e9t\u00e9 ab\u00eem\u00e9e par la crue des eaux au printemps 2012.<\/span><\/p>\n<p><span style=\"color: #ffffff;\">.<\/span><\/p>\n<div id=\"attachment_6968\" style=\"width: 659px\" class=\"wp-caption aligncenter\"><a href=\"http:\/\/pontscouverts.com\/blogue\/wp-content\/uploads\/2013\/07\/091.jpg\"><img aria-describedby=\"caption-attachment-6968\" loading=\"lazy\" class=\" wp-image-6968\" alt=\"09\" src=\"http:\/\/pontscouverts.com\/blogue\/wp-content\/uploads\/2013\/07\/091.jpg\" width=\"649\" height=\"486\" srcset=\"https:\/\/pontscouverts.com\/blogue\/wp-content\/uploads\/2013\/07\/091.jpg 1012w, https:\/\/pontscouverts.com\/blogue\/wp-content\/uploads\/2013\/07\/091-300x225.jpg 300w\" sizes=\"(max-width: 649px) 100vw, 649px\" \/><\/a><p id=\"caption-attachment-6968\" class=\"wp-caption-text\">Photo : G\u00e9rald Arbour<\/p><\/div>\n<p style=\"text-align: justify;\"><span style=\"color: #000000;\">Ce pont couvert est situ\u00e9 sur une petite route qui se termine en cul-de-sac. La v\u00e9g\u00e9tation devient de plus en plus abondante \u00e0 proximit\u00e9 des ponts couverts visit\u00e9s par G\u00e9rald lors de ses vacances.<\/span><\/p>\n<p><span style=\"color: #ffffff;\">.<\/span><\/p>\n<div id=\"attachment_6969\" style=\"width: 659px\" class=\"wp-caption aligncenter\"><a href=\"http:\/\/pontscouverts.com\/blogue\/wp-content\/uploads\/2013\/07\/101.jpg\"><img aria-describedby=\"caption-attachment-6969\" loading=\"lazy\" class=\" wp-image-6969\" alt=\"10\" src=\"http:\/\/pontscouverts.com\/blogue\/wp-content\/uploads\/2013\/07\/101.jpg\" width=\"649\" height=\"486\" srcset=\"https:\/\/pontscouverts.com\/blogue\/wp-content\/uploads\/2013\/07\/101.jpg 979w, https:\/\/pontscouverts.com\/blogue\/wp-content\/uploads\/2013\/07\/101-300x224.jpg 300w\" sizes=\"(max-width: 649px) 100vw, 649px\" \/><\/a><p id=\"caption-attachment-6969\" class=\"wp-caption-text\">Photo : G\u00e9rald Arbour<\/p><\/div>\n<p style=\"text-align: justify;\"><span style=\"color: #000000;\">Terminons avec le pont \u00c9mile-Lapointe, une structure dont on a peu souvent de nouvelles \u00e0 cause de la grande distance qu&rsquo;il faut mettre pour s&rsquo;y rendre. Ce pont couvert offre de belles possibilit\u00e9s photographiques.<\/span><\/p>\n<p><span style=\"color: #ffffff;\">.<\/span><\/p>\n<div id=\"attachment_6970\" style=\"width: 659px\" class=\"wp-caption aligncenter\"><a href=\"http:\/\/pontscouverts.com\/blogue\/wp-content\/uploads\/2013\/07\/111.jpg\"><img aria-describedby=\"caption-attachment-6970\" loading=\"lazy\" class=\" wp-image-6970\" alt=\"11\" src=\"http:\/\/pontscouverts.com\/blogue\/wp-content\/uploads\/2013\/07\/111.jpg\" width=\"649\" height=\"486\" srcset=\"https:\/\/pontscouverts.com\/blogue\/wp-content\/uploads\/2013\/07\/111.jpg 1012w, https:\/\/pontscouverts.com\/blogue\/wp-content\/uploads\/2013\/07\/111-300x225.jpg 300w\" sizes=\"(max-width: 649px) 100vw, 649px\" \/><\/a><p id=\"caption-attachment-6970\" class=\"wp-caption-text\">Photo : G\u00e9rald Arbour<\/p><\/div>\n<p style=\"text-align: justify;\"><span style=\"color: #000000;\">On retrouve une maison \u00e0 quelques pas du pont couvert, ce qui assure sans doute une bonne surveillance au pont \u00c9mile-Lapointe. Merci \u00e0 G\u00e9rald pour le partage de ces magnifiques photos.<\/span><\/p>\n<p><span style=\"color: #ffffff;\">.<\/span><\/p>\n<p style=\"text-align: center;\">\n","protected":false},"excerpt":{"rendered":"<p>G\u00e9rald Arbour revient d&rsquo;un beau voyage sur la C\u00f4te-Nord o\u00f9 il a pass\u00e9 quelques jours de vacances. La temp\u00e9rature \u00e9tait parfaite pour se reposer, visiter des attraits touristiques, et bien s\u00fbr aller saluer des ponts couverts&#8230;<\/p>\n","protected":false},"author":1,"featured_media":0,"comment_status":"open","ping_status":"open","sticky":false,"template":"","format":"standard","meta":[],"categories":[3],"tags":[],"_links":{"self":[{"href":"https:\/\/pontscouverts.com\/blogue\/wp-json\/wp\/v2\/posts\/6959"}],"collection":[{"href":"https:\/\/pontscouverts.com\/blogue\/wp-json\/wp\/v2\/posts"}],"about":[{"href":"https:\/\/pontscouverts.com\/blogue\/wp-json\/wp\/v2\/types\/post"}],"author":[{"embeddable":true,"href":"https:\/\/pontscouverts.com\/blogue\/wp-json\/wp\/v2\/users\/1"}],"replies":[{"embeddable":true,"href":"https:\/\/pontscouverts.com\/blogue\/wp-json\/wp\/v2\/comments?post=6959"}],"version-history":[{"count":9,"href":"https:\/\/pontscouverts.com\/blogue\/wp-json\/wp\/v2\/posts\/6959\/revisions"}],"predecessor-version":[{"id":6990,"href":"https:\/\/pontscouverts.com\/blogue\/wp-json\/wp\/v2\/posts\/6959\/revisions\/6990"}],"wp:attachment":[{"href":"https:\/\/pontscouverts.com\/blogue\/wp-json\/wp\/v2\/media?parent=6959"}],"wp:term":[{"taxonomy":"category","embeddable":true,"href":"https:\/\/pontscouverts.com\/blogue\/wp-json\/wp\/v2\/categories?post=6959"},{"taxonomy":"post_tag","embeddable":true,"href":"https:\/\/pontscouverts.com\/blogue\/wp-json\/wp\/v2\/tags?post=6959"}],"curies":[{"name":"wp","href":"https:\/\/api.w.org\/{rel}","templated":true}]}}