{"id":6941,"date":"2013-07-09T23:00:36","date_gmt":"2013-07-10T03:00:36","guid":{"rendered":"http:\/\/pontscouverts.com\/blogue\/?p=6941"},"modified":"2013-07-08T07:49:03","modified_gmt":"2013-07-08T11:49:03","slug":"ce-sera-la-fete-au-vieux-pont","status":"publish","type":"post","link":"https:\/\/pontscouverts.com\/blogue\/2013\/07\/09\/ce-sera-la-fete-au-vieux-pont\/","title":{"rendered":"Ce sera la f\u00eate au Vieux Pont!"},"content":{"rendered":"<div id=\"attachment_6944\" style=\"width: 610px\" class=\"wp-caption aligncenter\"><a href=\"http:\/\/pontscouverts.com\/blogue\/wp-content\/uploads\/2013\/07\/photo_2380180_resize.jpg\"><img aria-describedby=\"caption-attachment-6944\" loading=\"lazy\" class=\"size-full wp-image-6944  \" alt=\"photo_2380180_resize\" src=\"http:\/\/pontscouverts.com\/blogue\/wp-content\/uploads\/2013\/07\/photo_2380180_resize.jpg\" width=\"600\" height=\"386\" srcset=\"https:\/\/pontscouverts.com\/blogue\/wp-content\/uploads\/2013\/07\/photo_2380180_resize.jpg 600w, https:\/\/pontscouverts.com\/blogue\/wp-content\/uploads\/2013\/07\/photo_2380180_resize-300x193.jpg 300w\" sizes=\"(max-width: 600px) 100vw, 600px\" \/><\/a><p id=\"caption-attachment-6944\" class=\"wp-caption-text\">Claudette Quirion, pr\u00e9sidente du comit\u00e9 organisateur, Sylvie Poulin et Nathalie B\u00e9gin, membres du comit\u00e9, et Jean-Fran\u00e7ois Bourque, directeur de la Ru\u00e9e des Jarrets. (Photo : Julie Houde)<\/p><\/div>\n<p style=\"text-align: justify;\"><span style=\"color: #000000;\">Le 4 juillet dernier, les membres du comit\u00e9 organiseur ont d\u00e9voil\u00e9 la programmation de la 5e \u00e9dition de la F\u00eate du Vieux Pont, qui se d\u00e9roulera du 9 au 11 ao\u00fbt prochain&#8230;<\/span><\/p>\n<p><!--more Lire la suite--><\/p>\n<p style=\"text-align: justify;\"><span style=\"color: #000000;\">L\u2019\u00e9v\u00e9nement commence le vendredi par un 5 \u00e0 7 sous la tente avec le chansonnier Mathieu Roy, suivi d\u2019une soir\u00e9e rock avec Wake Up Time ainsi que des feux d\u2019artifice.<\/span><\/p>\n<p style=\"text-align: justify;\"><span style=\"color: #000000;\">Le samedi, en plus de la Ru\u00e9e des Jarrets et de l\u2019\u00e9v\u00e9nement Bruny Surin, il y aura des jeux gonflables, des jeux d\u2019habilet\u00e9, des clowns, du maquillage, une mini-ferme avec des tours de poney pour les enfants. De plus, l\u2019arm\u00e9e canadienne y d\u00e9ploiera quelques v\u00e9hicules pour des d\u00e9monstrations. Le traditionnel souper spaghetti suivra en formule concert avec le quatuor \u00e0 corde Cadenza. La Boh\u00e8me Urbaine fera aussi parader ses mannequins pour d\u00e9voiler ses nouveaut\u00e9s. La Banquette arri\u00e8re et M\u00e9nage \u00e0 4 cl\u00f4tureront la soir\u00e9e.<\/span><\/p>\n<p style=\"text-align: justify;\"><span style=\"color: #000000;\">Le dimanche aura lieu une randonn\u00e9e de v\u00e9lo, la messe sous le chapiteau, la course des petits canards dans la rivi\u00e8re, une exposition de voitures d\u00e9capotables et de pick-up ainsi que le gala amateur avec les Giminix.<\/span><\/p>\n<p><span style=\"color: #000000;\"><strong>Source de financement<\/strong><\/span><\/p>\n<p style=\"text-align: justify;\"><span style=\"color: #000000;\">\u00ab La F\u00eate au Vieux Pont fait une large place aux familles de la Beauce en offrant des activit\u00e9s pour tous les go\u00fbts et pour tous les \u00e2ges, et nous la gardons le plus accessible possible en ne chargeant que 5 $ par jour (pour les spectacles sous la tente en soir\u00e9e) pour acc\u00e9der \u00e0 un des plus beaux sites naturels de la r\u00e9gion \u00bb, a affirm\u00e9 Claudette Quirion, pr\u00e9sidente du Comit\u00e9 de sauvegarde du Pont Couvert. Il s\u2019agit de la principale source de financement du Comit\u00e9.<\/span><\/p>\n<p style=\"text-align: justify;\"><span style=\"color: #000000;\"><strong>Le site du Vieux Pont<\/strong><\/span><\/p>\n<p style=\"text-align: justify;\"><span style=\"color: #000000;\">La municipalit\u00e9 de Notre-Dame-des-Pins est connue pour son pont couvert, le plus long au Qu\u00e9bec et le deuxi\u00e8me en importance au Canada. Il est devenu, l&#8217;embl\u00e8me de la municipalit\u00e9. Le Comit\u00e9 de Sauvegarde du Pont Couvert, fond\u00e9 en 2001, met en valeur le pont et ses infrastructures. Compos\u00e9 de b\u00e9n\u00e9voles de tous \u00e2ges, le CSPC pr\u00f4ne le sentiment d&rsquo;appartenance \u00e0 la municipalit\u00e9 et l&rsquo;esprit d&rsquo;entraide. \u00ab Sans b\u00e9n\u00e9vole, ce comit\u00e9 n\u2019existerait pas \u00bb, a expliqu\u00e9 Mich\u00e8le Bouchard, b\u00e9n\u00e9vole depuis 3 ans. Celle qui s\u2019occupe de la rocaille de l\u2019endroit affirme que les membres sont des passionn\u00e9s qui prennent leur t\u00e2che \u00e0 c\u0153ur. Tout r\u00e9cemment, le Comit\u00e9 a re\u00e7u le prix Coup de C\u0153ur Touristique lors du 25e Gala de l&rsquo;Entreprise beauceronne.<\/span><\/p>\n<p style=\"text-align: justify;\"><span style=\"color: #000000;\">Source :<\/span> <span style=\"color: #0000ff;\"><a href=\"http:\/\/www.editionbeauce.com\/Culture\/2013-07-04\/article-3301953\/Ce-sera-la-fete-au-Vieux-Pont\/1\" target=\"_blank\"><span style=\"color: #0000ff;\">EditionBeauce.com<\/span><\/a><\/span><\/p>\n","protected":false},"excerpt":{"rendered":"<p>Le 4 juillet dernier, les membres du comit\u00e9 organiseur ont d\u00e9voil\u00e9 la programmation de la 5e \u00e9dition de la F\u00eate du Vieux Pont, qui se d\u00e9roulera du 9 au 11 ao\u00fbt prochain&#8230;<\/p>\n","protected":false},"author":1,"featured_media":0,"comment_status":"open","ping_status":"open","sticky":false,"template":"","format":"standard","meta":[],"categories":[3],"tags":[],"_links":{"self":[{"href":"https:\/\/pontscouverts.com\/blogue\/wp-json\/wp\/v2\/posts\/6941"}],"collection":[{"href":"https:\/\/pontscouverts.com\/blogue\/wp-json\/wp\/v2\/posts"}],"about":[{"href":"https:\/\/pontscouverts.com\/blogue\/wp-json\/wp\/v2\/types\/post"}],"author":[{"embeddable":true,"href":"https:\/\/pontscouverts.com\/blogue\/wp-json\/wp\/v2\/users\/1"}],"replies":[{"embeddable":true,"href":"https:\/\/pontscouverts.com\/blogue\/wp-json\/wp\/v2\/comments?post=6941"}],"version-history":[{"count":7,"href":"https:\/\/pontscouverts.com\/blogue\/wp-json\/wp\/v2\/posts\/6941\/revisions"}],"predecessor-version":[{"id":6955,"href":"https:\/\/pontscouverts.com\/blogue\/wp-json\/wp\/v2\/posts\/6941\/revisions\/6955"}],"wp:attachment":[{"href":"https:\/\/pontscouverts.com\/blogue\/wp-json\/wp\/v2\/media?parent=6941"}],"wp:term":[{"taxonomy":"category","embeddable":true,"href":"https:\/\/pontscouverts.com\/blogue\/wp-json\/wp\/v2\/categories?post=6941"},{"taxonomy":"post_tag","embeddable":true,"href":"https:\/\/pontscouverts.com\/blogue\/wp-json\/wp\/v2\/tags?post=6941"}],"curies":[{"name":"wp","href":"https:\/\/api.w.org\/{rel}","templated":true}]}}