{"id":6923,"date":"2013-07-17T23:00:22","date_gmt":"2013-07-18T03:00:22","guid":{"rendered":"http:\/\/pontscouverts.com\/blogue\/?p=6923"},"modified":"2013-07-18T07:55:22","modified_gmt":"2013-07-18T11:55:22","slug":"temoins-de-notre-histoire-de-passage-aux-ponts-jumeles","status":"publish","type":"post","link":"https:\/\/pontscouverts.com\/blogue\/2013\/07\/17\/temoins-de-notre-histoire-de-passage-aux-ponts-jumeles\/","title":{"rendered":"T\u00e9moins de notre histoire de passage aux ponts jumel\u00e9s"},"content":{"rendered":"<div id=\"attachment_6925\" style=\"width: 650px\" class=\"wp-caption aligncenter\"><a href=\"http:\/\/pontscouverts.com\/blogue\/wp-content\/uploads\/2013\/07\/013.jpg\"><img aria-describedby=\"caption-attachment-6925\" loading=\"lazy\" class=\" wp-image-6925 \" alt=\"01\" src=\"http:\/\/pontscouverts.com\/blogue\/wp-content\/uploads\/2013\/07\/013.jpg\" width=\"640\" height=\"425\" srcset=\"https:\/\/pontscouverts.com\/blogue\/wp-content\/uploads\/2013\/07\/013.jpg 800w, https:\/\/pontscouverts.com\/blogue\/wp-content\/uploads\/2013\/07\/013-300x199.jpg 300w\" sizes=\"(max-width: 640px) 100vw, 640px\" \/><\/a><p id=\"caption-attachment-6925\" class=\"wp-caption-text\">Photo : Sylvie Cr\u00e9peault<\/p><\/div>\n<p style=\"text-align: justify;\"><span style=\"color: #000000;\">L&rsquo;heure des vacances a enfin sonn\u00e9 et c&rsquo;est avec la premi\u00e8re mise en sc\u00e8ne du projet <strong><em>T\u00e9moins de notre histoire<\/em><\/strong> que je laisse les lecteurs du blogue pour quelques jours. C&rsquo;est toujours un pur plaisir de replonger dans l&rsquo;oeuvre imagin\u00e9e par l&rsquo;artiste Sylvie Cr\u00e9peault. Cette fois, c&rsquo;est 7 nouveaux clich\u00e9s qui ont \u00e9t\u00e9 r\u00e9alis\u00e9s en 2 jours. Voici donc le bilan de notre passage aux ponts de Ferme-Rouge&#8230;<\/span><\/p>\n<p><!--more Lire la suite--><\/p>\n<p><span style=\"color: #ffffff;\">.<\/span><\/p>\n<div id=\"attachment_6926\" style=\"width: 659px\" class=\"wp-caption aligncenter\"><a href=\"http:\/\/pontscouverts.com\/blogue\/wp-content\/uploads\/2013\/07\/023.jpg\"><img aria-describedby=\"caption-attachment-6926\" loading=\"lazy\" class=\" wp-image-6926\" alt=\"OLYMPUS DIGITAL CAMERA\" src=\"http:\/\/pontscouverts.com\/blogue\/wp-content\/uploads\/2013\/07\/023.jpg\" width=\"649\" height=\"486\" srcset=\"https:\/\/pontscouverts.com\/blogue\/wp-content\/uploads\/2013\/07\/023.jpg 800w, https:\/\/pontscouverts.com\/blogue\/wp-content\/uploads\/2013\/07\/023-300x225.jpg 300w\" sizes=\"(max-width: 649px) 100vw, 649px\" \/><\/a><p id=\"caption-attachment-6926\" class=\"wp-caption-text\">Photo : Pascal Conner<\/p><\/div>\n<p style=\"text-align: justify;\"><span style=\"color: #000000;\">C&rsquo;est sous une pluie battante que nous nous \u00e9tions donn\u00e9s rendez-vous le 15 juin dernier vers 10h15. Le point de rencontre \u00e9tait l&rsquo;\u00eele Si\u00e9bert situ\u00e9e entre les 2 ponts couverts<\/span>.<\/p>\n<p><span style=\"color: #ffffff;\">.<\/span><\/p>\n<div id=\"attachment_6927\" style=\"width: 659px\" class=\"wp-caption aligncenter\"><a href=\"http:\/\/pontscouverts.com\/blogue\/wp-content\/uploads\/2013\/07\/033.jpg\"><img aria-describedby=\"caption-attachment-6927\" loading=\"lazy\" class=\" wp-image-6927\" alt=\"OLYMPUS DIGITAL CAMERA\" src=\"http:\/\/pontscouverts.com\/blogue\/wp-content\/uploads\/2013\/07\/033.jpg\" width=\"649\" height=\"486\" srcset=\"https:\/\/pontscouverts.com\/blogue\/wp-content\/uploads\/2013\/07\/033.jpg 800w, https:\/\/pontscouverts.com\/blogue\/wp-content\/uploads\/2013\/07\/033-300x225.jpg 300w\" sizes=\"(max-width: 649px) 100vw, 649px\" \/><\/a><p id=\"caption-attachment-6927\" class=\"wp-caption-text\">Photo : Pascal Conner<\/p><\/div>\n<p style=\"text-align: justify;\"><span style=\"color: #000000;\">Comme il pleuvait tellement fort, il fallait r\u00e9agir vite et surtout penser vite. Il a \u00e9t\u00e9 d\u00e9cid\u00e9 qu&rsquo;il vallait mieux se rendre sur la rive et ne r\u00e9aliser qu&rsquo;une seule mise en sc\u00e8ne qui montrerait les 2 ponts \u00e0 la fois plut\u00f4t que 2 sc\u00e9narios distincts.<\/span><\/p>\n<p><span style=\"color: #ffffff;\">.<\/span><\/p>\n<div id=\"attachment_6928\" style=\"width: 659px\" class=\"wp-caption aligncenter\"><a href=\"http:\/\/pontscouverts.com\/blogue\/wp-content\/uploads\/2013\/07\/043.jpg\"><img aria-describedby=\"caption-attachment-6928\" loading=\"lazy\" class=\" wp-image-6928\" alt=\"OLYMPUS DIGITAL CAMERA\" src=\"http:\/\/pontscouverts.com\/blogue\/wp-content\/uploads\/2013\/07\/043.jpg\" width=\"649\" height=\"486\" srcset=\"https:\/\/pontscouverts.com\/blogue\/wp-content\/uploads\/2013\/07\/043.jpg 800w, https:\/\/pontscouverts.com\/blogue\/wp-content\/uploads\/2013\/07\/043-300x225.jpg 300w\" sizes=\"(max-width: 649px) 100vw, 649px\" \/><\/a><p id=\"caption-attachment-6928\" class=\"wp-caption-text\">Photo : Pascal Conner<\/p><\/div>\n<p style=\"text-align: justify;\"><span style=\"color: #000000;\">Nos mari\u00e9s abitibiens ont t\u00f4t fait de rep\u00e9rer une maison abandonn\u00e9e \u00e0 quelques pas du Grand pont de Ferme-Rouge. C&rsquo;\u00e9tait l&rsquo;endroit id\u00e9al par se changer au sec et enfiler les habits de noce.<\/span><\/p>\n<p><span style=\"color: #ffffff;\">.<\/span><\/p>\n<div id=\"attachment_6929\" style=\"width: 659px\" class=\"wp-caption aligncenter\"><a href=\"http:\/\/pontscouverts.com\/blogue\/wp-content\/uploads\/2013\/07\/053.jpg\"><img aria-describedby=\"caption-attachment-6929\" loading=\"lazy\" class=\" wp-image-6929\" alt=\"OLYMPUS DIGITAL CAMERA\" src=\"http:\/\/pontscouverts.com\/blogue\/wp-content\/uploads\/2013\/07\/053.jpg\" width=\"649\" height=\"486\" srcset=\"https:\/\/pontscouverts.com\/blogue\/wp-content\/uploads\/2013\/07\/053.jpg 800w, https:\/\/pontscouverts.com\/blogue\/wp-content\/uploads\/2013\/07\/053-300x225.jpg 300w\" sizes=\"(max-width: 649px) 100vw, 649px\" \/><\/a><p id=\"caption-attachment-6929\" class=\"wp-caption-text\">Photo : Pascal Conner<\/p><\/div>\n<p style=\"text-align: justify;\"><span style=\"color: #000000;\">Les parapluies achet\u00e9s par pr\u00e9caution il y a plusieurs mois ont finalement servi. Voici Sylvie qui installe son mat\u00e9riel. Il est \u00e9videmment important de garder l&rsquo;appareil photo bien au sec<\/span>.<\/p>\n<p><span style=\"color: #ffffff;\">.<\/span><\/p>\n<div id=\"attachment_6930\" style=\"width: 659px\" class=\"wp-caption aligncenter\"><a href=\"http:\/\/pontscouverts.com\/blogue\/wp-content\/uploads\/2013\/07\/063.jpg\"><img aria-describedby=\"caption-attachment-6930\" loading=\"lazy\" class=\" wp-image-6930\" alt=\"OLYMPUS DIGITAL CAMERA\" src=\"http:\/\/pontscouverts.com\/blogue\/wp-content\/uploads\/2013\/07\/063.jpg\" width=\"649\" height=\"486\" srcset=\"https:\/\/pontscouverts.com\/blogue\/wp-content\/uploads\/2013\/07\/063.jpg 800w, https:\/\/pontscouverts.com\/blogue\/wp-content\/uploads\/2013\/07\/063-300x225.jpg 300w\" sizes=\"(max-width: 649px) 100vw, 649px\" \/><\/a><p id=\"caption-attachment-6930\" class=\"wp-caption-text\">Photo : Pascal Conner<\/p><\/div>\n<p style=\"text-align: justify;\"><span style=\"color: #000000;\">S\u00e9bastien prend place \u00e0 droite du Grand pont de Ferme-Rouge. \u00c0 cet endroit, il est possible d&rsquo;avoir une belle vue sur les 2 structures. Les voitures qui passent dans le pont ralentissent parce qu&rsquo;\u00e9videmment, les conducteurs sont bien curieux.<\/span><\/p>\n<p><span style=\"color: #ffffff;\">.<\/span><\/p>\n<div id=\"attachment_6931\" style=\"width: 659px\" class=\"wp-caption aligncenter\"><a href=\"http:\/\/pontscouverts.com\/blogue\/wp-content\/uploads\/2013\/07\/073.jpg\"><img aria-describedby=\"caption-attachment-6931\" loading=\"lazy\" class=\" wp-image-6931\" alt=\"OLYMPUS DIGITAL CAMERA\" src=\"http:\/\/pontscouverts.com\/blogue\/wp-content\/uploads\/2013\/07\/073.jpg\" width=\"649\" height=\"486\" srcset=\"https:\/\/pontscouverts.com\/blogue\/wp-content\/uploads\/2013\/07\/073.jpg 800w, https:\/\/pontscouverts.com\/blogue\/wp-content\/uploads\/2013\/07\/073-300x225.jpg 300w\" sizes=\"(max-width: 649px) 100vw, 649px\" \/><\/a><p id=\"caption-attachment-6931\" class=\"wp-caption-text\">Photo : Pascal Conner<\/p><\/div>\n<p style=\"text-align: justify;\"><span style=\"color: #000000;\">Sylvie effectue diff\u00e9rents tests de cadrage et elle marque l&rsquo;endroit o\u00f9 elle ira se placer. Pas besoin de dire que tout le monde est assez tremp\u00e9.<\/span><\/p>\n<p><span style=\"color: #ffffff;\">.<\/span><\/p>\n<div id=\"attachment_6932\" style=\"width: 659px\" class=\"wp-caption aligncenter\"><a href=\"http:\/\/pontscouverts.com\/blogue\/wp-content\/uploads\/2013\/07\/081.jpg\"><img aria-describedby=\"caption-attachment-6932\" loading=\"lazy\" class=\" wp-image-6932\" alt=\"08\" src=\"http:\/\/pontscouverts.com\/blogue\/wp-content\/uploads\/2013\/07\/081.jpg\" width=\"649\" height=\"430\" srcset=\"https:\/\/pontscouverts.com\/blogue\/wp-content\/uploads\/2013\/07\/081.jpg 800w, https:\/\/pontscouverts.com\/blogue\/wp-content\/uploads\/2013\/07\/081-300x199.jpg 300w\" sizes=\"(max-width: 649px) 100vw, 649px\" \/><\/a><p id=\"caption-attachment-6932\" class=\"wp-caption-text\">Photo : Sylvie Cr\u00e9peault<\/p><\/div>\n<p style=\"text-align: justify;\"><span style=\"color: #000000;\">Sylvie va se positionner et le sc\u00e9nario prend forme. Les gabarits, qui ont \u00e9t\u00e9 remplac\u00e9s au printemps, ne sont pas visibles dans la mise en sc\u00e8ne. Autant que possible, l&rsquo;artiste essaye de les \u00e9viter.<\/span><\/p>\n<p><span style=\"color: #ffffff;\">.<\/span><\/p>\n<div id=\"attachment_6933\" style=\"width: 659px\" class=\"wp-caption aligncenter\"><a href=\"http:\/\/pontscouverts.com\/blogue\/wp-content\/uploads\/2013\/07\/09.jpg\"><img aria-describedby=\"caption-attachment-6933\" loading=\"lazy\" class=\" wp-image-6933\" alt=\"09\" src=\"http:\/\/pontscouverts.com\/blogue\/wp-content\/uploads\/2013\/07\/09.jpg\" width=\"649\" height=\"430\" srcset=\"https:\/\/pontscouverts.com\/blogue\/wp-content\/uploads\/2013\/07\/09.jpg 800w, https:\/\/pontscouverts.com\/blogue\/wp-content\/uploads\/2013\/07\/09-300x199.jpg 300w\" sizes=\"(max-width: 649px) 100vw, 649px\" \/><\/a><p id=\"caption-attachment-6933\" class=\"wp-caption-text\">Photo : Sylvie Cr\u00e9peault<\/p><\/div>\n<p style=\"text-align: justify;\"><span style=\"color: #000000;\">G\u00e9n\u00e9ralement, entre 30 et 40 photos sont r\u00e9alis\u00e9es pour chaque mise en sc\u00e8ne. Par la suite, une fois rendue \u00e0 la maison, Sylvie les analyse attentivement afin de choisir le clich\u00e9 parfait.<\/span><\/p>\n<p><span style=\"color: #ffffff;\">.<\/span><\/p>\n<div id=\"attachment_6934\" style=\"width: 659px\" class=\"wp-caption aligncenter\"><a href=\"http:\/\/pontscouverts.com\/blogue\/wp-content\/uploads\/2013\/07\/10.jpg\"><img aria-describedby=\"caption-attachment-6934\" loading=\"lazy\" class=\" wp-image-6934\" alt=\"10\" src=\"http:\/\/pontscouverts.com\/blogue\/wp-content\/uploads\/2013\/07\/10.jpg\" width=\"649\" height=\"430\" srcset=\"https:\/\/pontscouverts.com\/blogue\/wp-content\/uploads\/2013\/07\/10.jpg 800w, https:\/\/pontscouverts.com\/blogue\/wp-content\/uploads\/2013\/07\/10-300x199.jpg 300w\" sizes=\"(max-width: 649px) 100vw, 649px\" \/><\/a><p id=\"caption-attachment-6934\" class=\"wp-caption-text\">Photo : Sylvie Cr\u00e9peault<\/p><\/div>\n<p style=\"text-align: justify;\"><span style=\"color: #000000;\">\u00c0 quelques reprises, la photographe va voir \u00e0 quoi ressemblent les photos pour v\u00e9rifier si elles correspondent \u00e0 ses attentes. Dans ce cas-ci, les premi\u00e8res photographies n&rsquo;ont pas \u00e9t\u00e9 retenues parce que le mari\u00e9 tenait le parapluie trop bas, ce qui cachait son chapeau.<\/span><\/p>\n<p><span style=\"color: #ffffff;\">.<\/span><\/p>\n<div id=\"attachment_6935\" style=\"width: 659px\" class=\"wp-caption aligncenter\"><a href=\"http:\/\/pontscouverts.com\/blogue\/wp-content\/uploads\/2013\/07\/11.jpg\"><img aria-describedby=\"caption-attachment-6935\" loading=\"lazy\" class=\" wp-image-6935\" alt=\"11\" src=\"http:\/\/pontscouverts.com\/blogue\/wp-content\/uploads\/2013\/07\/11.jpg\" width=\"649\" height=\"430\" srcset=\"https:\/\/pontscouverts.com\/blogue\/wp-content\/uploads\/2013\/07\/11.jpg 800w, https:\/\/pontscouverts.com\/blogue\/wp-content\/uploads\/2013\/07\/11-300x199.jpg 300w\" sizes=\"(max-width: 649px) 100vw, 649px\" \/><\/a><p id=\"caption-attachment-6935\" class=\"wp-caption-text\">Photo : Sylvie Cr\u00e9peault<\/p><\/div>\n<p style=\"text-align: justify;\"><span style=\"color: #000000;\">Une s\u00e9ance voit g\u00e9n\u00e9ralement na\u00eetre plusieurs fous rire et pluie ou pas, il faut bien s&rsquo;amuser car c&rsquo;est aussi le but.<\/span><\/p>\n<p><span style=\"color: #ffffff;\">.<\/span><\/p>\n<div id=\"attachment_6936\" style=\"width: 659px\" class=\"wp-caption aligncenter\"><a href=\"http:\/\/pontscouverts.com\/blogue\/wp-content\/uploads\/2013\/07\/12.jpg\"><img aria-describedby=\"caption-attachment-6936\" loading=\"lazy\" class=\" wp-image-6936\" alt=\"12\" src=\"http:\/\/pontscouverts.com\/blogue\/wp-content\/uploads\/2013\/07\/12.jpg\" width=\"649\" height=\"486\" srcset=\"https:\/\/pontscouverts.com\/blogue\/wp-content\/uploads\/2013\/07\/12.jpg 864w, https:\/\/pontscouverts.com\/blogue\/wp-content\/uploads\/2013\/07\/12-e1576243652820-150x113.jpg 150w, https:\/\/pontscouverts.com\/blogue\/wp-content\/uploads\/2013\/07\/12-300x225.jpg 300w\" sizes=\"(max-width: 649px) 100vw, 649px\" \/><\/a><p id=\"caption-attachment-6936\" class=\"wp-caption-text\">Photo : Sylvie Cr\u00e9peault<\/p><\/div>\n<p style=\"text-align: justify;\"><span style=\"color: #000000;\">Voici le clich\u00e9 officiel retenu pour le projet <strong><em>T\u00e9moins de notre histoire<\/em><\/strong>. Rappelons que les mises en sc\u00e8ne sont en noir et blanc. Au d\u00e9part, le projet ne devait couvrir que les ponts couverts de l&rsquo;Abitibi, mais Sylvie a d\u00e9cid\u00e9 de poursuivre son aventure dans les autres r\u00e9gions du Qu\u00e9bec.<\/span><\/p>\n<p><span style=\"color: #ffffff;\">.<\/span><\/p>\n<div id=\"attachment_6937\" style=\"width: 659px\" class=\"wp-caption aligncenter\"><a href=\"http:\/\/pontscouverts.com\/blogue\/wp-content\/uploads\/2013\/07\/13.jpg\"><img aria-describedby=\"caption-attachment-6937\" loading=\"lazy\" class=\" wp-image-6937\" alt=\"OLYMPUS DIGITAL CAMERA\" src=\"http:\/\/pontscouverts.com\/blogue\/wp-content\/uploads\/2013\/07\/13.jpg\" width=\"649\" height=\"486\" srcset=\"https:\/\/pontscouverts.com\/blogue\/wp-content\/uploads\/2013\/07\/13.jpg 800w, https:\/\/pontscouverts.com\/blogue\/wp-content\/uploads\/2013\/07\/13-300x225.jpg 300w\" sizes=\"(max-width: 649px) 100vw, 649px\" \/><\/a><p id=\"caption-attachment-6937\" class=\"wp-caption-text\">Photo : Pascal Conner<\/p><\/div>\n<p style=\"text-align: justify;\"><span style=\"color: #000000;\">\u00c0 Kiamika, une halte avec un abri couvert nous a permis de jaser au sec un petit moment avant de reprendre la route vers Chute-St-Philippe o\u00f9 se trouve le pont Armand-Lacha\u00eene. Mais \u00e7a, c&rsquo;est une autre aventure&#8230;<\/span><\/p>\n<p><span style=\"color: #ffffff;\">.<\/span><\/p>\n<div id=\"attachment_6938\" style=\"width: 659px\" class=\"wp-caption aligncenter\"><a href=\"http:\/\/pontscouverts.com\/blogue\/wp-content\/uploads\/2013\/07\/14.jpg\"><img aria-describedby=\"caption-attachment-6938\" loading=\"lazy\" class=\" wp-image-6938\" alt=\"OLYMPUS DIGITAL CAMERA\" src=\"http:\/\/pontscouverts.com\/blogue\/wp-content\/uploads\/2013\/07\/14.jpg\" width=\"649\" height=\"486\" srcset=\"https:\/\/pontscouverts.com\/blogue\/wp-content\/uploads\/2013\/07\/14.jpg 800w, https:\/\/pontscouverts.com\/blogue\/wp-content\/uploads\/2013\/07\/14-300x225.jpg 300w\" sizes=\"(max-width: 649px) 100vw, 649px\" \/><\/a><p id=\"caption-attachment-6938\" class=\"wp-caption-text\">Photo : Pascal Conner<\/p><\/div>\n<p style=\"text-align: justify;\"><span style=\"color: #000000;\">Le blogue sera de retour \u00e0 la fin du mois de juillet pour quelques autres billets avant que les vacances se poursuivent au mois d&rsquo;ao\u00fbt. D&rsquo;ici l\u00e0, bon \u00e9t\u00e9 et n&rsquo;h\u00e9sitez pas \u00e0 m&rsquo;envoyer des photos si vous visitez des ponts couverts pendant vos d\u00e9placements.<\/span><\/p>\n<h1 style=\"text-align: center;\"><span style=\"color: #0000ff;\">BONNES VACANCES<\/span><\/h1>\n<p style=\"text-align: center;\"><span style=\"color: #ffffff;\">.<\/span><\/p>\n<p style=\"text-align: center;\">\n","protected":false},"excerpt":{"rendered":"<p>L&rsquo;heure des vacances a enfin sonn\u00e9 et c&rsquo;est avec la premi\u00e8re mise en sc\u00e8ne du projet T\u00e9moins de notre histoire que je laisse les lecteurs du blogue pour quelques jours. C&rsquo;est toujours un pur plaisir de replonger dans l&rsquo;oeuvre imagin\u00e9e par l&rsquo;artiste Sylvie Cr\u00e9peault. Cette fois, c&rsquo;est 7 nouveaux clich\u00e9s qui ont \u00e9t\u00e9 r\u00e9alis\u00e9s en [&hellip;]<\/p>\n","protected":false},"author":1,"featured_media":0,"comment_status":"open","ping_status":"open","sticky":false,"template":"","format":"standard","meta":[],"categories":[3],"tags":[],"_links":{"self":[{"href":"https:\/\/pontscouverts.com\/blogue\/wp-json\/wp\/v2\/posts\/6923"}],"collection":[{"href":"https:\/\/pontscouverts.com\/blogue\/wp-json\/wp\/v2\/posts"}],"about":[{"href":"https:\/\/pontscouverts.com\/blogue\/wp-json\/wp\/v2\/types\/post"}],"author":[{"embeddable":true,"href":"https:\/\/pontscouverts.com\/blogue\/wp-json\/wp\/v2\/users\/1"}],"replies":[{"embeddable":true,"href":"https:\/\/pontscouverts.com\/blogue\/wp-json\/wp\/v2\/comments?post=6923"}],"version-history":[{"count":17,"href":"https:\/\/pontscouverts.com\/blogue\/wp-json\/wp\/v2\/posts\/6923\/revisions"}],"predecessor-version":[{"id":7047,"href":"https:\/\/pontscouverts.com\/blogue\/wp-json\/wp\/v2\/posts\/6923\/revisions\/7047"}],"wp:attachment":[{"href":"https:\/\/pontscouverts.com\/blogue\/wp-json\/wp\/v2\/media?parent=6923"}],"wp:term":[{"taxonomy":"category","embeddable":true,"href":"https:\/\/pontscouverts.com\/blogue\/wp-json\/wp\/v2\/categories?post=6923"},{"taxonomy":"post_tag","embeddable":true,"href":"https:\/\/pontscouverts.com\/blogue\/wp-json\/wp\/v2\/tags?post=6923"}],"curies":[{"name":"wp","href":"https:\/\/api.w.org\/{rel}","templated":true}]}}