{"id":6879,"date":"2013-07-04T23:00:05","date_gmt":"2013-07-05T03:00:05","guid":{"rendered":"http:\/\/pontscouverts.com\/blogue\/?p=6879"},"modified":"2013-07-08T22:38:07","modified_gmt":"2013-07-09T02:38:07","slug":"un-arret-au-pont-couvert-de-lanse-st-jean-damqui","status":"publish","type":"post","link":"https:\/\/pontscouverts.com\/blogue\/2013\/07\/04\/un-arret-au-pont-couvert-de-lanse-st-jean-damqui\/","title":{"rendered":"Un arr\u00eat au pont couvert de l&rsquo;Anse-St-Jean d&rsquo;Amqui"},"content":{"rendered":"<div id=\"attachment_6880\" style=\"width: 650px\" class=\"wp-caption aligncenter\"><a href=\"http:\/\/pontscouverts.com\/blogue\/wp-content\/uploads\/2013\/07\/012.jpg\"><img aria-describedby=\"caption-attachment-6880\" loading=\"lazy\" class=\" wp-image-6880\" alt=\"01\" src=\"http:\/\/pontscouverts.com\/blogue\/wp-content\/uploads\/2013\/07\/012.jpg\" width=\"640\" height=\"425\" srcset=\"https:\/\/pontscouverts.com\/blogue\/wp-content\/uploads\/2013\/07\/012.jpg 800w, https:\/\/pontscouverts.com\/blogue\/wp-content\/uploads\/2013\/07\/012-e1617021120680-150x100.jpg 150w, https:\/\/pontscouverts.com\/blogue\/wp-content\/uploads\/2013\/07\/012-300x199.jpg 300w\" sizes=\"(max-width: 640px) 100vw, 640px\" \/><\/a><p id=\"caption-attachment-6880\" class=\"wp-caption-text\">Photo : Sylvie Cr\u00e9peault<\/p><\/div>\n<p style=\"text-align: justify;\"><span style=\"color: #000000;\">Pour terminer cette premi\u00e8re semaine de juillet, voici le quatri\u00e8me et dernier pont couvert visit\u00e9 il y a quelques jours par Sylvie Cr\u00e9peault. Tout est sous contr\u00f4le au <span style=\"color: #0000ff;\"><a href=\"http:\/\/www.pontscouverts.com\/Pontscouverts1\/Anse-St-Jean.html\"><span style=\"color: #0000ff;\">pont de l&rsquo;Anse-St-Jean<\/span><\/a><\/span>. Avec les vacances qui arrivent, le Bas-St-Laurent est une destination de choix o\u00f9 on retrouve plusieurs ponts couverts&#8230;<\/span><\/p>\n<p><!--more Lire la suite--><\/p>\n<p><span style=\"color: #ffffff;\">\u00a0.<\/span><\/p>\n<div id=\"attachment_6881\" style=\"width: 659px\" class=\"wp-caption aligncenter\"><a href=\"http:\/\/pontscouverts.com\/blogue\/wp-content\/uploads\/2013\/07\/022.jpg\"><img aria-describedby=\"caption-attachment-6881\" loading=\"lazy\" class=\" wp-image-6881\" alt=\"02\" src=\"http:\/\/pontscouverts.com\/blogue\/wp-content\/uploads\/2013\/07\/022.jpg\" width=\"649\" height=\"430\" srcset=\"https:\/\/pontscouverts.com\/blogue\/wp-content\/uploads\/2013\/07\/022.jpg 800w, https:\/\/pontscouverts.com\/blogue\/wp-content\/uploads\/2013\/07\/022-300x199.jpg 300w\" sizes=\"(max-width: 649px) 100vw, 649px\" \/><\/a><p id=\"caption-attachment-6881\" class=\"wp-caption-text\">Photo : Sylvie Cr\u00e9peault<\/p><\/div>\n<p style=\"text-align: justify;\"><span style=\"color: #000000;\">C&rsquo;est cette r\u00e9plique de pont couvert qui souhaite la bienvenue aux visiteurs qui arrivent \u00e0 Amqui par la route 132. Le maire de cette charmante municipalit\u00e9 n&rsquo;a jamais cach\u00e9 sa passion pour les ponts couverts.<\/span><\/p>\n<p style=\"text-align: justify;\"><span style=\"color: #ffffff;\">.<\/span><\/p>\n<div id=\"attachment_6882\" style=\"width: 659px\" class=\"wp-caption aligncenter\"><a href=\"http:\/\/pontscouverts.com\/blogue\/wp-content\/uploads\/2013\/07\/032.jpg\"><img aria-describedby=\"caption-attachment-6882\" loading=\"lazy\" class=\" wp-image-6882\" alt=\"03\" src=\"http:\/\/pontscouverts.com\/blogue\/wp-content\/uploads\/2013\/07\/032.jpg\" width=\"649\" height=\"430\" srcset=\"https:\/\/pontscouverts.com\/blogue\/wp-content\/uploads\/2013\/07\/032.jpg 800w, https:\/\/pontscouverts.com\/blogue\/wp-content\/uploads\/2013\/07\/032-e1617021083288-150x100.jpg 150w, https:\/\/pontscouverts.com\/blogue\/wp-content\/uploads\/2013\/07\/032-300x199.jpg 300w\" sizes=\"(max-width: 649px) 100vw, 649px\" \/><\/a><p id=\"caption-attachment-6882\" class=\"wp-caption-text\">Photo : Sylvie Cr\u00e9peault<\/p><\/div>\n<p style=\"text-align: justify;\"><span style=\"color: #000000;\">Construit en 1931, le pont de l&rsquo;Anse-St-Jean se dresse au-dessus de la rivi\u00e8re Matap\u00e9dia. Il affiche une charge maximum de 8 tonnes.<\/span><\/p>\n<p><span style=\"color: #ffffff;\">.<\/span><\/p>\n<div id=\"attachment_6883\" style=\"width: 659px\" class=\"wp-caption aligncenter\"><a href=\"http:\/\/pontscouverts.com\/blogue\/wp-content\/uploads\/2013\/07\/042.jpg\"><img aria-describedby=\"caption-attachment-6883\" loading=\"lazy\" class=\" wp-image-6883\" alt=\"04\" src=\"http:\/\/pontscouverts.com\/blogue\/wp-content\/uploads\/2013\/07\/042.jpg\" width=\"649\" height=\"430\" srcset=\"https:\/\/pontscouverts.com\/blogue\/wp-content\/uploads\/2013\/07\/042.jpg 800w, https:\/\/pontscouverts.com\/blogue\/wp-content\/uploads\/2013\/07\/042-e1617021111213-150x100.jpg 150w, https:\/\/pontscouverts.com\/blogue\/wp-content\/uploads\/2013\/07\/042-300x199.jpg 300w\" sizes=\"(max-width: 649px) 100vw, 649px\" \/><\/a><p id=\"caption-attachment-6883\" class=\"wp-caption-text\">Photo : Sylvie Cr\u00e9peault<\/p><\/div>\n<p style=\"text-align: justify;\"><span style=\"color: #000000;\">Comme \u00e0 chaque ann\u00e9e, des bacs \u00e0 fleurs sont accroch\u00e9s au pont \u00e0 la hauteur des ouvertures lat\u00e9rales, ce qui rend la structure plus accueillante. Cette initiative pourrait \u00eatre imit\u00e9e par d&rsquo;autres municipalit\u00e9s o\u00f9 on retrouve un pont couvert.<\/span><\/p>\n<p><span style=\"color: #ffffff;\">.<\/span><\/p>\n<div id=\"attachment_6884\" style=\"width: 659px\" class=\"wp-caption aligncenter\"><a href=\"http:\/\/pontscouverts.com\/blogue\/wp-content\/uploads\/2013\/07\/052.jpg\"><img aria-describedby=\"caption-attachment-6884\" loading=\"lazy\" class=\" wp-image-6884\" alt=\"05\" src=\"http:\/\/pontscouverts.com\/blogue\/wp-content\/uploads\/2013\/07\/052.jpg\" width=\"649\" height=\"430\" srcset=\"https:\/\/pontscouverts.com\/blogue\/wp-content\/uploads\/2013\/07\/052.jpg 800w, https:\/\/pontscouverts.com\/blogue\/wp-content\/uploads\/2013\/07\/052-e1617021102414-150x100.jpg 150w, https:\/\/pontscouverts.com\/blogue\/wp-content\/uploads\/2013\/07\/052-300x199.jpg 300w\" sizes=\"(max-width: 649px) 100vw, 649px\" \/><\/a><p id=\"caption-attachment-6884\" class=\"wp-caption-text\">Photo : Sylvie Cr\u00e9peault<\/p><\/div>\n<p style=\"text-align: justify;\"><span style=\"color: #000000;\">Ce support sert \u00e0 ins\u00e9rer des drapeaux mais je n&rsquo;en ai jamais vus en place. On en retrouve un de chaque c\u00f4t\u00e9 du pont.<\/span><\/p>\n<p><span style=\"color: #ffffff;\">.<\/span><\/p>\n<div id=\"attachment_6885\" style=\"width: 659px\" class=\"wp-caption aligncenter\"><a href=\"http:\/\/pontscouverts.com\/blogue\/wp-content\/uploads\/2013\/07\/062.jpg\"><img aria-describedby=\"caption-attachment-6885\" loading=\"lazy\" class=\" wp-image-6885\" alt=\"06\" src=\"http:\/\/pontscouverts.com\/blogue\/wp-content\/uploads\/2013\/07\/062.jpg\" width=\"649\" height=\"430\" srcset=\"https:\/\/pontscouverts.com\/blogue\/wp-content\/uploads\/2013\/07\/062.jpg 800w, https:\/\/pontscouverts.com\/blogue\/wp-content\/uploads\/2013\/07\/062-e1617021092160-150x100.jpg 150w, https:\/\/pontscouverts.com\/blogue\/wp-content\/uploads\/2013\/07\/062-300x199.jpg 300w\" sizes=\"(max-width: 649px) 100vw, 649px\" \/><\/a><p id=\"caption-attachment-6885\" class=\"wp-caption-text\">Photo : Sylvie Cr\u00e9peault<\/p><\/div>\n<p style=\"text-align: justify;\"><span style=\"color: #000000;\">Le pont de l&rsquo;Anse-St-Jean est \u00e9clair\u00e9 la nuit. Rappelons que ce pont couvert a \u00e9t\u00e9 sauv\u00e9 de la d\u00e9molition et r\u00e9par\u00e9 en 1993 avec des m\u00e9thodes incompatibles \u00e0 ce type de structure. La partie inf\u00e9rieure est neuve et le toit a \u00e9t\u00e9 replac\u00e9 sur cette nouvelle construction acier-bois.<\/span><\/p>\n<p><span style=\"color: #ffffff;\">.<\/span><\/p>\n<div id=\"attachment_6886\" style=\"width: 659px\" class=\"wp-caption aligncenter\"><a href=\"http:\/\/pontscouverts.com\/blogue\/wp-content\/uploads\/2013\/07\/072.jpg\"><img aria-describedby=\"caption-attachment-6886\" loading=\"lazy\" class=\" wp-image-6886\" alt=\"07\" src=\"http:\/\/pontscouverts.com\/blogue\/wp-content\/uploads\/2013\/07\/072.jpg\" width=\"649\" height=\"430\" srcset=\"https:\/\/pontscouverts.com\/blogue\/wp-content\/uploads\/2013\/07\/072.jpg 800w, https:\/\/pontscouverts.com\/blogue\/wp-content\/uploads\/2013\/07\/072-300x199.jpg 300w\" sizes=\"(max-width: 649px) 100vw, 649px\" \/><\/a><p id=\"caption-attachment-6886\" class=\"wp-caption-text\">Photo : Sylvie Cr\u00e9peault<\/p><\/div>\n<p style=\"text-align: justify;\"><span style=\"color: #000000;\">Nous voici maintenant de l&rsquo;autre c\u00f4t\u00e9 de la structure en comparaison avec les premi\u00e8res photos. On remarque le pilier central en forme de brise-glace. Merci \u00e0 Sylvie pour ces photos r\u00e9centes qui ont agr\u00e9ment\u00e9 notre semaine souvent grise.<\/span><\/p>\n<h1 style=\"text-align: center;\"><span style=\"color: #ff0000;\">BONNE FIN DE SEMAINE<\/span><\/h1>\n<p style=\"text-align: left;\"><span style=\"color: #ffffff;\">.<\/span><\/p>\n","protected":false},"excerpt":{"rendered":"<p>Pour terminer cette premi\u00e8re semaine de juillet, voici le quatri\u00e8me et dernier pont couvert visit\u00e9 il y a quelques jours par Sylvie Cr\u00e9peault. Tout est sous contr\u00f4le au pont de l&rsquo;Anse-St-Jean. Avec les vacances qui arrivent, le Bas-St-Laurent est une destination de choix o\u00f9 on retrouve plusieurs ponts couverts&#8230;<\/p>\n","protected":false},"author":1,"featured_media":0,"comment_status":"open","ping_status":"open","sticky":false,"template":"","format":"standard","meta":[],"categories":[3],"tags":[],"_links":{"self":[{"href":"https:\/\/pontscouverts.com\/blogue\/wp-json\/wp\/v2\/posts\/6879"}],"collection":[{"href":"https:\/\/pontscouverts.com\/blogue\/wp-json\/wp\/v2\/posts"}],"about":[{"href":"https:\/\/pontscouverts.com\/blogue\/wp-json\/wp\/v2\/types\/post"}],"author":[{"embeddable":true,"href":"https:\/\/pontscouverts.com\/blogue\/wp-json\/wp\/v2\/users\/1"}],"replies":[{"embeddable":true,"href":"https:\/\/pontscouverts.com\/blogue\/wp-json\/wp\/v2\/comments?post=6879"}],"version-history":[{"count":6,"href":"https:\/\/pontscouverts.com\/blogue\/wp-json\/wp\/v2\/posts\/6879\/revisions"}],"predecessor-version":[{"id":6957,"href":"https:\/\/pontscouverts.com\/blogue\/wp-json\/wp\/v2\/posts\/6879\/revisions\/6957"}],"wp:attachment":[{"href":"https:\/\/pontscouverts.com\/blogue\/wp-json\/wp\/v2\/media?parent=6879"}],"wp:term":[{"taxonomy":"category","embeddable":true,"href":"https:\/\/pontscouverts.com\/blogue\/wp-json\/wp\/v2\/categories?post=6879"},{"taxonomy":"post_tag","embeddable":true,"href":"https:\/\/pontscouverts.com\/blogue\/wp-json\/wp\/v2\/tags?post=6879"}],"curies":[{"name":"wp","href":"https:\/\/api.w.org\/{rel}","templated":true}]}}