{"id":6870,"date":"2013-07-03T23:00:54","date_gmt":"2013-07-04T03:00:54","guid":{"rendered":"http:\/\/pontscouverts.com\/blogue\/?p=6870"},"modified":"2013-07-08T22:37:10","modified_gmt":"2013-07-09T02:37:10","slug":"la-vie-est-belle-au-pont-heppell-2","status":"publish","type":"post","link":"https:\/\/pontscouverts.com\/blogue\/2013\/07\/03\/la-vie-est-belle-au-pont-heppell-2\/","title":{"rendered":"La vie est belle au pont Heppell"},"content":{"rendered":"<div id=\"attachment_6871\" style=\"width: 650px\" class=\"wp-caption aligncenter\"><a href=\"http:\/\/pontscouverts.com\/blogue\/wp-content\/uploads\/2013\/07\/011.jpg\"><img aria-describedby=\"caption-attachment-6871\" loading=\"lazy\" class=\" wp-image-6871\" alt=\"01\" src=\"http:\/\/pontscouverts.com\/blogue\/wp-content\/uploads\/2013\/07\/011.jpg\" width=\"640\" height=\"425\" srcset=\"https:\/\/pontscouverts.com\/blogue\/wp-content\/uploads\/2013\/07\/011.jpg 800w, https:\/\/pontscouverts.com\/blogue\/wp-content\/uploads\/2013\/07\/011-300x199.jpg 300w\" sizes=\"(max-width: 640px) 100vw, 640px\" \/><\/a><p id=\"caption-attachment-6871\" class=\"wp-caption-text\">Photo : Sylvie Cr\u00e9peault<\/p><\/div>\n<p style=\"text-align: justify;\"><span style=\"color: #000000;\">La semaine se poursuit avec le <span style=\"color: #0000ff;\"><a href=\"http:\/\/www.pontscouverts.com\/Pontscouverts1\/Heppell.html\"><span style=\"color: #0000ff;\">pont Heppell<\/span><\/a><\/span>, soit le troisi\u00e8me pont couvert visit\u00e9 par Sylvie Cr\u00e9peault lors de son passage dans la Vall\u00e9e de la Matap\u00e9dia il y a quelques jours. En ce d\u00e9but de journ\u00e9e, des p\u00eacheurs \u00e9taient d\u00e9j\u00e0 sur place&#8230;<\/span><\/p>\n<p><!--more Lire la suite--><\/p>\n<p><span style=\"color: #ffffff;\">.<\/span><\/p>\n<div id=\"attachment_6872\" style=\"width: 659px\" class=\"wp-caption aligncenter\"><a href=\"http:\/\/pontscouverts.com\/blogue\/wp-content\/uploads\/2013\/07\/021.jpg\"><img aria-describedby=\"caption-attachment-6872\" loading=\"lazy\" class=\" wp-image-6872\" alt=\"02\" src=\"http:\/\/pontscouverts.com\/blogue\/wp-content\/uploads\/2013\/07\/021.jpg\" width=\"649\" height=\"430\" srcset=\"https:\/\/pontscouverts.com\/blogue\/wp-content\/uploads\/2013\/07\/021.jpg 800w, https:\/\/pontscouverts.com\/blogue\/wp-content\/uploads\/2013\/07\/021-300x199.jpg 300w\" sizes=\"(max-width: 649px) 100vw, 649px\" \/><\/a><p id=\"caption-attachment-6872\" class=\"wp-caption-text\">Photo : Sylvie Cr\u00e9peault<\/p><\/div>\n<p style=\"text-align: justify;\"><span style=\"color: #000000;\">Construit en 1909, on se souvient qu&rsquo;une grande f\u00eate s&rsquo;\u00e9tait d\u00e9roul\u00e9e au pont Heppell en ao\u00fbt 2009 pour souligner le centi\u00e8me anniversaire du pont couvert. Cette structure n&rsquo;est pas prot\u00e9g\u00e9e par des gabarits.<\/span><\/p>\n<p><span style=\"color: #ffffff;\">.<\/span><\/p>\n<div id=\"attachment_6873\" style=\"width: 659px\" class=\"wp-caption aligncenter\"><a href=\"http:\/\/pontscouverts.com\/blogue\/wp-content\/uploads\/2013\/07\/031.jpg\"><img aria-describedby=\"caption-attachment-6873\" loading=\"lazy\" class=\" wp-image-6873\" alt=\"03\" src=\"http:\/\/pontscouverts.com\/blogue\/wp-content\/uploads\/2013\/07\/031.jpg\" width=\"649\" height=\"430\" srcset=\"https:\/\/pontscouverts.com\/blogue\/wp-content\/uploads\/2013\/07\/031.jpg 800w, https:\/\/pontscouverts.com\/blogue\/wp-content\/uploads\/2013\/07\/031-300x199.jpg 300w\" sizes=\"(max-width: 649px) 100vw, 649px\" \/><\/a><p id=\"caption-attachment-6873\" class=\"wp-caption-text\">Photo : Sylvie Cr\u00e9peault<\/p><\/div>\n<p style=\"text-align: justify;\"><span style=\"color: #000000;\">C&rsquo;est aussi en 2009 qu&rsquo;on a ajout\u00e9 un 2e panneau juste au-dessus de celui produit par la SQPC et le minist\u00e8re de la Culture.<\/span><\/p>\n<p><span style=\"color: #ffffff;\">.<\/span><\/p>\n<div id=\"attachment_6874\" style=\"width: 659px\" class=\"wp-caption aligncenter\"><a href=\"http:\/\/pontscouverts.com\/blogue\/wp-content\/uploads\/2013\/07\/041.jpg\"><img aria-describedby=\"caption-attachment-6874\" loading=\"lazy\" class=\" wp-image-6874\" alt=\"04\" src=\"http:\/\/pontscouverts.com\/blogue\/wp-content\/uploads\/2013\/07\/041.jpg\" width=\"649\" height=\"430\" srcset=\"https:\/\/pontscouverts.com\/blogue\/wp-content\/uploads\/2013\/07\/041.jpg 800w, https:\/\/pontscouverts.com\/blogue\/wp-content\/uploads\/2013\/07\/041-300x199.jpg 300w\" sizes=\"(max-width: 649px) 100vw, 649px\" \/><\/a><p id=\"caption-attachment-6874\" class=\"wp-caption-text\">Photo : Sylvie Cr\u00e9peault<\/p><\/div>\n<p style=\"text-align: justify;\"><span style=\"color: #000000;\">\u00c0 travers cette ouverture dans le lambris du pont, on peut observer 2 p\u00eacheurs en action. En effet, une fosse \u00e0 saumon situ\u00e9e sous le pont en fait un lieu tr\u00e8s fr\u00e9quent\u00e9.<\/span><\/p>\n<p><span style=\"color: #ffffff;\">.<\/span><\/p>\n<div id=\"attachment_6875\" style=\"width: 659px\" class=\"wp-caption aligncenter\"><a href=\"http:\/\/pontscouverts.com\/blogue\/wp-content\/uploads\/2013\/07\/051.jpg\"><img aria-describedby=\"caption-attachment-6875\" loading=\"lazy\" class=\" wp-image-6875\" alt=\"05\" src=\"http:\/\/pontscouverts.com\/blogue\/wp-content\/uploads\/2013\/07\/051.jpg\" width=\"649\" height=\"430\" srcset=\"https:\/\/pontscouverts.com\/blogue\/wp-content\/uploads\/2013\/07\/051.jpg 800w, https:\/\/pontscouverts.com\/blogue\/wp-content\/uploads\/2013\/07\/051-300x199.jpg 300w\" sizes=\"(max-width: 649px) 100vw, 649px\" \/><\/a><p id=\"caption-attachment-6875\" class=\"wp-caption-text\">Photo : Sylvie Cr\u00e9peault<\/p><\/div>\n<p style=\"text-align: justify;\"><span style=\"color: #000000;\">Le pont a \u00e9t\u00e9 repeint en 2002 par un b\u00e9n\u00e9vole. Les travaux ont dur\u00e9 un mois et le mat\u00e9riel a \u00e9t\u00e9 fourni par 4 entreprises, ce qui explique peut-\u00eatre les diff\u00e9rentes teintes de rouge visibles sur le lambris.<\/span><\/p>\n<p><span style=\"color: #ffffff;\">.<\/span><\/p>\n<div id=\"attachment_6876\" style=\"width: 659px\" class=\"wp-caption aligncenter\"><a href=\"http:\/\/pontscouverts.com\/blogue\/wp-content\/uploads\/2013\/07\/061.jpg\"><img aria-describedby=\"caption-attachment-6876\" loading=\"lazy\" class=\" wp-image-6876\" alt=\"06\" src=\"http:\/\/pontscouverts.com\/blogue\/wp-content\/uploads\/2013\/07\/061.jpg\" width=\"649\" height=\"430\" srcset=\"https:\/\/pontscouverts.com\/blogue\/wp-content\/uploads\/2013\/07\/061.jpg 800w, https:\/\/pontscouverts.com\/blogue\/wp-content\/uploads\/2013\/07\/061-300x199.jpg 300w\" sizes=\"(max-width: 649px) 100vw, 649px\" \/><\/a><p id=\"caption-attachment-6876\" class=\"wp-caption-text\">Photo : Sylvie Cr\u00e9peault<\/p><\/div>\n<p><span style=\"color: #000000;\">Sur le site d&rsquo;interpr\u00e9tation du hameau Heppell, le sculpteur Denys Heppell, natif de l&rsquo;endroit, a laiss\u00e9 un monument magnifique avec 3 travailleurs stylis\u00e9s qui repr\u00e9sentent les 3 g\u00e9n\u00e9rations qui ont particip\u00e9s \u00e0 la r\u00e9alisation du pont Heppell.<\/span><\/p>\n<p><span style=\"color: #ffffff;\">.<\/span><\/p>\n<div id=\"attachment_6877\" style=\"width: 659px\" class=\"wp-caption aligncenter\"><a href=\"http:\/\/pontscouverts.com\/blogue\/wp-content\/uploads\/2013\/07\/071.jpg\"><img aria-describedby=\"caption-attachment-6877\" loading=\"lazy\" class=\" wp-image-6877\" alt=\"07\" src=\"http:\/\/pontscouverts.com\/blogue\/wp-content\/uploads\/2013\/07\/071.jpg\" width=\"649\" height=\"430\" srcset=\"https:\/\/pontscouverts.com\/blogue\/wp-content\/uploads\/2013\/07\/071.jpg 800w, https:\/\/pontscouverts.com\/blogue\/wp-content\/uploads\/2013\/07\/071-300x199.jpg 300w\" sizes=\"(max-width: 649px) 100vw, 649px\" \/><\/a><p id=\"caption-attachment-6877\" class=\"wp-caption-text\">Photo : Sylvie Cr\u00e9peault<\/p><\/div>\n<p style=\"text-align: justify;\"><span style=\"color: #000000;\">Terminons ce billet en remerciant Sylvie pour les photos et en rappelant \u00e0 nouveau cet anecdote :\u00a0Avant la construction du pont couvert Heppell, les 2 familles r\u00e9sidant de l\u2019autre c\u00f4t\u00e9 de la rivi\u00e8re Matap\u00e9dia devaient utiliser un petit bac qui assurait la liaison entre les 2 rives. Lorsque le besoin d\u2019un lien permanent se fit sentir, les 2 familles ne purent se d\u00e9cider sur un emplacement qui satisfasse les 2 parties. Chaque famille construisit donc son propre pont. Les ponts Heppell et <span style=\"color: #0000ff;\"><a href=\"http:\/\/www.pontscouverts.com\/Pontscouverts2\/Plante.html\" target=\"_blank\"><span style=\"color: #0000ff;\">Plante<\/span><\/a><\/span>\u00a0virent le jour.<\/span><\/p>\n<p style=\"text-align: left;\"><span style=\"color: #ffffff;\">.<\/span><\/p>\n","protected":false},"excerpt":{"rendered":"<p>La semaine se poursuit avec le pont Heppell, soit le troisi\u00e8me pont couvert visit\u00e9 par Sylvie Cr\u00e9peault lors de son passage dans la Vall\u00e9e de la Matap\u00e9dia il y a quelques jours. En ce d\u00e9but de journ\u00e9e, des p\u00eacheurs \u00e9taient d\u00e9j\u00e0 sur place&#8230;<\/p>\n","protected":false},"author":1,"featured_media":0,"comment_status":"open","ping_status":"open","sticky":false,"template":"","format":"standard","meta":[],"categories":[3],"tags":[],"_links":{"self":[{"href":"https:\/\/pontscouverts.com\/blogue\/wp-json\/wp\/v2\/posts\/6870"}],"collection":[{"href":"https:\/\/pontscouverts.com\/blogue\/wp-json\/wp\/v2\/posts"}],"about":[{"href":"https:\/\/pontscouverts.com\/blogue\/wp-json\/wp\/v2\/types\/post"}],"author":[{"embeddable":true,"href":"https:\/\/pontscouverts.com\/blogue\/wp-json\/wp\/v2\/users\/1"}],"replies":[{"embeddable":true,"href":"https:\/\/pontscouverts.com\/blogue\/wp-json\/wp\/v2\/comments?post=6870"}],"version-history":[{"count":9,"href":"https:\/\/pontscouverts.com\/blogue\/wp-json\/wp\/v2\/posts\/6870\/revisions"}],"predecessor-version":[{"id":6956,"href":"https:\/\/pontscouverts.com\/blogue\/wp-json\/wp\/v2\/posts\/6870\/revisions\/6956"}],"wp:attachment":[{"href":"https:\/\/pontscouverts.com\/blogue\/wp-json\/wp\/v2\/media?parent=6870"}],"wp:term":[{"taxonomy":"category","embeddable":true,"href":"https:\/\/pontscouverts.com\/blogue\/wp-json\/wp\/v2\/categories?post=6870"},{"taxonomy":"post_tag","embeddable":true,"href":"https:\/\/pontscouverts.com\/blogue\/wp-json\/wp\/v2\/tags?post=6870"}],"curies":[{"name":"wp","href":"https:\/\/api.w.org\/{rel}","templated":true}]}}