{"id":6806,"date":"2013-06-24T23:00:52","date_gmt":"2013-06-25T03:00:52","guid":{"rendered":"http:\/\/pontscouverts.com\/blogue\/?p=6806"},"modified":"2013-06-25T10:14:15","modified_gmt":"2013-06-25T14:14:15","slug":"avant-la-fete-au-pont-couvert-mcvetty-mckenzie","status":"publish","type":"post","link":"https:\/\/pontscouverts.com\/blogue\/2013\/06\/24\/avant-la-fete-au-pont-couvert-mcvetty-mckenzie\/","title":{"rendered":"La St-Jean au pont couvert McVetty-McKenzie"},"content":{"rendered":"<div id=\"attachment_6810\" style=\"width: 624px\" class=\"wp-caption aligncenter\"><a href=\"http:\/\/pontscouverts.com\/blogue\/wp-content\/uploads\/2013\/06\/061-18-08-gould-2013-G\u00e9rald-Arbour-N14a.jpg\"><img aria-describedby=\"caption-attachment-6810\" loading=\"lazy\" class=\" wp-image-6810 \" alt=\"061-18-08 gould 2013 G\u00e9rald Arbour N14a\" src=\"http:\/\/pontscouverts.com\/blogue\/wp-content\/uploads\/2013\/06\/061-18-08-gould-2013-G\u00e9rald-Arbour-N14a.jpg\" width=\"614\" height=\"460\" srcset=\"https:\/\/pontscouverts.com\/blogue\/wp-content\/uploads\/2013\/06\/061-18-08-gould-2013-G\u00e9rald-Arbour-N14a.jpg 947w, https:\/\/pontscouverts.com\/blogue\/wp-content\/uploads\/2013\/06\/061-18-08-gould-2013-G\u00e9rald-Arbour-N14a-300x224.jpg 300w\" sizes=\"(max-width: 614px) 100vw, 614px\" \/><\/a><p id=\"caption-attachment-6810\" class=\"wp-caption-text\">Photo : G\u00e9rald Arbour<\/p><\/div>\n<p style=\"text-align: justify;\"><span style=\"color: #000000;\">\u00c0 Lingwick, les c\u00e9l\u00e9brations de la F\u00eate nationale \u00e9taient pr\u00e9vues dimanche soir le 23 juin. Cette m\u00eame journ\u00e9e, G\u00e9rald Arbour \u00e9tait de passage en Estrie et il rapporte de jolies photos prises sur le site du pont McVetty-McKenzie quelques heures avant le d\u00e9but de la f\u00eate&#8230;<\/span><\/p>\n<p><!--more Lire la suite--><\/p>\n<div id=\"attachment_6807\" style=\"width: 616px\" class=\"wp-caption aligncenter\"><a href=\"http:\/\/pontscouverts.com\/blogue\/wp-content\/uploads\/2013\/06\/061-18-08-gould-2013-G\u00e9rald-Arbour-N3a.jpg\"><img aria-describedby=\"caption-attachment-6807\" loading=\"lazy\" class=\" wp-image-6807 \" alt=\"061-18-08 gould 2013 G\u00e9rald Arbour N3a\" src=\"http:\/\/pontscouverts.com\/blogue\/wp-content\/uploads\/2013\/06\/061-18-08-gould-2013-G\u00e9rald-Arbour-N3a.jpg\" width=\"606\" height=\"454\" srcset=\"https:\/\/pontscouverts.com\/blogue\/wp-content\/uploads\/2013\/06\/061-18-08-gould-2013-G\u00e9rald-Arbour-N3a.jpg 947w, https:\/\/pontscouverts.com\/blogue\/wp-content\/uploads\/2013\/06\/061-18-08-gould-2013-G\u00e9rald-Arbour-N3a-300x224.jpg 300w\" sizes=\"(max-width: 606px) 100vw, 606px\" \/><\/a><p id=\"caption-attachment-6807\" class=\"wp-caption-text\">Photo : G\u00e9rald Arbour<\/p><\/div>\n<p style=\"text-align: justify;\"><span style=\"color: #000000;\">Le nouveau panneau historique est maintenant en place \u00e0 proximit\u00e9 du pont. Le site est vaste et peut facilement accueillir les f\u00eatards sur les 2 rives de la rivi\u00e8re au Saumon.<\/span><\/p>\n<p><span style=\"color: #ffffff;\">\u00a0.<\/span><\/p>\n<div id=\"attachment_6809\" style=\"width: 649px\" class=\"wp-caption aligncenter\"><a href=\"http:\/\/pontscouverts.com\/blogue\/wp-content\/uploads\/2013\/06\/061-18-08-gould-2013-G\u00e9rald-Arbour-N9a.jpg\"><img aria-describedby=\"caption-attachment-6809\" loading=\"lazy\" class=\" wp-image-6809\" alt=\"061-18-08 gould 2013 G\u00e9rald Arbour N9a\" src=\"http:\/\/pontscouverts.com\/blogue\/wp-content\/uploads\/2013\/06\/061-18-08-gould-2013-G\u00e9rald-Arbour-N9a.jpg\" width=\"639\" height=\"852\" srcset=\"https:\/\/pontscouverts.com\/blogue\/wp-content\/uploads\/2013\/06\/061-18-08-gould-2013-G\u00e9rald-Arbour-N9a.jpg 710w, https:\/\/pontscouverts.com\/blogue\/wp-content\/uploads\/2013\/06\/061-18-08-gould-2013-G\u00e9rald-Arbour-N9a-224x300.jpg 224w\" sizes=\"(max-width: 639px) 100vw, 639px\" \/><\/a><p id=\"caption-attachment-6809\" class=\"wp-caption-text\">Photo : G\u00e9rald Arbour<\/p><\/div>\n<p style=\"text-align: justify;\"><span style=\"color: #000000;\">La c\u00e9l\u00e8bre r\u00e8gle qui sert \u00e0 mesurer le niveau de l&rsquo;eau est toujours en place dans le pont. En arri\u00e8re-plan, on peut voir les BBQ qui ont servi \u00e0 pr\u00e9parer le repas servi \u00e0 la f\u00eate.<\/span><\/p>\n<p>&nbsp;<\/p>\n<div id=\"attachment_6808\" style=\"width: 659px\" class=\"wp-caption aligncenter\"><a href=\"http:\/\/pontscouverts.com\/blogue\/wp-content\/uploads\/2013\/06\/061-18-08-gould-2013-G\u00e9rald-Arbour-N5a.jpg\"><img aria-describedby=\"caption-attachment-6808\" loading=\"lazy\" class=\" wp-image-6808\" alt=\"061-18-08 gould 2013 G\u00e9rald Arbour N5a\" src=\"http:\/\/pontscouverts.com\/blogue\/wp-content\/uploads\/2013\/06\/061-18-08-gould-2013-G\u00e9rald-Arbour-N5a.jpg\" width=\"649\" height=\"486\" srcset=\"https:\/\/pontscouverts.com\/blogue\/wp-content\/uploads\/2013\/06\/061-18-08-gould-2013-G\u00e9rald-Arbour-N5a.jpg 947w, https:\/\/pontscouverts.com\/blogue\/wp-content\/uploads\/2013\/06\/061-18-08-gould-2013-G\u00e9rald-Arbour-N5a-300x224.jpg 300w\" sizes=\"(max-width: 649px) 100vw, 649px\" \/><\/a><p id=\"caption-attachment-6808\" class=\"wp-caption-text\">Photo : G\u00e9rald Arbour<\/p><\/div>\n<p style=\"text-align: justify;\"><span style=\"color: #000000;\">Les panneaux toponymiques ont \u00e9t\u00e9 remplac\u00e9s et ils indiquent maintenant le v\u00e9ritable nom de ce pont couvert \u00e9rig\u00e9 en 1893.\u00a0Connu pendant longtemps sous le nom de pont McVetty-McKerry, le nom a \u00e9t\u00e9 chang\u00e9 en f\u00e9vrier 2012 pour pont McVetty-McKenzie. Ce changement est d\u00fb \u00e0 une erreur de transcription. Merci \u00e0 G\u00e9rald pour les photos.<\/span><\/p>\n<p><span style=\"color: #ffffff;\">.<\/span><\/p>\n<div id=\"attachment_6831\" style=\"width: 650px\" class=\"wp-caption aligncenter\"><a href=\"http:\/\/pontscouverts.com\/blogue\/wp-content\/uploads\/2013\/06\/00-gould-2013-saint-jean-Sonia-L\u00e9tourneau-1.jpg\"><img aria-describedby=\"caption-attachment-6831\" loading=\"lazy\" class=\" wp-image-6831\" alt=\"00 gould 2013 saint-jean Sonia L\u00e9tourneau #1\" src=\"http:\/\/pontscouverts.com\/blogue\/wp-content\/uploads\/2013\/06\/00-gould-2013-saint-jean-Sonia-L\u00e9tourneau-1.jpg\" width=\"640\" height=\"480\" srcset=\"https:\/\/pontscouverts.com\/blogue\/wp-content\/uploads\/2013\/06\/00-gould-2013-saint-jean-Sonia-L\u00e9tourneau-1.jpg 800w, https:\/\/pontscouverts.com\/blogue\/wp-content\/uploads\/2013\/06\/00-gould-2013-saint-jean-Sonia-L\u00e9tourneau-1-300x225.jpg 300w\" sizes=\"(max-width: 640px) 100vw, 640px\" \/><\/a><p id=\"caption-attachment-6831\" class=\"wp-caption-text\">Photo : Sonia L\u00e9tourneau<\/p><\/div>\n<p style=\"text-align: justify;\"><span style=\"color: #000000;\">J&rsquo;ajoute \u00e0 la derni\u00e8re seconde ces 2 photos prises pendant la f\u00eate. Il y avait pas mal de monde sur place malgr\u00e9 la temp\u00e9rature incertaine.<\/span><\/p>\n<p><span style=\"color: #ffffff;\">.<\/span><\/p>\n<p style=\"text-align: center;\">\n<div id=\"attachment_6833\" style=\"width: 639px\" class=\"wp-caption aligncenter\"><a href=\"http:\/\/pontscouverts.com\/blogue\/wp-content\/uploads\/2013\/06\/00-gould-2013-saint-jean-C\u00e9line-Gagn\u00e9-2a.jpg\"><img aria-describedby=\"caption-attachment-6833\" loading=\"lazy\" class=\" wp-image-6833 \" alt=\"00 gould 2013 saint-jean  C\u00e9line Gagn\u00e9 #2a\" src=\"http:\/\/pontscouverts.com\/blogue\/wp-content\/uploads\/2013\/06\/00-gould-2013-saint-jean-C\u00e9line-Gagn\u00e9-2a.jpg\" width=\"629\" height=\"472\" srcset=\"https:\/\/pontscouverts.com\/blogue\/wp-content\/uploads\/2013\/06\/00-gould-2013-saint-jean-C\u00e9line-Gagn\u00e9-2a.jpg 983w, https:\/\/pontscouverts.com\/blogue\/wp-content\/uploads\/2013\/06\/00-gould-2013-saint-jean-C\u00e9line-Gagn\u00e9-2a-300x224.jpg 300w\" sizes=\"(max-width: 629px) 100vw, 629px\" \/><\/a><p id=\"caption-attachment-6833\" class=\"wp-caption-text\">Photo : C\u00e9line Gagn\u00e9<\/p><\/div>\n<p style=\"text-align: justify;\"><span style=\"color: #000000;\">Les invit\u00e9s venaient se servir dans le pont. Nul doute que la f\u00eate a \u00e9t\u00e9 un grand succ\u00e8s.<\/span><\/p>\n<p><span style=\"color: #ffffff;\">.<\/span><\/p>\n","protected":false},"excerpt":{"rendered":"<p>\u00c0 Lingwick, les c\u00e9l\u00e9brations de la F\u00eate nationale \u00e9taient pr\u00e9vues dimanche soir le 23 juin. Cette m\u00eame journ\u00e9e, G\u00e9rald Arbour \u00e9tait de passage en Estrie et il rapporte de jolies photos prises sur le site du pont McVetty-McKenzie quelques heures avant le d\u00e9but de la f\u00eate&#8230;<\/p>\n","protected":false},"author":1,"featured_media":0,"comment_status":"open","ping_status":"open","sticky":false,"template":"","format":"standard","meta":[],"categories":[3],"tags":[],"_links":{"self":[{"href":"https:\/\/pontscouverts.com\/blogue\/wp-json\/wp\/v2\/posts\/6806"}],"collection":[{"href":"https:\/\/pontscouverts.com\/blogue\/wp-json\/wp\/v2\/posts"}],"about":[{"href":"https:\/\/pontscouverts.com\/blogue\/wp-json\/wp\/v2\/types\/post"}],"author":[{"embeddable":true,"href":"https:\/\/pontscouverts.com\/blogue\/wp-json\/wp\/v2\/users\/1"}],"replies":[{"embeddable":true,"href":"https:\/\/pontscouverts.com\/blogue\/wp-json\/wp\/v2\/comments?post=6806"}],"version-history":[{"count":8,"href":"https:\/\/pontscouverts.com\/blogue\/wp-json\/wp\/v2\/posts\/6806\/revisions"}],"predecessor-version":[{"id":6832,"href":"https:\/\/pontscouverts.com\/blogue\/wp-json\/wp\/v2\/posts\/6806\/revisions\/6832"}],"wp:attachment":[{"href":"https:\/\/pontscouverts.com\/blogue\/wp-json\/wp\/v2\/media?parent=6806"}],"wp:term":[{"taxonomy":"category","embeddable":true,"href":"https:\/\/pontscouverts.com\/blogue\/wp-json\/wp\/v2\/categories?post=6806"},{"taxonomy":"post_tag","embeddable":true,"href":"https:\/\/pontscouverts.com\/blogue\/wp-json\/wp\/v2\/tags?post=6806"}],"curies":[{"name":"wp","href":"https:\/\/api.w.org\/{rel}","templated":true}]}}