{"id":6762,"date":"2013-06-20T23:54:20","date_gmt":"2013-06-21T03:54:20","guid":{"rendered":"http:\/\/pontscouverts.com\/blogue\/?p=6762"},"modified":"2013-06-21T00:33:22","modified_gmt":"2013-06-21T04:33:22","slug":"bonne-fete-nationale-aux-amateurs-de-ponts-couverts","status":"publish","type":"post","link":"https:\/\/pontscouverts.com\/blogue\/2013\/06\/20\/bonne-fete-nationale-aux-amateurs-de-ponts-couverts\/","title":{"rendered":"Bonne F\u00eate nationale aux amateurs de ponts couverts"},"content":{"rendered":"<div id=\"attachment_6763\" style=\"width: 650px\" class=\"wp-caption aligncenter\"><a href=\"http:\/\/pontscouverts.com\/blogue\/wp-content\/uploads\/2013\/06\/P7270045.jpg\"><img aria-describedby=\"caption-attachment-6763\" loading=\"lazy\" class=\" wp-image-6763\" alt=\"OLYMPUS DIGITAL CAMERA\" src=\"http:\/\/pontscouverts.com\/blogue\/wp-content\/uploads\/2013\/06\/P7270045.jpg\" width=\"640\" height=\"480\" srcset=\"https:\/\/pontscouverts.com\/blogue\/wp-content\/uploads\/2013\/06\/P7270045.jpg 800w, https:\/\/pontscouverts.com\/blogue\/wp-content\/uploads\/2013\/06\/P7270045-300x225.jpg 300w\" sizes=\"(max-width: 640px) 100vw, 640px\" \/><\/a><p id=\"caption-attachment-6763\" class=\"wp-caption-text\">Photo : Pascal Conner<\/p><\/div>\n<p style=\"text-align: justify;\"><span style=\"color: #000000;\">Pour terminer la semaine, j&rsquo;aimerais souhaiter une bonne F\u00eate nationale \u00e0 tous les lecteurs du blogue. Comme il s&rsquo;agit d&rsquo;une fin de semaine de 3 jours, l&rsquo;occasion sera belle pour aller visiter des ponts. Pour \u00eatre concept, voici 5 photos o\u00f9 j&rsquo;ai capt\u00e9 notre beau drapeau sur le site d&rsquo;un pont couvert&#8230;<\/span><\/p>\n<p><!--more lire la suite--><\/p>\n<p><span style=\"color: #ffffff;\">.<\/span><\/p>\n<p><span style=\"color: #000000;\">En introduction au blogue, on reconna\u00eet le pont des Raymond.<\/span><\/p>\n<p><span style=\"color: #ffffff;\">.<\/span><\/p>\n<div id=\"attachment_6764\" style=\"width: 659px\" class=\"wp-caption aligncenter\"><a href=\"http:\/\/pontscouverts.com\/blogue\/wp-content\/uploads\/2013\/06\/P7270073.jpg\"><img aria-describedby=\"caption-attachment-6764\" loading=\"lazy\" class=\" wp-image-6764\" alt=\"OLYMPUS DIGITAL CAMERA\" src=\"http:\/\/pontscouverts.com\/blogue\/wp-content\/uploads\/2013\/06\/P7270073.jpg\" width=\"649\" height=\"486\" srcset=\"https:\/\/pontscouverts.com\/blogue\/wp-content\/uploads\/2013\/06\/P7270073.jpg 800w, https:\/\/pontscouverts.com\/blogue\/wp-content\/uploads\/2013\/06\/P7270073-300x225.jpg 300w\" sizes=\"(max-width: 649px) 100vw, 649px\" \/><\/a><p id=\"caption-attachment-6764\" class=\"wp-caption-text\">Photo : Pascal Conner<\/p><\/div>\n<p style=\"text-align: justify;\"><span style=\"color: #000000;\">Mon super campeur qui me permet de me balader aux 4 coins de la province. En arri\u00e8re-plan, il s&rsquo;agit du pont Ducharme.<\/span><\/p>\n<p><span style=\"color: #ffffff;\">.<\/span><\/p>\n<div id=\"attachment_6765\" style=\"width: 659px\" class=\"wp-caption aligncenter\"><a href=\"http:\/\/pontscouverts.com\/blogue\/wp-content\/uploads\/2013\/06\/P8030289.jpg\"><img aria-describedby=\"caption-attachment-6765\" loading=\"lazy\" class=\" wp-image-6765\" alt=\"OLYMPUS DIGITAL CAMERA\" src=\"http:\/\/pontscouverts.com\/blogue\/wp-content\/uploads\/2013\/06\/P8030289.jpg\" width=\"649\" height=\"486\" srcset=\"https:\/\/pontscouverts.com\/blogue\/wp-content\/uploads\/2013\/06\/P8030289.jpg 800w, https:\/\/pontscouverts.com\/blogue\/wp-content\/uploads\/2013\/06\/P8030289-300x225.jpg 300w\" sizes=\"(max-width: 649px) 100vw, 649px\" \/><\/a><p id=\"caption-attachment-6765\" class=\"wp-caption-text\">Photo : Pascal Conner<\/p><\/div>\n<p style=\"text-align: justify;\">Mon pont f\u00e9tiche, le pont rouge de Ste-Jeanne-d&rsquo;Arc o\u00f9 je me rends quelques fois par ann\u00e9e.<\/p>\n<p><span style=\"color: #ffffff;\">.<\/span><\/p>\n<div id=\"attachment_6766\" style=\"width: 659px\" class=\"wp-caption aligncenter\"><a href=\"http:\/\/pontscouverts.com\/blogue\/wp-content\/uploads\/2013\/06\/P8130390.jpg\"><img aria-describedby=\"caption-attachment-6766\" loading=\"lazy\" class=\" wp-image-6766\" alt=\"OLYMPUS DIGITAL CAMERA\" src=\"http:\/\/pontscouverts.com\/blogue\/wp-content\/uploads\/2013\/06\/P8130390.jpg\" width=\"649\" height=\"486\" srcset=\"https:\/\/pontscouverts.com\/blogue\/wp-content\/uploads\/2013\/06\/P8130390.jpg 800w, https:\/\/pontscouverts.com\/blogue\/wp-content\/uploads\/2013\/06\/P8130390-300x225.jpg 300w\" sizes=\"(max-width: 649px) 100vw, 649px\" \/><\/a><p id=\"caption-attachment-6766\" class=\"wp-caption-text\">Photo : Pascal Conner<\/p><\/div>\n<p style=\"text-align: justify;\"><span style=\"color: #000000;\">Voici le magnifique pont Champagne de Vassan o\u00f9 j&rsquo;ai cass\u00e9 la cro\u00fbte l&rsquo;\u00e9t\u00e9 dernier.<\/span><\/p>\n<p style=\"text-align: justify;\"><span style=\"color: #ffffff;\">.<\/span><\/p>\n<div id=\"attachment_6767\" style=\"width: 659px\" class=\"wp-caption aligncenter\"><a href=\"http:\/\/pontscouverts.com\/blogue\/wp-content\/uploads\/2013\/06\/PB110352.jpg\"><img aria-describedby=\"caption-attachment-6767\" loading=\"lazy\" class=\" wp-image-6767\" alt=\"OLYMPUS DIGITAL CAMERA\" src=\"http:\/\/pontscouverts.com\/blogue\/wp-content\/uploads\/2013\/06\/PB110352.jpg\" width=\"649\" height=\"486\" srcset=\"https:\/\/pontscouverts.com\/blogue\/wp-content\/uploads\/2013\/06\/PB110352.jpg 800w, https:\/\/pontscouverts.com\/blogue\/wp-content\/uploads\/2013\/06\/PB110352-300x225.jpg 300w\" sizes=\"(max-width: 649px) 100vw, 649px\" \/><\/a><p id=\"caption-attachment-6767\" class=\"wp-caption-text\">Photo : Pascal Conner<\/p><\/div>\n<p style=\"text-align: justify;\"><span style=\"color: #000000;\">Cet \u00e9t\u00e9-l\u00e0, la route avait \u00e9t\u00e9 longue pour me rendre jusqu&rsquo;au pont de l&rsquo;\u00cele Nepawa \u00e0 en juger par la poussi\u00e8re sur mon camion.<\/span><\/p>\n<h1 style=\"text-align: center;\"><span style=\"color: #3366ff;\">BONNE ST-JEAN<\/span><\/h1>\n<h1 style=\"text-align: center;\"><span style=\"color: #3366ff;\">DE RETOUR MARDI&#8230;<\/span><\/h1>\n<p><span style=\"color: #ffffff;\">.<\/span><\/p>\n","protected":false},"excerpt":{"rendered":"<p>Pour terminer la semaine, j&rsquo;aimerais souhaiter une bonne F\u00eate nationale \u00e0 tous les lecteurs du blogue. Comme il s&rsquo;agit d&rsquo;une fin de semaine de 3 jours, l&rsquo;occasion sera belle pour aller visiter des ponts. Pour \u00eatre concept, voici 5 photos o\u00f9 j&rsquo;ai capt\u00e9 notre beau drapeau sur le site d&rsquo;un pont couvert&#8230;<\/p>\n","protected":false},"author":1,"featured_media":0,"comment_status":"open","ping_status":"open","sticky":false,"template":"","format":"standard","meta":[],"categories":[3],"tags":[],"_links":{"self":[{"href":"https:\/\/pontscouverts.com\/blogue\/wp-json\/wp\/v2\/posts\/6762"}],"collection":[{"href":"https:\/\/pontscouverts.com\/blogue\/wp-json\/wp\/v2\/posts"}],"about":[{"href":"https:\/\/pontscouverts.com\/blogue\/wp-json\/wp\/v2\/types\/post"}],"author":[{"embeddable":true,"href":"https:\/\/pontscouverts.com\/blogue\/wp-json\/wp\/v2\/users\/1"}],"replies":[{"embeddable":true,"href":"https:\/\/pontscouverts.com\/blogue\/wp-json\/wp\/v2\/comments?post=6762"}],"version-history":[{"count":7,"href":"https:\/\/pontscouverts.com\/blogue\/wp-json\/wp\/v2\/posts\/6762\/revisions"}],"predecessor-version":[{"id":6774,"href":"https:\/\/pontscouverts.com\/blogue\/wp-json\/wp\/v2\/posts\/6762\/revisions\/6774"}],"wp:attachment":[{"href":"https:\/\/pontscouverts.com\/blogue\/wp-json\/wp\/v2\/media?parent=6762"}],"wp:term":[{"taxonomy":"category","embeddable":true,"href":"https:\/\/pontscouverts.com\/blogue\/wp-json\/wp\/v2\/categories?post=6762"},{"taxonomy":"post_tag","embeddable":true,"href":"https:\/\/pontscouverts.com\/blogue\/wp-json\/wp\/v2\/tags?post=6762"}],"curies":[{"name":"wp","href":"https:\/\/api.w.org\/{rel}","templated":true}]}}