{"id":6598,"date":"2013-06-02T23:00:15","date_gmt":"2013-06-03T03:00:15","guid":{"rendered":"http:\/\/pontscouverts.com\/blogue\/?p=6598"},"modified":"2013-06-05T09:26:23","modified_gmt":"2013-06-05T13:26:23","slug":"souvenirs-du-printemps-au-pont-champagne-de-vassan","status":"publish","type":"post","link":"https:\/\/pontscouverts.com\/blogue\/2013\/06\/02\/souvenirs-du-printemps-au-pont-champagne-de-vassan\/","title":{"rendered":"Souvenirs du printemps au pont Champagne de Vassan"},"content":{"rendered":"<div id=\"attachment_6600\" style=\"width: 650px\" class=\"wp-caption aligncenter\"><a href=\"http:\/\/pontscouverts.com\/blogue\/wp-content\/uploads\/2013\/05\/016.jpg\"><img aria-describedby=\"caption-attachment-6600\" loading=\"lazy\" class=\" wp-image-6600\" alt=\"01\" src=\"http:\/\/pontscouverts.com\/blogue\/wp-content\/uploads\/2013\/05\/016.jpg\" width=\"640\" height=\"424\" srcset=\"https:\/\/pontscouverts.com\/blogue\/wp-content\/uploads\/2013\/05\/016.jpg 800w, https:\/\/pontscouverts.com\/blogue\/wp-content\/uploads\/2013\/05\/016-e1594557947558-150x99.jpg 150w, https:\/\/pontscouverts.com\/blogue\/wp-content\/uploads\/2013\/05\/016-300x198.jpg 300w\" sizes=\"(max-width: 640px) 100vw, 640px\" \/><\/a><p id=\"caption-attachment-6600\" class=\"wp-caption-text\">Photo : R\u00e9al Lavigne<\/p><\/div>\n<p style=\"text-align: justify;\"><span style=\"color: #000000;\">Le niveau de la rivi\u00e8re Vassan \u00e9tait tr\u00e8s \u00e9lev\u00e9 au d\u00e9but du mois dernier. Heureusement, la situation s&rsquo;est r\u00e9tablie sans causer trop de probl\u00e8me. Rendons-nous au <span style=\"color: #0000ff;\"><a href=\"http:\/\/www.pontscouverts.com\/Pontscouverts1\/Champagne.html\"><span style=\"color: #0000ff;\">pont Champagne<\/span><\/a><\/span> pour d\u00e9buter cette premi\u00e8re semaine de juin&#8230;<\/span><\/p>\n<p><!--more Lire la suite--><\/p>\n<p><span style=\"color: #ffffff;\">.<\/span><\/p>\n<div id=\"attachment_6601\" style=\"width: 659px\" class=\"wp-caption aligncenter\"><a href=\"http:\/\/pontscouverts.com\/blogue\/wp-content\/uploads\/2013\/05\/026.jpg\"><img aria-describedby=\"caption-attachment-6601\" loading=\"lazy\" class=\" wp-image-6601\" alt=\"02\" src=\"http:\/\/pontscouverts.com\/blogue\/wp-content\/uploads\/2013\/05\/026.jpg\" width=\"649\" height=\"429\" srcset=\"https:\/\/pontscouverts.com\/blogue\/wp-content\/uploads\/2013\/05\/026.jpg 800w, https:\/\/pontscouverts.com\/blogue\/wp-content\/uploads\/2013\/05\/026-e1594557927788-150x99.jpg 150w, https:\/\/pontscouverts.com\/blogue\/wp-content\/uploads\/2013\/05\/026-300x198.jpg 300w\" sizes=\"(max-width: 649px) 100vw, 649px\" \/><\/a><p id=\"caption-attachment-6601\" class=\"wp-caption-text\">Photo : R\u00e9al Lavigne<\/p><\/div>\n<p style=\"text-align: justify;\"><span style=\"color: #000000;\">Le stationnement situ\u00e9 pr\u00e8s du pont couvert \u00e9tait compl\u00e8tement sous l&rsquo;eau au d\u00e9but du mois de mai. Construit en 1941, le pont Champagne est en service \u00e0 l&rsquo;ann\u00e9e. Vassan est maintenant fusionn\u00e9e avec la ville de Val-d&rsquo;Or.<\/span><\/p>\n<p><span style=\"color: #ffffff;\">.<\/span><\/p>\n<div id=\"attachment_6602\" style=\"width: 659px\" class=\"wp-caption aligncenter\"><a href=\"http:\/\/pontscouverts.com\/blogue\/wp-content\/uploads\/2013\/05\/036.jpg\"><img aria-describedby=\"caption-attachment-6602\" loading=\"lazy\" class=\" wp-image-6602\" alt=\"03\" src=\"http:\/\/pontscouverts.com\/blogue\/wp-content\/uploads\/2013\/05\/036.jpg\" width=\"649\" height=\"429\" srcset=\"https:\/\/pontscouverts.com\/blogue\/wp-content\/uploads\/2013\/05\/036.jpg 800w, https:\/\/pontscouverts.com\/blogue\/wp-content\/uploads\/2013\/05\/036-e1559134534789-150x99.jpg 150w, https:\/\/pontscouverts.com\/blogue\/wp-content\/uploads\/2013\/05\/036-300x198.jpg 300w\" sizes=\"(max-width: 649px) 100vw, 649px\" \/><\/a><p id=\"caption-attachment-6602\" class=\"wp-caption-text\">Photo : R\u00e9al Lavigne<\/p><\/div>\n<p style=\"text-align: justify;\"><span style=\"color: #000000;\">Rappelons qu&rsquo;en temps normal, on retrouve sur les lieux un sentier p\u00e9destre de 1 km, une rampe de mise \u00e0 l&rsquo;eau ainsi qu&rsquo;un vaste stationnement \u00e9quip\u00e9 de 2 tables \u00e0 pique nique.<\/span><\/p>\n<p><span style=\"color: #ffffff;\">.<\/span><\/p>\n<div id=\"attachment_6603\" style=\"width: 659px\" class=\"wp-caption aligncenter\"><a href=\"http:\/\/pontscouverts.com\/blogue\/wp-content\/uploads\/2013\/05\/046.jpg\"><img aria-describedby=\"caption-attachment-6603\" loading=\"lazy\" class=\" wp-image-6603 \" alt=\"04\" src=\"http:\/\/pontscouverts.com\/blogue\/wp-content\/uploads\/2013\/05\/046.jpg\" width=\"649\" height=\"435\" srcset=\"https:\/\/pontscouverts.com\/blogue\/wp-content\/uploads\/2013\/05\/046.jpg 800w, https:\/\/pontscouverts.com\/blogue\/wp-content\/uploads\/2013\/05\/046-300x201.jpg 300w\" sizes=\"(max-width: 649px) 100vw, 649px\" \/><\/a><p id=\"caption-attachment-6603\" class=\"wp-caption-text\">Photo : Andr\u00e9 Goossens<\/p><\/div>\n<p style=\"text-align: justify;\"><span style=\"color: #000000;\">Terminons par ces 2 photos in\u00e9dites qui datent de 1984, soit l&rsquo;ann\u00e9e avant que ne soit ajout\u00e9 le pilier de m\u00e9tal. On remarque aussi que la rampe de mise \u00e0 l&rsquo;eau n&rsquo;\u00e9tait pas encore am\u00e9nag\u00e9e \u00e0 cette \u00e9poque.<\/span><\/p>\n<p style=\"text-align: justify;\"><span style=\"color: #ffffff;\">.<\/span><\/p>\n<div id=\"attachment_6604\" style=\"width: 659px\" class=\"wp-caption aligncenter\"><a href=\"http:\/\/pontscouverts.com\/blogue\/wp-content\/uploads\/2013\/05\/056.jpg\"><img aria-describedby=\"caption-attachment-6604\" loading=\"lazy\" class=\" wp-image-6604\" alt=\"05\" src=\"http:\/\/pontscouverts.com\/blogue\/wp-content\/uploads\/2013\/05\/056.jpg\" width=\"649\" height=\"480\" srcset=\"https:\/\/pontscouverts.com\/blogue\/wp-content\/uploads\/2013\/05\/056.jpg 800w, https:\/\/pontscouverts.com\/blogue\/wp-content\/uploads\/2013\/05\/056-300x222.jpg 300w\" sizes=\"(max-width: 649px) 100vw, 649px\" \/><\/a><p id=\"caption-attachment-6604\" class=\"wp-caption-text\">Photo : Andr\u00e9 Goossens<\/p><\/div>\n<p style=\"text-align: justify;\"><span style=\"color: #000000;\">Voici l&rsquo;int\u00e9rieur du pont Champagne en 1984. Ce pont couvert est cit\u00e9 monument historique par la municipalit\u00e9 aupr\u00e8s du minist\u00e8re de la Culture et des Communications.<\/span><\/p>\n<p style=\"text-align: left;\"><span style=\"color: #ffffff;\">.<\/span><\/p>\n","protected":false},"excerpt":{"rendered":"<p>Le niveau de la rivi\u00e8re Vassan \u00e9tait tr\u00e8s \u00e9lev\u00e9 au d\u00e9but du mois dernier. Heureusement, la situation s&rsquo;est r\u00e9tablie sans causer trop de probl\u00e8me. Rendons-nous au pont Champagne pour d\u00e9buter cette premi\u00e8re semaine de juin&#8230;<\/p>\n","protected":false},"author":1,"featured_media":0,"comment_status":"open","ping_status":"open","sticky":false,"template":"","format":"standard","meta":[],"categories":[3,1],"tags":[],"_links":{"self":[{"href":"https:\/\/pontscouverts.com\/blogue\/wp-json\/wp\/v2\/posts\/6598"}],"collection":[{"href":"https:\/\/pontscouverts.com\/blogue\/wp-json\/wp\/v2\/posts"}],"about":[{"href":"https:\/\/pontscouverts.com\/blogue\/wp-json\/wp\/v2\/types\/post"}],"author":[{"embeddable":true,"href":"https:\/\/pontscouverts.com\/blogue\/wp-json\/wp\/v2\/users\/1"}],"replies":[{"embeddable":true,"href":"https:\/\/pontscouverts.com\/blogue\/wp-json\/wp\/v2\/comments?post=6598"}],"version-history":[{"count":8,"href":"https:\/\/pontscouverts.com\/blogue\/wp-json\/wp\/v2\/posts\/6598\/revisions"}],"predecessor-version":[{"id":6639,"href":"https:\/\/pontscouverts.com\/blogue\/wp-json\/wp\/v2\/posts\/6598\/revisions\/6639"}],"wp:attachment":[{"href":"https:\/\/pontscouverts.com\/blogue\/wp-json\/wp\/v2\/media?parent=6598"}],"wp:term":[{"taxonomy":"category","embeddable":true,"href":"https:\/\/pontscouverts.com\/blogue\/wp-json\/wp\/v2\/categories?post=6598"},{"taxonomy":"post_tag","embeddable":true,"href":"https:\/\/pontscouverts.com\/blogue\/wp-json\/wp\/v2\/tags?post=6598"}],"curies":[{"name":"wp","href":"https:\/\/api.w.org\/{rel}","templated":true}]}}