{"id":6589,"date":"2013-05-30T23:00:27","date_gmt":"2013-05-31T03:00:27","guid":{"rendered":"http:\/\/pontscouverts.com\/blogue\/?p=6589"},"modified":"2013-05-30T08:08:46","modified_gmt":"2013-05-30T12:08:46","slug":"le-mois-de-mai-au-pont-de-larche-de-noe","status":"publish","type":"post","link":"https:\/\/pontscouverts.com\/blogue\/2013\/05\/30\/le-mois-de-mai-au-pont-de-larche-de-noe\/","title":{"rendered":"Le mois de mai au pont de l&rsquo;Arche-de-No\u00e9"},"content":{"rendered":"<div id=\"attachment_6590\" style=\"width: 650px\" class=\"wp-caption aligncenter\"><a href=\"http:\/\/pontscouverts.com\/blogue\/wp-content\/uploads\/2013\/05\/Pont-Arche-de-No\u00e9-mai-2013-b.jpg\"><img aria-describedby=\"caption-attachment-6590\" loading=\"lazy\" class=\" wp-image-6590\" alt=\"Pont Arche de No\u00e9 mai 2013 b\" src=\"http:\/\/pontscouverts.com\/blogue\/wp-content\/uploads\/2013\/05\/Pont-Arche-de-No\u00e9-mai-2013-b.jpg\" width=\"640\" height=\"424\" srcset=\"https:\/\/pontscouverts.com\/blogue\/wp-content\/uploads\/2013\/05\/Pont-Arche-de-No\u00e9-mai-2013-b.jpg 800w, https:\/\/pontscouverts.com\/blogue\/wp-content\/uploads\/2013\/05\/Pont-Arche-de-No\u00e9-mai-2013-b-e1593521135839-150x99.jpg 150w, https:\/\/pontscouverts.com\/blogue\/wp-content\/uploads\/2013\/05\/Pont-Arche-de-No\u00e9-mai-2013-b-300x198.jpg 300w\" sizes=\"(max-width: 640px) 100vw, 640px\" \/><\/a><p id=\"caption-attachment-6590\" class=\"wp-caption-text\">Photo : R\u00e9al Lavigne<\/p><\/div>\n<p style=\"text-align: justify;\">Apr\u00e8s avoir visit\u00e9 virtuellement 2 ponts couverts de Rochebaucourt au cours des derniers jours, il allait de soi de terminer la semaine avec le <span style=\"color: #0000ff;\"><a href=\"http:\/\/www.pontscouverts.com\/Pontscouverts1\/Arche-de-Noe.html\"><span style=\"color: #0000ff;\">pont de l&rsquo;Arche-de-No\u00e9<\/span><\/a><\/span>. Ces clich\u00e9s ont \u00e9t\u00e9 pris par R\u00e9al Lavigne samedi dernier. \u00a0Rappelons qu&rsquo;un nouveau pont devrait \u00eatre construit cet \u00e9t\u00e9 et qu&rsquo;on attend toujours de savoir ce qu&rsquo;il adviendra du pont couvert d\u00e9saffect\u00e9&#8230;<\/p>\n<p><!--more Lire la suite--><\/p>\n<p><span style=\"color: #ffffff;\">.<\/span><\/p>\n<div id=\"attachment_6591\" style=\"width: 659px\" class=\"wp-caption aligncenter\"><a href=\"http:\/\/pontscouverts.com\/blogue\/wp-content\/uploads\/2013\/05\/Pont-Arche-de-No\u00e9-mai-2013-c.jpg\"><img aria-describedby=\"caption-attachment-6591\" loading=\"lazy\" class=\" wp-image-6591\" alt=\"Pont Arche de No\u00e9 mai 2013 c\" src=\"http:\/\/pontscouverts.com\/blogue\/wp-content\/uploads\/2013\/05\/Pont-Arche-de-No\u00e9-mai-2013-c.jpg\" width=\"649\" height=\"429\" srcset=\"https:\/\/pontscouverts.com\/blogue\/wp-content\/uploads\/2013\/05\/Pont-Arche-de-No\u00e9-mai-2013-c.jpg 800w, https:\/\/pontscouverts.com\/blogue\/wp-content\/uploads\/2013\/05\/Pont-Arche-de-No\u00e9-mai-2013-c-e1593521122797-150x99.jpg 150w, https:\/\/pontscouverts.com\/blogue\/wp-content\/uploads\/2013\/05\/Pont-Arche-de-No\u00e9-mai-2013-c-300x198.jpg 300w\" sizes=\"(max-width: 649px) 100vw, 649px\" \/><\/a><p id=\"caption-attachment-6591\" class=\"wp-caption-text\">Photo : R\u00e9al Lavigne<\/p><\/div>\n<p style=\"text-align: justify;\"><span style=\"color: #000000;\">Construit en 1937, le pont de l&rsquo;Arche-de-No\u00e9 est le plus vieux des 3 ponts couverts de Rochebaucourt. Il est ferm\u00e9 \u00e0 la circulation depuis le 4 juin 2010. La structure de 129 pieds traverse le ruisseau Tourville.<\/span><\/p>\n<p><span style=\"color: #ffffff;\">.<\/span><\/p>\n<div id=\"attachment_6592\" style=\"width: 659px\" class=\"wp-caption aligncenter\"><a href=\"http:\/\/pontscouverts.com\/blogue\/wp-content\/uploads\/2013\/05\/Pont-Arche-de-No\u00e9-mai-2013.jpg\"><img aria-describedby=\"caption-attachment-6592\" loading=\"lazy\" class=\" wp-image-6592\" alt=\"Pont Arche de No\u00e9 mai 2013\" src=\"http:\/\/pontscouverts.com\/blogue\/wp-content\/uploads\/2013\/05\/Pont-Arche-de-No\u00e9-mai-2013.jpg\" width=\"649\" height=\"429\" srcset=\"https:\/\/pontscouverts.com\/blogue\/wp-content\/uploads\/2013\/05\/Pont-Arche-de-No\u00e9-mai-2013.jpg 800w, https:\/\/pontscouverts.com\/blogue\/wp-content\/uploads\/2013\/05\/Pont-Arche-de-No\u00e9-mai-2013-e1593521111716-150x99.jpg 150w, https:\/\/pontscouverts.com\/blogue\/wp-content\/uploads\/2013\/05\/Pont-Arche-de-No\u00e9-mai-2013-300x198.jpg 300w\" sizes=\"(max-width: 649px) 100vw, 649px\" \/><\/a><p id=\"caption-attachment-6592\" class=\"wp-caption-text\">Photo : R\u00e9al Lavigne<\/p><\/div>\n<p style=\"text-align: justify;\"><span style=\"color: #000000;\">Une d\u00e9viation dans la route permet pour le moment aux r\u00e9sidents du rang d&rsquo;acc\u00e9der \u00e0 leur demeure. Parmi tous les ponts couverts encore en place au Qu\u00e9bec, le pont de l&rsquo;Arche-de-No\u00e9 est celui pr\u00e9sentant la plus faible pente du toit.<\/span><\/p>\n<p><span style=\"color: #ffffff;\">.<\/span><\/p>\n<div id=\"attachment_6593\" style=\"width: 659px\" class=\"wp-caption aligncenter\"><a href=\"http:\/\/pontscouverts.com\/blogue\/wp-content\/uploads\/2013\/05\/pont-couvert-Arche-de-No\u00e9-11.jpg\"><img aria-describedby=\"caption-attachment-6593\" loading=\"lazy\" class=\" wp-image-6593\" alt=\"pont couvert Arche de No\u00e9  11\" src=\"http:\/\/pontscouverts.com\/blogue\/wp-content\/uploads\/2013\/05\/pont-couvert-Arche-de-No\u00e9-11.jpg\" width=\"649\" height=\"432\" srcset=\"https:\/\/pontscouverts.com\/blogue\/wp-content\/uploads\/2013\/05\/pont-couvert-Arche-de-No\u00e9-11.jpg 800w, https:\/\/pontscouverts.com\/blogue\/wp-content\/uploads\/2013\/05\/pont-couvert-Arche-de-No\u00e9-11-e1593521146685-150x100.jpg 150w, https:\/\/pontscouverts.com\/blogue\/wp-content\/uploads\/2013\/05\/pont-couvert-Arche-de-No\u00e9-11-300x199.jpg 300w\" sizes=\"(max-width: 649px) 100vw, 649px\" \/><\/a><p id=\"caption-attachment-6593\" class=\"wp-caption-text\">Photo : R\u00e9al Lavigne<\/p><\/div>\n<p style=\"text-align: justify;\"><span style=\"color: #000000;\">Terminons par cette superbe photo qui date de janvier dernier. Souhaitons un bel avenir au pont de l&rsquo;Arche-de-No\u00e9.<\/span><\/p>\n<h1 style=\"text-align: center;\"><span style=\"color: #ff0000;\">BONNE FIN DE SEMAINE<\/span><\/h1>\n<p><span style=\"color: #ffffff;\">.<\/span><\/p>\n<p style=\"text-align: center;\">\n","protected":false},"excerpt":{"rendered":"<p>Apr\u00e8s avoir visit\u00e9 virtuellement 2 ponts couverts de Rochebaucourt au cours des derniers jours, il allait de soi de terminer la semaine avec le pont de l&rsquo;Arche-de-No\u00e9. Ces clich\u00e9s ont \u00e9t\u00e9 pris par R\u00e9al Lavigne samedi dernier. \u00a0Rappelons qu&rsquo;un nouveau pont devrait \u00eatre construit cet \u00e9t\u00e9 et qu&rsquo;on attend toujours de savoir ce qu&rsquo;il adviendra [&hellip;]<\/p>\n","protected":false},"author":1,"featured_media":0,"comment_status":"open","ping_status":"open","sticky":false,"template":"","format":"standard","meta":[],"categories":[3],"tags":[],"_links":{"self":[{"href":"https:\/\/pontscouverts.com\/blogue\/wp-json\/wp\/v2\/posts\/6589"}],"collection":[{"href":"https:\/\/pontscouverts.com\/blogue\/wp-json\/wp\/v2\/posts"}],"about":[{"href":"https:\/\/pontscouverts.com\/blogue\/wp-json\/wp\/v2\/types\/post"}],"author":[{"embeddable":true,"href":"https:\/\/pontscouverts.com\/blogue\/wp-json\/wp\/v2\/users\/1"}],"replies":[{"embeddable":true,"href":"https:\/\/pontscouverts.com\/blogue\/wp-json\/wp\/v2\/comments?post=6589"}],"version-history":[{"count":4,"href":"https:\/\/pontscouverts.com\/blogue\/wp-json\/wp\/v2\/posts\/6589\/revisions"}],"predecessor-version":[{"id":6597,"href":"https:\/\/pontscouverts.com\/blogue\/wp-json\/wp\/v2\/posts\/6589\/revisions\/6597"}],"wp:attachment":[{"href":"https:\/\/pontscouverts.com\/blogue\/wp-json\/wp\/v2\/media?parent=6589"}],"wp:term":[{"taxonomy":"category","embeddable":true,"href":"https:\/\/pontscouverts.com\/blogue\/wp-json\/wp\/v2\/categories?post=6589"},{"taxonomy":"post_tag","embeddable":true,"href":"https:\/\/pontscouverts.com\/blogue\/wp-json\/wp\/v2\/tags?post=6589"}],"curies":[{"name":"wp","href":"https:\/\/api.w.org\/{rel}","templated":true}]}}