{"id":6577,"date":"2013-05-29T23:00:28","date_gmt":"2013-05-30T03:00:28","guid":{"rendered":"http:\/\/pontscouverts.com\/blogue\/?p=6577"},"modified":"2013-05-29T08:48:39","modified_gmt":"2013-05-29T12:48:39","slug":"rochebaucourt-2-samedi-dernier-au-pont-des-chutes","status":"publish","type":"post","link":"https:\/\/pontscouverts.com\/blogue\/2013\/05\/29\/rochebaucourt-2-samedi-dernier-au-pont-des-chutes\/","title":{"rendered":"Rochebaucourt 2 : samedi dernier au pont des Chutes"},"content":{"rendered":"<div id=\"attachment_6578\" style=\"width: 650px\" class=\"wp-caption aligncenter\"><a href=\"http:\/\/pontscouverts.com\/blogue\/wp-content\/uploads\/2013\/05\/015.jpg\"><img aria-describedby=\"caption-attachment-6578\" loading=\"lazy\" class=\" wp-image-6578\" alt=\"01\" src=\"http:\/\/pontscouverts.com\/blogue\/wp-content\/uploads\/2013\/05\/015.jpg\" width=\"640\" height=\"424\" srcset=\"https:\/\/pontscouverts.com\/blogue\/wp-content\/uploads\/2013\/05\/015.jpg 800w, https:\/\/pontscouverts.com\/blogue\/wp-content\/uploads\/2013\/05\/015-300x198.jpg 300w\" sizes=\"(max-width: 640px) 100vw, 640px\" \/><\/a><p id=\"caption-attachment-6578\" class=\"wp-caption-text\">Photo : R\u00e9al Lavigne<\/p><\/div>\n<p style=\"text-align: justify;\"><span style=\"color: #000000;\">Pour faire un peu suite au billet d&rsquo;hier, voici des photos r\u00e9centes du <span style=\"color: #0000ff;\"><a href=\"http:\/\/www.pontscouverts.com\/Pontscouverts1\/Chutes.html\"><span style=\"color: #0000ff;\">pont des Chutes<\/span><\/a><\/span>. Elles ont \u00e9t\u00e9 prises samedi dernier par R\u00e9al Lavigne lors d&rsquo;une tourn\u00e9e des ponts couverts de sa r\u00e9gion. La situation est toujours la m\u00eame et il serait bien \u00e9tonnant de revoir cette structure en service un jour&#8230;<\/span><\/p>\n<p><!--more Lire la suite--><\/p>\n<p><span style=\"color: #ffffff;\">.<\/span><\/p>\n<div id=\"attachment_6579\" style=\"width: 659px\" class=\"wp-caption aligncenter\"><a href=\"http:\/\/pontscouverts.com\/blogue\/wp-content\/uploads\/2013\/05\/025.jpg\"><img aria-describedby=\"caption-attachment-6579\" loading=\"lazy\" class=\" wp-image-6579\" alt=\"02\" src=\"http:\/\/pontscouverts.com\/blogue\/wp-content\/uploads\/2013\/05\/025.jpg\" width=\"649\" height=\"429\" srcset=\"https:\/\/pontscouverts.com\/blogue\/wp-content\/uploads\/2013\/05\/025.jpg 800w, https:\/\/pontscouverts.com\/blogue\/wp-content\/uploads\/2013\/05\/025-300x198.jpg 300w\" sizes=\"(max-width: 649px) 100vw, 649px\" \/><\/a><p id=\"caption-attachment-6579\" class=\"wp-caption-text\">Photo : R\u00e9al Lavigne<\/p><\/div>\n<p style=\"text-align: justify;\"><span style=\"color: #000000;\">Rappelons que le pont des Chutes est ferm\u00e9 \u00e0 toute circulation depuis le 4 juin 2010. Ce pont couvert a \u00e9t\u00e9 construit en 1954 sur le chemin des 9e et 10e Rangs de Rochebaucourt.<\/span><\/p>\n<p><span style=\"color: #ffffff;\">.<\/span><\/p>\n<div id=\"attachment_6580\" style=\"width: 659px\" class=\"wp-caption aligncenter\"><a href=\"http:\/\/pontscouverts.com\/blogue\/wp-content\/uploads\/2013\/05\/035.jpg\"><img aria-describedby=\"caption-attachment-6580\" loading=\"lazy\" class=\" wp-image-6580\" alt=\"03\" src=\"http:\/\/pontscouverts.com\/blogue\/wp-content\/uploads\/2013\/05\/035.jpg\" width=\"649\" height=\"429\" srcset=\"https:\/\/pontscouverts.com\/blogue\/wp-content\/uploads\/2013\/05\/035.jpg 800w, https:\/\/pontscouverts.com\/blogue\/wp-content\/uploads\/2013\/05\/035-300x198.jpg 300w\" sizes=\"(max-width: 649px) 100vw, 649px\" \/><\/a><p id=\"caption-attachment-6580\" class=\"wp-caption-text\">Photo : R\u00e9al Lavigne<\/p><\/div>\n<p style=\"text-align: justify;\"><span style=\"color: #000000;\">La bonne nouvelle, c&rsquo;est que la structure n&rsquo;est pas vandalis\u00e9e m\u00eame si l&rsquo;endroit est relativement isol\u00e9. Comme le chemin se termine en cul-de-sac, bien peu de gens s&rsquo;aventurent dans ce secteur.<\/span><\/p>\n<p><span style=\"color: #ffffff;\">.<\/span><\/p>\n<div id=\"attachment_6581\" style=\"width: 659px\" class=\"wp-caption aligncenter\"><a href=\"http:\/\/pontscouverts.com\/blogue\/wp-content\/uploads\/2013\/05\/045.jpg\"><img aria-describedby=\"caption-attachment-6581\" loading=\"lazy\" class=\" wp-image-6581\" alt=\"04\" src=\"http:\/\/pontscouverts.com\/blogue\/wp-content\/uploads\/2013\/05\/045.jpg\" width=\"649\" height=\"429\" srcset=\"https:\/\/pontscouverts.com\/blogue\/wp-content\/uploads\/2013\/05\/045.jpg 800w, https:\/\/pontscouverts.com\/blogue\/wp-content\/uploads\/2013\/05\/045-300x198.jpg 300w\" sizes=\"(max-width: 649px) 100vw, 649px\" \/><\/a><p id=\"caption-attachment-6581\" class=\"wp-caption-text\">Photo : R\u00e9al Lavigne<\/p><\/div>\n<p style=\"text-align: justify;\"><span style=\"color: #000000;\">Le pont des Chutes pr\u00e9sente plusieurs caract\u00e9ristiques particuli\u00e8res. En effet, en plus de poss\u00e9der des portiques cintr\u00e9s, \u00a0il s&rsquo;agit du deuxi\u00e8me plus long pont couvert en Abitibi.<\/span><\/p>\n<p><span style=\"color: #ffffff;\">.<\/span><\/p>\n<div id=\"attachment_6582\" style=\"width: 407px\" class=\"wp-caption aligncenter\"><a href=\"http:\/\/pontscouverts.com\/blogue\/wp-content\/uploads\/2013\/05\/055.jpg\"><img aria-describedby=\"caption-attachment-6582\" loading=\"lazy\" class=\"size-large wp-image-6582\" alt=\"05\" src=\"http:\/\/pontscouverts.com\/blogue\/wp-content\/uploads\/2013\/05\/055.jpg\" width=\"397\" height=\"600\" srcset=\"https:\/\/pontscouverts.com\/blogue\/wp-content\/uploads\/2013\/05\/055.jpg 397w, https:\/\/pontscouverts.com\/blogue\/wp-content\/uploads\/2013\/05\/055-198x300.jpg 198w\" sizes=\"(max-width: 397px) 100vw, 397px\" \/><\/a><p id=\"caption-attachment-6582\" class=\"wp-caption-text\">Photo : R\u00e9al Lavigne<\/p><\/div>\n<p style=\"text-align: justify;\"><span style=\"color: #000000;\">Cette structure de 2 trav\u00e9es est tr\u00e8s d\u00e9form\u00e9e comme on peut le voir sur toutes les photos du jour. Dans les ann\u00e9es 60, ce pont a d\u00e9j\u00e0 cass\u00e9 en 2.<\/span><\/p>\n<p style=\"text-align: left;\"><span style=\"color: #ffffff;\">.<\/span><\/p>\n","protected":false},"excerpt":{"rendered":"<p>Pour faire un peu suite au billet d&rsquo;hier, voici des photos r\u00e9centes du pont des Chutes. Elles ont \u00e9t\u00e9 prises samedi dernier par R\u00e9al Lavigne lors d&rsquo;une tourn\u00e9e des ponts couverts de sa r\u00e9gion. La situation est toujours la m\u00eame et il serait bien \u00e9tonnant de revoir cette structure en service un jour&#8230;<\/p>\n","protected":false},"author":1,"featured_media":0,"comment_status":"open","ping_status":"open","sticky":false,"template":"","format":"standard","meta":[],"categories":[3],"tags":[],"_links":{"self":[{"href":"https:\/\/pontscouverts.com\/blogue\/wp-json\/wp\/v2\/posts\/6577"}],"collection":[{"href":"https:\/\/pontscouverts.com\/blogue\/wp-json\/wp\/v2\/posts"}],"about":[{"href":"https:\/\/pontscouverts.com\/blogue\/wp-json\/wp\/v2\/types\/post"}],"author":[{"embeddable":true,"href":"https:\/\/pontscouverts.com\/blogue\/wp-json\/wp\/v2\/users\/1"}],"replies":[{"embeddable":true,"href":"https:\/\/pontscouverts.com\/blogue\/wp-json\/wp\/v2\/comments?post=6577"}],"version-history":[{"count":6,"href":"https:\/\/pontscouverts.com\/blogue\/wp-json\/wp\/v2\/posts\/6577\/revisions"}],"predecessor-version":[{"id":6588,"href":"https:\/\/pontscouverts.com\/blogue\/wp-json\/wp\/v2\/posts\/6577\/revisions\/6588"}],"wp:attachment":[{"href":"https:\/\/pontscouverts.com\/blogue\/wp-json\/wp\/v2\/media?parent=6577"}],"wp:term":[{"taxonomy":"category","embeddable":true,"href":"https:\/\/pontscouverts.com\/blogue\/wp-json\/wp\/v2\/categories?post=6577"},{"taxonomy":"post_tag","embeddable":true,"href":"https:\/\/pontscouverts.com\/blogue\/wp-json\/wp\/v2\/tags?post=6577"}],"curies":[{"name":"wp","href":"https:\/\/api.w.org\/{rel}","templated":true}]}}