{"id":6559,"date":"2013-05-28T23:00:47","date_gmt":"2013-05-29T03:00:47","guid":{"rendered":"http:\/\/pontscouverts.com\/blogue\/?p=6559"},"modified":"2013-05-28T22:21:08","modified_gmt":"2013-05-29T02:21:08","slug":"samedi-dernier-au-pont-couvert-de-lorignal","status":"publish","type":"post","link":"https:\/\/pontscouverts.com\/blogue\/2013\/05\/28\/samedi-dernier-au-pont-couvert-de-lorignal\/","title":{"rendered":"Samedi dernier au pont couvert de l&rsquo;Orignal"},"content":{"rendered":"<div id=\"attachment_6560\" style=\"width: 650px\" class=\"wp-caption aligncenter\"><a href=\"http:\/\/pontscouverts.com\/blogue\/wp-content\/uploads\/2013\/05\/014.jpg\"><img aria-describedby=\"caption-attachment-6560\" loading=\"lazy\" class=\" wp-image-6560 \" alt=\"01\" src=\"http:\/\/pontscouverts.com\/blogue\/wp-content\/uploads\/2013\/05\/014.jpg\" width=\"640\" height=\"424\" srcset=\"https:\/\/pontscouverts.com\/blogue\/wp-content\/uploads\/2013\/05\/014.jpg 800w, https:\/\/pontscouverts.com\/blogue\/wp-content\/uploads\/2013\/05\/014-e1610985279880-150x99.jpg 150w, https:\/\/pontscouverts.com\/blogue\/wp-content\/uploads\/2013\/05\/014-300x198.jpg 300w\" sizes=\"(max-width: 640px) 100vw, 640px\" \/><\/a><p id=\"caption-attachment-6560\" class=\"wp-caption-text\">Photo : R\u00e9al Lavigne<\/p><\/div>\n<p style=\"text-align: justify;\"><span style=\"color: #000000;\">Samedi dernier, R\u00e9al Lavigne s&rsquo;est rendu \u00e0 Rochebaucourt pour photographier les ponts couverts de ce petit village du Nord-Est de l&rsquo;Abitibi-T\u00e9miscamingue. Voici donc des photos tr\u00e8s fra\u00eeches du <span style=\"color: #0000ff;\"><a href=\"http:\/\/www.pontscouverts.com\/Pontscouverts2\/Orignal.html\"><span style=\"color: #0000ff;\">pont de l&rsquo;Orignal<\/span><\/a><\/span>, qui rappelons-le a \u00e9t\u00e9 ferm\u00e9 pendant quelques jours au d\u00e9but du mois&#8230;<\/span><\/p>\n<p><!--more Lire la suite--><\/p>\n<p><span style=\"color: #ffffff;\">.<\/span><\/p>\n<div id=\"attachment_6561\" style=\"width: 659px\" class=\"wp-caption aligncenter\"><a href=\"http:\/\/pontscouverts.com\/blogue\/wp-content\/uploads\/2013\/05\/024.jpg\"><img aria-describedby=\"caption-attachment-6561\" loading=\"lazy\" class=\" wp-image-6561\" alt=\"02\" src=\"http:\/\/pontscouverts.com\/blogue\/wp-content\/uploads\/2013\/05\/024.jpg\" width=\"649\" height=\"429\" srcset=\"https:\/\/pontscouverts.com\/blogue\/wp-content\/uploads\/2013\/05\/024.jpg 800w, https:\/\/pontscouverts.com\/blogue\/wp-content\/uploads\/2013\/05\/024-e1610985270171-150x99.jpg 150w, https:\/\/pontscouverts.com\/blogue\/wp-content\/uploads\/2013\/05\/024-300x198.jpg 300w\" sizes=\"(max-width: 649px) 100vw, 649px\" \/><\/a><p id=\"caption-attachment-6561\" class=\"wp-caption-text\">Photo : R\u00e9al Lavigne<\/p><\/div>\n<p style=\"text-align: justify;\"><span style=\"color: #000000;\">L&rsquo;eau qui arrivait presqu&rsquo;\u00e0 la hauteur du tablier du pont s&rsquo;est heureusement retir\u00e9e. La portion de la route 395 qui m\u00e8ne au pont a \u00e9t\u00e9 ferm\u00e9e pendant 5 jours au d\u00e9but du mois de mai. L&rsquo;important est que tout est maintenant rentr\u00e9 dans l&rsquo;ordre.<\/span><\/p>\n<p><span style=\"color: #ffffff;\">.<\/span><\/p>\n<div id=\"attachment_6568\" style=\"width: 650px\" class=\"wp-caption aligncenter\"><a href=\"http:\/\/pontscouverts.com\/blogue\/wp-content\/uploads\/2013\/05\/034.jpg\"><img aria-describedby=\"caption-attachment-6568\" loading=\"lazy\" class=\" wp-image-6568\" alt=\"03\" src=\"http:\/\/pontscouverts.com\/blogue\/wp-content\/uploads\/2013\/05\/034.jpg\" width=\"640\" height=\"424\" srcset=\"https:\/\/pontscouverts.com\/blogue\/wp-content\/uploads\/2013\/05\/034.jpg 800w, https:\/\/pontscouverts.com\/blogue\/wp-content\/uploads\/2013\/05\/034-300x198.jpg 300w\" sizes=\"(max-width: 640px) 100vw, 640px\" \/><\/a><p id=\"caption-attachment-6568\" class=\"wp-caption-text\">Photo : R\u00e9al Lavigne<\/p><\/div>\n<p style=\"text-align: justify;\"><span style=\"color: #000000;\">C&rsquo;est la rivi\u00e8re Laflamme qui coule sous la structure de 109 pieds.<\/span><\/p>\n<p style=\"text-align: justify;\"><span style=\"color: #ffffff;\">.<\/span><\/p>\n<div id=\"attachment_6562\" style=\"width: 659px\" class=\"wp-caption aligncenter\"><a href=\"http:\/\/pontscouverts.com\/blogue\/wp-content\/uploads\/2013\/05\/044.jpg\"><img aria-describedby=\"caption-attachment-6562\" loading=\"lazy\" class=\" wp-image-6562\" alt=\"04\" src=\"http:\/\/pontscouverts.com\/blogue\/wp-content\/uploads\/2013\/05\/044.jpg\" width=\"649\" height=\"429\" srcset=\"https:\/\/pontscouverts.com\/blogue\/wp-content\/uploads\/2013\/05\/044.jpg 800w, https:\/\/pontscouverts.com\/blogue\/wp-content\/uploads\/2013\/05\/044-e1610985290988-150x99.jpg 150w, https:\/\/pontscouverts.com\/blogue\/wp-content\/uploads\/2013\/05\/044-300x198.jpg 300w\" sizes=\"(max-width: 649px) 100vw, 649px\" \/><\/a><p id=\"caption-attachment-6562\" class=\"wp-caption-text\">Photo : R\u00e9al Lavigne<\/p><\/div>\n<p style=\"text-align: justify;\"><span style=\"color: #000000;\">La structure Town \u00e9labor\u00e9e affiche une charge maximum de 15 tonnes, ce qui est beaucoup pour un pont couvert.<\/span><\/p>\n<p><span style=\"color: #ffffff;\">.<\/span><\/p>\n<div id=\"attachment_6563\" style=\"width: 659px\" class=\"wp-caption aligncenter\"><a href=\"http:\/\/pontscouverts.com\/blogue\/wp-content\/uploads\/2013\/05\/054.jpg\"><img aria-describedby=\"caption-attachment-6563\" loading=\"lazy\" class=\" wp-image-6563\" alt=\"05\" src=\"http:\/\/pontscouverts.com\/blogue\/wp-content\/uploads\/2013\/05\/054.jpg\" width=\"649\" height=\"402\" srcset=\"https:\/\/pontscouverts.com\/blogue\/wp-content\/uploads\/2013\/05\/054.jpg 800w, https:\/\/pontscouverts.com\/blogue\/wp-content\/uploads\/2013\/05\/054-e1610985300407-150x93.jpg 150w, https:\/\/pontscouverts.com\/blogue\/wp-content\/uploads\/2013\/05\/054-300x185.jpg 300w\" sizes=\"(max-width: 649px) 100vw, 649px\" \/><\/a><p id=\"caption-attachment-6563\" class=\"wp-caption-text\">Photo : R\u00e9al Lavigne<\/p><\/div>\n<p style=\"text-align: justify;\"><span style=\"color: #000000;\">Les portiques cintr\u00e9s d\u2019origine du pont de l&rsquo;Orignal ont \u00e9t\u00e9 remplac\u00e9s par des portiques classiques en 2002.<\/span><\/p>\n<p><span style=\"color: #ffffff;\">.<\/span><\/p>\n<div id=\"attachment_6564\" style=\"width: 659px\" class=\"wp-caption aligncenter\"><a href=\"http:\/\/pontscouverts.com\/blogue\/wp-content\/uploads\/2013\/05\/064.jpg\"><img aria-describedby=\"caption-attachment-6564\" loading=\"lazy\" class=\" wp-image-6564\" alt=\"06\" src=\"http:\/\/pontscouverts.com\/blogue\/wp-content\/uploads\/2013\/05\/064.jpg\" width=\"649\" height=\"429\" srcset=\"https:\/\/pontscouverts.com\/blogue\/wp-content\/uploads\/2013\/05\/064.jpg 800w, https:\/\/pontscouverts.com\/blogue\/wp-content\/uploads\/2013\/05\/064-e1610985310774-150x99.jpg 150w, https:\/\/pontscouverts.com\/blogue\/wp-content\/uploads\/2013\/05\/064-300x198.jpg 300w\" sizes=\"(max-width: 649px) 100vw, 649px\" \/><\/a><p id=\"caption-attachment-6564\" class=\"wp-caption-text\">Photo : R\u00e9al Lavigne<\/p><\/div>\n<p style=\"text-align: justify;\"><span style=\"color: #000000;\">Longtemps gris, ce pont couvert a \u00e9t\u00e9 repeint en rouge en 1983. Il avait \u00e9galement \u00e9t\u00e9 endommag\u00e9 par la crue des eaux en 2002.\u00a0<\/span><\/p>\n<p><span style=\"color: #ffffff;\">.<\/span><\/p>\n<div id=\"attachment_6574\" style=\"width: 650px\" class=\"wp-caption aligncenter\"><a href=\"http:\/\/pontscouverts.com\/blogue\/wp-content\/uploads\/2013\/05\/DSC_1149-copie.jpg\"><img aria-describedby=\"caption-attachment-6574\" loading=\"lazy\" class=\" wp-image-6574\" alt=\"DSC_1149 copie\" src=\"http:\/\/pontscouverts.com\/blogue\/wp-content\/uploads\/2013\/05\/DSC_1149-copie.jpg\" width=\"640\" height=\"424\" srcset=\"https:\/\/pontscouverts.com\/blogue\/wp-content\/uploads\/2013\/05\/DSC_1149-copie.jpg 800w, https:\/\/pontscouverts.com\/blogue\/wp-content\/uploads\/2013\/05\/DSC_1149-copie-e1610985321255-150x99.jpg 150w, https:\/\/pontscouverts.com\/blogue\/wp-content\/uploads\/2013\/05\/DSC_1149-copie-300x198.jpg 300w\" sizes=\"(max-width: 640px) 100vw, 640px\" \/><\/a><p id=\"caption-attachment-6574\" class=\"wp-caption-text\">Photo : R\u00e9al Lavigne<\/p><\/div>\n<p style=\"text-align: justify;\"><span style=\"color: #000000;\">Terminons pas ce superbe clich\u00e9 pris par R\u00e9al Lavigne en janvier dernier. Nous le remercions pour les jolies photos.<\/span><\/p>\n<p><span style=\"color: #ffffff;\">.<\/span><\/p>\n","protected":false},"excerpt":{"rendered":"<p>Samedi dernier, R\u00e9al Lavigne s&rsquo;est rendu \u00e0 Rochebaucourt pour photographier les ponts couverts de ce petit village du Nord-Est de l&rsquo;Abitibi-T\u00e9miscamingue. Voici donc des photos tr\u00e8s fra\u00eeches du pont de l&rsquo;Orignal, qui rappelons-le a \u00e9t\u00e9 ferm\u00e9 pendant quelques jours au d\u00e9but du mois&#8230;<\/p>\n","protected":false},"author":1,"featured_media":0,"comment_status":"open","ping_status":"open","sticky":false,"template":"","format":"standard","meta":[],"categories":[3],"tags":[],"_links":{"self":[{"href":"https:\/\/pontscouverts.com\/blogue\/wp-json\/wp\/v2\/posts\/6559"}],"collection":[{"href":"https:\/\/pontscouverts.com\/blogue\/wp-json\/wp\/v2\/posts"}],"about":[{"href":"https:\/\/pontscouverts.com\/blogue\/wp-json\/wp\/v2\/types\/post"}],"author":[{"embeddable":true,"href":"https:\/\/pontscouverts.com\/blogue\/wp-json\/wp\/v2\/users\/1"}],"replies":[{"embeddable":true,"href":"https:\/\/pontscouverts.com\/blogue\/wp-json\/wp\/v2\/comments?post=6559"}],"version-history":[{"count":10,"href":"https:\/\/pontscouverts.com\/blogue\/wp-json\/wp\/v2\/posts\/6559\/revisions"}],"predecessor-version":[{"id":6575,"href":"https:\/\/pontscouverts.com\/blogue\/wp-json\/wp\/v2\/posts\/6559\/revisions\/6575"}],"wp:attachment":[{"href":"https:\/\/pontscouverts.com\/blogue\/wp-json\/wp\/v2\/media?parent=6559"}],"wp:term":[{"taxonomy":"category","embeddable":true,"href":"https:\/\/pontscouverts.com\/blogue\/wp-json\/wp\/v2\/categories?post=6559"},{"taxonomy":"post_tag","embeddable":true,"href":"https:\/\/pontscouverts.com\/blogue\/wp-json\/wp\/v2\/tags?post=6559"}],"curies":[{"name":"wp","href":"https:\/\/api.w.org\/{rel}","templated":true}]}}