{"id":6518,"date":"2013-05-26T23:00:04","date_gmt":"2013-05-27T03:00:04","guid":{"rendered":"http:\/\/pontscouverts.com\/blogue\/?p=6518"},"modified":"2013-05-25T09:30:20","modified_gmt":"2013-05-25T13:30:20","slug":"des-nouvelles-du-pont-couvert-prudhomme","status":"publish","type":"post","link":"https:\/\/pontscouverts.com\/blogue\/2013\/05\/26\/des-nouvelles-du-pont-couvert-prudhomme\/","title":{"rendered":"Des nouvelles du pont couvert Prud&rsquo;homme"},"content":{"rendered":"<div id=\"attachment_6519\" style=\"width: 650px\" class=\"wp-caption aligncenter\"><a href=\"http:\/\/pontscouverts.com\/blogue\/wp-content\/uploads\/2013\/05\/012.jpg\"><img aria-describedby=\"caption-attachment-6519\" loading=\"lazy\" class=\" wp-image-6519\" alt=\"01\" src=\"http:\/\/pontscouverts.com\/blogue\/wp-content\/uploads\/2013\/05\/012.jpg\" width=\"640\" height=\"480\" srcset=\"https:\/\/pontscouverts.com\/blogue\/wp-content\/uploads\/2013\/05\/012.jpg 800w, https:\/\/pontscouverts.com\/blogue\/wp-content\/uploads\/2013\/05\/012-300x225.jpg 300w\" sizes=\"(max-width: 640px) 100vw, 640px\" \/><\/a><p id=\"caption-attachment-6519\" class=\"wp-caption-text\">Photo : Daniel Poirier<\/p><\/div>\n<p style=\"text-align: justify;\"><span style=\"color: #000000;\">Dimanche le 19 mai dernier, notre ami Daniel Poirier s&rsquo;est rendu \u00e0 Br\u00e9beuf pour photographier le <span style=\"color: #0000ff;\"><a href=\"http:\/\/www.pontscouverts.com\/Pontscouverts2\/Prudhomme.html\"><span style=\"color: #0000ff;\">pont Prud&rsquo;homme<\/span><\/a><\/span>. La structure se porte tr\u00e8s bien et une autre belle saison s&rsquo;amorce pour ce joli pont couvert des Laurentides&#8230;<\/span><\/p>\n<p><!--more Lire la suite--><\/p>\n<p><span style=\"color: #ffffff;\">\u00a0.<\/span><\/p>\n<div id=\"attachment_6520\" style=\"width: 659px\" class=\"wp-caption aligncenter\"><a href=\"http:\/\/pontscouverts.com\/blogue\/wp-content\/uploads\/2013\/05\/022.jpg\"><img aria-describedby=\"caption-attachment-6520\" loading=\"lazy\" class=\" wp-image-6520\" alt=\"02\" src=\"http:\/\/pontscouverts.com\/blogue\/wp-content\/uploads\/2013\/05\/022.jpg\" width=\"649\" height=\"486\" srcset=\"https:\/\/pontscouverts.com\/blogue\/wp-content\/uploads\/2013\/05\/022.jpg 800w, https:\/\/pontscouverts.com\/blogue\/wp-content\/uploads\/2013\/05\/022-300x225.jpg 300w\" sizes=\"(max-width: 649px) 100vw, 649px\" \/><\/a><p id=\"caption-attachment-6520\" class=\"wp-caption-text\">Photo : Daniel Poirier<\/p><\/div>\n<p style=\"text-align: justify;\"><span style=\"color: #000000;\">Construit en 1918 au co\u00fbt de 6000$, le pont Prud&rsquo;homme sera centenaire dans \u00e0 peine 5 ans, ce qui esp\u00e9rons-le sera soulign\u00e9 par la municipalit\u00e9 de Br\u00e9beuf.<\/span><\/p>\n<p>&nbsp;<\/p>\n<div id=\"attachment_6521\" style=\"width: 659px\" class=\"wp-caption aligncenter\"><a href=\"http:\/\/pontscouverts.com\/blogue\/wp-content\/uploads\/2013\/05\/032.jpg\"><img aria-describedby=\"caption-attachment-6521\" loading=\"lazy\" class=\" wp-image-6521\" alt=\"03\" src=\"http:\/\/pontscouverts.com\/blogue\/wp-content\/uploads\/2013\/05\/032.jpg\" width=\"649\" height=\"486\" srcset=\"https:\/\/pontscouverts.com\/blogue\/wp-content\/uploads\/2013\/05\/032.jpg 800w, https:\/\/pontscouverts.com\/blogue\/wp-content\/uploads\/2013\/05\/032-300x225.jpg 300w\" sizes=\"(max-width: 649px) 100vw, 649px\" \/><\/a><p id=\"caption-attachment-6521\" class=\"wp-caption-text\">Photo : Daniel Poirier<\/p><\/div>\n<p style=\"text-align: justify;\"><span style=\"color: #000000;\">Depuis 1957, ce pont honore une famille pionni\u00e8re de la r\u00e9gion. De nos jours, cette famille habite toujours \u00e0 proximit\u00e9 du pont couvert.<\/span><\/p>\n<p>&nbsp;<\/p>\n<div id=\"attachment_6522\" style=\"width: 659px\" class=\"wp-caption aligncenter\"><a href=\"http:\/\/pontscouverts.com\/blogue\/wp-content\/uploads\/2013\/05\/042.jpg\"><img aria-describedby=\"caption-attachment-6522\" loading=\"lazy\" class=\" wp-image-6522\" alt=\"04\" src=\"http:\/\/pontscouverts.com\/blogue\/wp-content\/uploads\/2013\/05\/042.jpg\" width=\"649\" height=\"486\" srcset=\"https:\/\/pontscouverts.com\/blogue\/wp-content\/uploads\/2013\/05\/042.jpg 800w, https:\/\/pontscouverts.com\/blogue\/wp-content\/uploads\/2013\/05\/042-300x225.jpg 300w\" sizes=\"(max-width: 649px) 100vw, 649px\" \/><\/a><p id=\"caption-attachment-6522\" class=\"wp-caption-text\">Photo : Daniel Poirier<\/p><\/div>\n<p style=\"text-align: justify;\"><span style=\"color: #000000;\">\u00c0 l&rsquo;int\u00e9rieur du pont, tout est sous contr\u00f4le m\u00eame si Daniel a observ\u00e9 que plusieurs planches du tablier commen\u00e7aient \u00e0 \u00eatre us\u00e9es.<\/span><\/p>\n<p style=\"text-align: justify;\"><span style=\"color: #ffffff;\">.<\/span><\/p>\n<div id=\"attachment_6523\" style=\"width: 659px\" class=\"wp-caption aligncenter\"><a href=\"http:\/\/pontscouverts.com\/blogue\/wp-content\/uploads\/2013\/05\/052.jpg\"><img aria-describedby=\"caption-attachment-6523\" loading=\"lazy\" class=\" wp-image-6523\" alt=\"05\" src=\"http:\/\/pontscouverts.com\/blogue\/wp-content\/uploads\/2013\/05\/052.jpg\" width=\"649\" height=\"475\" srcset=\"https:\/\/pontscouverts.com\/blogue\/wp-content\/uploads\/2013\/05\/052.jpg 800w, https:\/\/pontscouverts.com\/blogue\/wp-content\/uploads\/2013\/05\/052-300x219.jpg 300w\" sizes=\"(max-width: 649px) 100vw, 649px\" \/><\/a><p id=\"caption-attachment-6523\" class=\"wp-caption-text\">Photo : Daniel Poirier<\/p><\/div>\n<p style=\"text-align: justify;\"><span style=\"color: #000000;\">Le pont Prud&rsquo;homme affiche une charge maximum de 5 tonnes alors que la hauteur libre est limit\u00e9e \u00e0 2,10 m\u00e8tres gr\u00e2ce aux gabarits.<\/span><\/p>\n<p>&nbsp;<\/p>\n<div id=\"attachment_6524\" style=\"width: 659px\" class=\"wp-caption aligncenter\"><a href=\"http:\/\/pontscouverts.com\/blogue\/wp-content\/uploads\/2013\/05\/062.jpg\"><img aria-describedby=\"caption-attachment-6524\" loading=\"lazy\" class=\" wp-image-6524\" alt=\"06\" src=\"http:\/\/pontscouverts.com\/blogue\/wp-content\/uploads\/2013\/05\/062.jpg\" width=\"649\" height=\"486\" srcset=\"https:\/\/pontscouverts.com\/blogue\/wp-content\/uploads\/2013\/05\/062.jpg 800w, https:\/\/pontscouverts.com\/blogue\/wp-content\/uploads\/2013\/05\/062-300x225.jpg 300w\" sizes=\"(max-width: 649px) 100vw, 649px\" \/><\/a><p id=\"caption-attachment-6524\" class=\"wp-caption-text\">Photo : Daniel Poirier<\/p><\/div>\n<p style=\"text-align: justify;\"><span style=\"color: #000000;\">De nouvelles pancartes \u00ab\u00a0terrain priv\u00e9\u00a0\u00bb auraient \u00e9t\u00e9 install\u00e9es pr\u00e8s des champs qui entourent le pont Prud&rsquo;homme. C&rsquo;est la rivi\u00e8re du Diable qui coule sous la structure de 145 pieds de long.<\/span><\/p>\n<p style=\"text-align: justify;\"><span style=\"color: #ffffff;\">.<\/span><\/p>\n","protected":false},"excerpt":{"rendered":"<p>Dimanche le 19 mai dernier, notre ami Daniel Poirier s&rsquo;est rendu \u00e0 Br\u00e9beuf pour photographier le pont Prud&rsquo;homme. La structure se porte tr\u00e8s bien et une autre belle saison s&rsquo;amorce pour ce joli pont couvert des Laurentides&#8230;<\/p>\n","protected":false},"author":1,"featured_media":0,"comment_status":"open","ping_status":"open","sticky":false,"template":"","format":"standard","meta":[],"categories":[3],"tags":[],"_links":{"self":[{"href":"https:\/\/pontscouverts.com\/blogue\/wp-json\/wp\/v2\/posts\/6518"}],"collection":[{"href":"https:\/\/pontscouverts.com\/blogue\/wp-json\/wp\/v2\/posts"}],"about":[{"href":"https:\/\/pontscouverts.com\/blogue\/wp-json\/wp\/v2\/types\/post"}],"author":[{"embeddable":true,"href":"https:\/\/pontscouverts.com\/blogue\/wp-json\/wp\/v2\/users\/1"}],"replies":[{"embeddable":true,"href":"https:\/\/pontscouverts.com\/blogue\/wp-json\/wp\/v2\/comments?post=6518"}],"version-history":[{"count":7,"href":"https:\/\/pontscouverts.com\/blogue\/wp-json\/wp\/v2\/posts\/6518\/revisions"}],"predecessor-version":[{"id":6531,"href":"https:\/\/pontscouverts.com\/blogue\/wp-json\/wp\/v2\/posts\/6518\/revisions\/6531"}],"wp:attachment":[{"href":"https:\/\/pontscouverts.com\/blogue\/wp-json\/wp\/v2\/media?parent=6518"}],"wp:term":[{"taxonomy":"category","embeddable":true,"href":"https:\/\/pontscouverts.com\/blogue\/wp-json\/wp\/v2\/categories?post=6518"},{"taxonomy":"post_tag","embeddable":true,"href":"https:\/\/pontscouverts.com\/blogue\/wp-json\/wp\/v2\/tags?post=6518"}],"curies":[{"name":"wp","href":"https:\/\/api.w.org\/{rel}","templated":true}]}}