{"id":6474,"date":"2013-05-21T23:00:58","date_gmt":"2013-05-22T03:00:58","guid":{"rendered":"http:\/\/pontscouverts.com\/blogue\/?p=6474"},"modified":"2013-05-21T08:45:10","modified_gmt":"2013-05-21T12:45:10","slug":"des-nouvelles-en-retard-de-labitibi-temiscamingue","status":"publish","type":"post","link":"https:\/\/pontscouverts.com\/blogue\/2013\/05\/21\/des-nouvelles-en-retard-de-labitibi-temiscamingue\/","title":{"rendered":"Des nouvelles (en retard) de l&rsquo;Abitibi-T\u00e9miscamingue"},"content":{"rendered":"<div id=\"attachment_6477\" style=\"width: 650px\" class=\"wp-caption aligncenter\"><a href=\"http:\/\/pontscouverts.com\/blogue\/wp-content\/uploads\/2013\/05\/61-01-18d.jpg\"><img aria-describedby=\"caption-attachment-6477\" loading=\"lazy\" class=\" wp-image-6477\" alt=\"61-01-18d\" src=\"http:\/\/pontscouverts.com\/blogue\/wp-content\/uploads\/2013\/05\/61-01-18d.jpg\" width=\"640\" height=\"432\" srcset=\"https:\/\/pontscouverts.com\/blogue\/wp-content\/uploads\/2013\/05\/61-01-18d.jpg 800w, https:\/\/pontscouverts.com\/blogue\/wp-content\/uploads\/2013\/05\/61-01-18d-300x202.jpg 300w\" sizes=\"(max-width: 640px) 100vw, 640px\" \/><\/a><p id=\"caption-attachment-6477\" class=\"wp-caption-text\">Photo : Andr\u00e9 Goossens (1984)<\/p><\/div>\n<p style=\"text-align: justify;\"><span style=\"color: #000000;\">On se souvient qu&rsquo;au d\u00e9but du mois courant, le pont de l&rsquo;Orignal a \u00e9t\u00e9 ferm\u00e9 pour une p\u00e9riode d&rsquo;environ une semaine parce que l&rsquo;eau atteignait la route \u00e0 la hauteur du pont couvert. La situation est maintenant rentr\u00e9e dans l&rsquo;ordre, mais je viens d&rsquo;apprendre que 2 autres ponts couverts ont \u00e9t\u00e9 ferm\u00e9s pour la m\u00eame raison. Il s&rsquo;agit donc d&rsquo;une vieille nouvelle mais j&rsquo;en parle tout de m\u00eame puisque nous l&rsquo;ignorions&#8230;<\/span><\/p>\n<p><!--more Lire la suite--><\/p>\n<p><span style=\"color: #ffffff;\">.<\/span><\/p>\n<div id=\"attachment_6476\" style=\"width: 650px\" class=\"wp-caption aligncenter\"><a href=\"http:\/\/pontscouverts.com\/blogue\/wp-content\/uploads\/2013\/05\/61-01-05d.jpg\"><img aria-describedby=\"caption-attachment-6476\" loading=\"lazy\" class=\" wp-image-6476\" alt=\"61-01-05d\" src=\"http:\/\/pontscouverts.com\/blogue\/wp-content\/uploads\/2013\/05\/61-01-05d.jpg\" width=\"640\" height=\"418\" srcset=\"https:\/\/pontscouverts.com\/blogue\/wp-content\/uploads\/2013\/05\/61-01-05d.jpg 800w, https:\/\/pontscouverts.com\/blogue\/wp-content\/uploads\/2013\/05\/61-01-05d-300x196.jpg 300w\" sizes=\"(max-width: 640px) 100vw, 640px\" \/><\/a><p id=\"caption-attachment-6476\" class=\"wp-caption-text\">Photo : Andr\u00e9 Goossens (1984)<\/p><\/div>\n<p><span style=\"color: #000000;\">Selon l&rsquo;Abitibi-Express, le pont Alphonse-Normandin a \u00e9t\u00e9 ferm\u00e9 du 3 au 8 mai :<\/span><\/p>\n<p style=\"text-align: justify;\"><em><span style=\"color: #000000;\">Le minist\u00e8re des Transports du Qu\u00e9bec informe la population que le pont Alphonse Normandin enjambant la rivi\u00e8re Davy situ\u00e9 sur le chemin Lavoie Ouest, dans la municipalit\u00e9 de Saint-Dominique-du-Rosaire, est pr\u00e9sentement ferm\u00e9 \u00e0 la circulation en raison d\u2019un d\u00e9bordement d\u2019eau, et ce, pour une p\u00e9riode ind\u00e9termin\u00e9e. Une signalisation a \u00e9t\u00e9 install\u00e9e aux endroits strat\u00e9giques pour en informer les usagers<\/span><\/em><\/p>\n<p style=\"text-align: justify;\"><span style=\"color: #ffffff;\">.<\/span><\/p>\n<div id=\"attachment_6478\" style=\"width: 650px\" class=\"wp-caption aligncenter\"><a href=\"http:\/\/pontscouverts.com\/blogue\/wp-content\/uploads\/2013\/05\/61-01-26d.jpg\"><img aria-describedby=\"caption-attachment-6478\" loading=\"lazy\" class=\" wp-image-6478\" alt=\"61-01-26d\" src=\"http:\/\/pontscouverts.com\/blogue\/wp-content\/uploads\/2013\/05\/61-01-26d.jpg\" width=\"640\" height=\"427\" srcset=\"https:\/\/pontscouverts.com\/blogue\/wp-content\/uploads\/2013\/05\/61-01-26d.jpg 800w, https:\/\/pontscouverts.com\/blogue\/wp-content\/uploads\/2013\/05\/61-01-26d-300x200.jpg 300w\" sizes=\"(max-width: 640px) 100vw, 640px\" \/><\/a><p id=\"caption-attachment-6478\" class=\"wp-caption-text\">Photo : Andr\u00e9 Goossens (1984)<\/p><\/div>\n<p style=\"text-align: justify;\"><span style=\"color: #000000;\">La m\u00eame nouvelle touchait le pont de l&rsquo;Arche-de-No\u00e9, mais puisque celui-ci est d\u00e9j\u00e0 ferm\u00e9, j&rsquo;imagine qu&rsquo;on parlait de la voie de contournement :<\/span><\/p>\n<p style=\"text-align: justify;\"><em><span style=\"color: #000000;\">Le minist\u00e8re des Transports du Qu\u00e9bec informe la population que le pont de l\u2019Arche-de-No\u00e9 enjambant la ruisseau Tourville situ\u00e9 sur le 5e-et-6e Rang Est, dans la municipalit\u00e9 de Rochebeaucourt, est pr\u00e9sentement ferm\u00e9 \u00e0 la circulation en raison d\u2019un d\u00e9bordement d\u2019eau, et ce, pour une p\u00e9riode ind\u00e9termin\u00e9e. Une signalisation a \u00e9t\u00e9 install\u00e9e aux endroits strat\u00e9giques pour en informer les usagers.<\/span><\/em><\/p>\n<p style=\"text-align: center;\"><strong><span style=\"color: #ff0000;\">BONNE JOURN\u00c9E<\/span><\/strong><\/p>\n","protected":false},"excerpt":{"rendered":"<p>On se souvient qu&rsquo;au d\u00e9but du mois courant, le pont de l&rsquo;Orignal a \u00e9t\u00e9 ferm\u00e9 pour une p\u00e9riode d&rsquo;environ une semaine parce que l&rsquo;eau atteignait la route \u00e0 la hauteur du pont couvert. La situation est maintenant rentr\u00e9e dans l&rsquo;ordre, mais je viens d&rsquo;apprendre que 2 autres ponts couverts ont \u00e9t\u00e9 ferm\u00e9s pour la m\u00eame [&hellip;]<\/p>\n","protected":false},"author":1,"featured_media":0,"comment_status":"open","ping_status":"open","sticky":false,"template":"","format":"standard","meta":[],"categories":[3],"tags":[],"_links":{"self":[{"href":"https:\/\/pontscouverts.com\/blogue\/wp-json\/wp\/v2\/posts\/6474"}],"collection":[{"href":"https:\/\/pontscouverts.com\/blogue\/wp-json\/wp\/v2\/posts"}],"about":[{"href":"https:\/\/pontscouverts.com\/blogue\/wp-json\/wp\/v2\/types\/post"}],"author":[{"embeddable":true,"href":"https:\/\/pontscouverts.com\/blogue\/wp-json\/wp\/v2\/users\/1"}],"replies":[{"embeddable":true,"href":"https:\/\/pontscouverts.com\/blogue\/wp-json\/wp\/v2\/comments?post=6474"}],"version-history":[{"count":8,"href":"https:\/\/pontscouverts.com\/blogue\/wp-json\/wp\/v2\/posts\/6474\/revisions"}],"predecessor-version":[{"id":6485,"href":"https:\/\/pontscouverts.com\/blogue\/wp-json\/wp\/v2\/posts\/6474\/revisions\/6485"}],"wp:attachment":[{"href":"https:\/\/pontscouverts.com\/blogue\/wp-json\/wp\/v2\/media?parent=6474"}],"wp:term":[{"taxonomy":"category","embeddable":true,"href":"https:\/\/pontscouverts.com\/blogue\/wp-json\/wp\/v2\/categories?post=6474"},{"taxonomy":"post_tag","embeddable":true,"href":"https:\/\/pontscouverts.com\/blogue\/wp-json\/wp\/v2\/tags?post=6474"}],"curies":[{"name":"wp","href":"https:\/\/api.w.org\/{rel}","templated":true}]}}