{"id":6403,"date":"2013-05-13T23:00:40","date_gmt":"2013-05-14T03:00:40","guid":{"rendered":"http:\/\/pontscouverts.com\/blogue\/?p=6403"},"modified":"2013-05-14T08:32:15","modified_gmt":"2013-05-14T12:32:15","slug":"des-nouvelles-du-pont-couvert-de-powerscourt","status":"publish","type":"post","link":"https:\/\/pontscouverts.com\/blogue\/2013\/05\/13\/des-nouvelles-du-pont-couvert-de-powerscourt\/","title":{"rendered":"Des nouvelles du pont couvert de Powerscourt"},"content":{"rendered":"<div id=\"attachment_6404\" style=\"width: 624px\" class=\"wp-caption aligncenter\"><a href=\"http:\/\/pontscouverts.com\/blogue\/wp-content\/uploads\/2013\/05\/61-27-01-powerscourt-2013-G\u00e9rald-Arbour-N7-a.jpg\"><img aria-describedby=\"caption-attachment-6404\" loading=\"lazy\" class=\" wp-image-6404 \" alt=\"61-27-01 powerscourt 2013 G\u00e9rald Arbour N7-a\" src=\"http:\/\/pontscouverts.com\/blogue\/wp-content\/uploads\/2013\/05\/61-27-01-powerscourt-2013-G\u00e9rald-Arbour-N7-a.jpg\" width=\"614\" height=\"460\" srcset=\"https:\/\/pontscouverts.com\/blogue\/wp-content\/uploads\/2013\/05\/61-27-01-powerscourt-2013-G\u00e9rald-Arbour-N7-a.jpg 947w, https:\/\/pontscouverts.com\/blogue\/wp-content\/uploads\/2013\/05\/61-27-01-powerscourt-2013-G\u00e9rald-Arbour-N7-a-300x224.jpg 300w\" sizes=\"(max-width: 614px) 100vw, 614px\" \/><\/a><p id=\"caption-attachment-6404\" class=\"wp-caption-text\">Photo : G\u00e9rald Arbour<\/p><\/div>\n<p style=\"text-align: justify;\"><span style=\"color: #000000;\">Monsieur G\u00e9rald Arbour s&rsquo;est rendu au <\/span><span style=\"color: #0000ff;\"><a href=\"http:\/\/www.pontscouverts.com\/Pontscouverts2\/Powerscourt.html\"><span style=\"color: #0000ff;\">pont de Powerscourt<\/span><\/a><\/span><span style=\"color: #000000;\"> dimanche dernier pour constater que tout est sous contr\u00f4le pour notre plus vieux pont couvert au Canada. Le site est magnifique et le printemps est bien en place. Il partage avec nous quelques photos prises lors de son escapade&#8230;<\/span><\/p>\n<p><!--more Lire la suite--><\/p>\n<p><span style=\"color: #ffffff;\">.<\/span><\/p>\n<div id=\"attachment_6405\" style=\"width: 630px\" class=\"wp-caption aligncenter\"><a href=\"http:\/\/pontscouverts.com\/blogue\/wp-content\/uploads\/2013\/05\/61-27-01-powerscourt-2013-G\u00e9rald-Arbour-N12-a.jpg\"><img aria-describedby=\"caption-attachment-6405\" loading=\"lazy\" class=\" wp-image-6405 \" alt=\"61-27-01 powerscourt 2013 G\u00e9rald Arbour N12-a\" src=\"http:\/\/pontscouverts.com\/blogue\/wp-content\/uploads\/2013\/05\/61-27-01-powerscourt-2013-G\u00e9rald-Arbour-N12-a.jpg\" width=\"620\" height=\"465\" srcset=\"https:\/\/pontscouverts.com\/blogue\/wp-content\/uploads\/2013\/05\/61-27-01-powerscourt-2013-G\u00e9rald-Arbour-N12-a.jpg 881w, https:\/\/pontscouverts.com\/blogue\/wp-content\/uploads\/2013\/05\/61-27-01-powerscourt-2013-G\u00e9rald-Arbour-N12-a-300x225.jpg 300w\" sizes=\"(max-width: 620px) 100vw, 620px\" \/><\/a><p id=\"caption-attachment-6405\" class=\"wp-caption-text\">Photo : G\u00e9rald Arbour<\/p><\/div>\n<p style=\"text-align: justify;\"><span style=\"color: #000000;\">Restaur\u00e9 il y d\u00e9j\u00e0 pr\u00e8s de 4 ans, le pont de Powerscourt a toujours tr\u00e8s bonne mine. Situ\u00e9 sur le Chemin de la Premi\u00e8re-Concession, la structure est en service \u00e0 l&rsquo;ann\u00e9e.<\/span><\/p>\n<p>&nbsp;<\/p>\n<div id=\"attachment_6407\" style=\"width: 659px\" class=\"wp-caption aligncenter\"><a href=\"http:\/\/pontscouverts.com\/blogue\/wp-content\/uploads\/2013\/05\/61-27-01-powerscourt-2013-G\u00e9rald-Arbour-N30-a.jpg\"><img aria-describedby=\"caption-attachment-6407\" loading=\"lazy\" class=\" wp-image-6407\" alt=\"61-27-01 powerscourt 2013 G\u00e9rald Arbour N30-a\" src=\"http:\/\/pontscouverts.com\/blogue\/wp-content\/uploads\/2013\/05\/61-27-01-powerscourt-2013-G\u00e9rald-Arbour-N30-a.jpg\" width=\"649\" height=\"486\" srcset=\"https:\/\/pontscouverts.com\/blogue\/wp-content\/uploads\/2013\/05\/61-27-01-powerscourt-2013-G\u00e9rald-Arbour-N30-a.jpg 881w, https:\/\/pontscouverts.com\/blogue\/wp-content\/uploads\/2013\/05\/61-27-01-powerscourt-2013-G\u00e9rald-Arbour-N30-a-300x225.jpg 300w\" sizes=\"(max-width: 649px) 100vw, 649px\" \/><\/a><p id=\"caption-attachment-6407\" class=\"wp-caption-text\">Photo : G\u00e9rald Arbour<\/p><\/div>\n<p style=\"text-align: justify;\"><span style=\"color: #000000;\">Ce pont couvert a c\u00e9l\u00e9br\u00e9 son 150e anniversaire en 2011. La charge maximum affich\u00e9e est de 3 tonnes alors que la hauteur libre est de 2 m\u00e8tres.<\/span><\/p>\n<p>&nbsp;<\/p>\n<div id=\"attachment_6408\" style=\"width: 659px\" class=\"wp-caption aligncenter\"><a href=\"http:\/\/pontscouverts.com\/blogue\/wp-content\/uploads\/2013\/05\/61-27-01-powerscourt-2013-G\u00e9rald-Arbour-N33-a.jpg\"><img aria-describedby=\"caption-attachment-6408\" loading=\"lazy\" class=\" wp-image-6408\" alt=\"61-27-01 powerscourt 2013 G\u00e9rald Arbour N33-a\" src=\"http:\/\/pontscouverts.com\/blogue\/wp-content\/uploads\/2013\/05\/61-27-01-powerscourt-2013-G\u00e9rald-Arbour-N33-a.jpg\" width=\"649\" height=\"485\" srcset=\"https:\/\/pontscouverts.com\/blogue\/wp-content\/uploads\/2013\/05\/61-27-01-powerscourt-2013-G\u00e9rald-Arbour-N33-a.jpg 849w, https:\/\/pontscouverts.com\/blogue\/wp-content\/uploads\/2013\/05\/61-27-01-powerscourt-2013-G\u00e9rald-Arbour-N33-a-300x224.jpg 300w\" sizes=\"(max-width: 649px) 100vw, 649px\" \/><\/a><p id=\"caption-attachment-6408\" class=\"wp-caption-text\">Photo : G\u00e9rald Arbour<\/p><\/div>\n<p style=\"text-align: justify;\"><span style=\"color: #000000;\">La plaque de bronze install\u00e9e en octobre 1989 avait \u00e9t\u00e9 vol\u00e9e en mars 2007. On a pos\u00e9 une nouvelle plaque en octobre 2011 mais il semble qu&rsquo;elle soit \u00e0 nouveau disparue. Remarquez que la cl\u00f4ture le long du chemin a \u00e9t\u00e9 fabriqu\u00e9e avec le lambris r\u00e9cup\u00e9r\u00e9 lors des travaux de 2009.<\/span><\/p>\n<p>&nbsp;<\/p>\n<div id=\"attachment_6411\" style=\"width: 659px\" class=\"wp-caption aligncenter\"><a href=\"http:\/\/pontscouverts.com\/blogue\/wp-content\/uploads\/2013\/05\/Bonin-61-27-01-b.jpg\"><img aria-describedby=\"caption-attachment-6411\" loading=\"lazy\" class=\" wp-image-6411 \" alt=\"Bonin 61-27-01 b\" src=\"http:\/\/pontscouverts.com\/blogue\/wp-content\/uploads\/2013\/05\/Bonin-61-27-01-b-1024x682.jpg\" width=\"649\" height=\"431\" srcset=\"https:\/\/pontscouverts.com\/blogue\/wp-content\/uploads\/2013\/05\/Bonin-61-27-01-b-1024x682.jpg 1024w, https:\/\/pontscouverts.com\/blogue\/wp-content\/uploads\/2013\/05\/Bonin-61-27-01-b-300x199.jpg 300w\" sizes=\"(max-width: 649px) 100vw, 649px\" \/><\/a><p id=\"caption-attachment-6411\" class=\"wp-caption-text\">Photo : L\u00e9o Bonin (1993)<\/p><\/div>\n<p style=\"text-align: justify;\"><span style=\"color: #000000;\">Terminons par 2 clich\u00e9s d&rsquo;archives qui datent d&rsquo;une vingtaine d&rsquo;ann\u00e9es. Rappelons qu&rsquo;il s&rsquo;agit du seul pont couvert au monde \u00e0 poss\u00e9der une ferme McCallum.<\/span><\/p>\n<p>&nbsp;<\/p>\n<div id=\"attachment_6412\" style=\"width: 650px\" class=\"wp-caption aligncenter\"><a href=\"http:\/\/pontscouverts.com\/blogue\/wp-content\/uploads\/2013\/05\/61-27-01-hinchinbrooke-1993-J-M-Beaujean-7.jpg\"><img aria-describedby=\"caption-attachment-6412\" loading=\"lazy\" class=\" wp-image-6412\" alt=\"61-27-01 hinchinbrooke 1993 J-M Beaujean #7\" src=\"http:\/\/pontscouverts.com\/blogue\/wp-content\/uploads\/2013\/05\/61-27-01-hinchinbrooke-1993-J-M-Beaujean-7.jpg\" width=\"640\" height=\"430\" srcset=\"https:\/\/pontscouverts.com\/blogue\/wp-content\/uploads\/2013\/05\/61-27-01-hinchinbrooke-1993-J-M-Beaujean-7.jpg 800w, https:\/\/pontscouverts.com\/blogue\/wp-content\/uploads\/2013\/05\/61-27-01-hinchinbrooke-1993-J-M-Beaujean-7-300x201.jpg 300w\" sizes=\"(max-width: 640px) 100vw, 640px\" \/><\/a><p id=\"caption-attachment-6412\" class=\"wp-caption-text\">Photo : Jean-Marie Beaujean (1993)<\/p><\/div>\n<p style=\"text-align: justify;\"><span style=\"color: #000000;\">Comme l&rsquo;indique ce panneau, la structure est \u00e9galement connue sous le nom de Pont Percy, mais seul le nom Pont de Powerscourt est officialis\u00e9 \u00e0 la Commission de toponymie.<\/span><\/p>\n<p style=\"text-align: center;\">\n","protected":false},"excerpt":{"rendered":"<p>Monsieur G\u00e9rald Arbour s&rsquo;est rendu au pont de Powerscourt dimanche dernier pour constater que tout est sous contr\u00f4le pour notre plus vieux pont couvert au Canada. Le site est magnifique et le printemps est bien en place. Il partage avec nous quelques photos prises lors de son escapade&#8230;<\/p>\n","protected":false},"author":1,"featured_media":0,"comment_status":"open","ping_status":"open","sticky":false,"template":"","format":"standard","meta":[],"categories":[3],"tags":[],"_links":{"self":[{"href":"https:\/\/pontscouverts.com\/blogue\/wp-json\/wp\/v2\/posts\/6403"}],"collection":[{"href":"https:\/\/pontscouverts.com\/blogue\/wp-json\/wp\/v2\/posts"}],"about":[{"href":"https:\/\/pontscouverts.com\/blogue\/wp-json\/wp\/v2\/types\/post"}],"author":[{"embeddable":true,"href":"https:\/\/pontscouverts.com\/blogue\/wp-json\/wp\/v2\/users\/1"}],"replies":[{"embeddable":true,"href":"https:\/\/pontscouverts.com\/blogue\/wp-json\/wp\/v2\/comments?post=6403"}],"version-history":[{"count":10,"href":"https:\/\/pontscouverts.com\/blogue\/wp-json\/wp\/v2\/posts\/6403\/revisions"}],"predecessor-version":[{"id":6427,"href":"https:\/\/pontscouverts.com\/blogue\/wp-json\/wp\/v2\/posts\/6403\/revisions\/6427"}],"wp:attachment":[{"href":"https:\/\/pontscouverts.com\/blogue\/wp-json\/wp\/v2\/media?parent=6403"}],"wp:term":[{"taxonomy":"category","embeddable":true,"href":"https:\/\/pontscouverts.com\/blogue\/wp-json\/wp\/v2\/categories?post=6403"},{"taxonomy":"post_tag","embeddable":true,"href":"https:\/\/pontscouverts.com\/blogue\/wp-json\/wp\/v2\/tags?post=6403"}],"curies":[{"name":"wp","href":"https:\/\/api.w.org\/{rel}","templated":true}]}}