{"id":5560,"date":"2013-02-18T23:00:55","date_gmt":"2013-02-19T04:00:55","guid":{"rendered":"http:\/\/pontscouverts.com\/blogue\/?p=5560"},"modified":"2013-02-19T17:30:05","modified_gmt":"2013-02-19T22:30:05","slug":"le-pont-couvert-de-st-mathieu-dhier-a-aujourdhui","status":"publish","type":"post","link":"https:\/\/pontscouverts.com\/blogue\/2013\/02\/18\/le-pont-couvert-de-st-mathieu-dhier-a-aujourdhui\/","title":{"rendered":"Le pont couvert de St-Mathieu d&rsquo;hier \u00e0 aujourd&rsquo;hui"},"content":{"rendered":"<div id=\"attachment_5567\" style=\"width: 658px\" class=\"wp-caption aligncenter\"><a href=\"http:\/\/pontscouverts.com\/blogue\/wp-content\/uploads\/2013\/02\/foucart4.jpg\"><img aria-describedby=\"caption-attachment-5567\" loading=\"lazy\" class=\" wp-image-5567\" alt=\"\" src=\"http:\/\/pontscouverts.com\/blogue\/wp-content\/uploads\/2013\/02\/foucart4.jpg\" width=\"648\" height=\"430\" srcset=\"https:\/\/pontscouverts.com\/blogue\/wp-content\/uploads\/2013\/02\/foucart4.jpg 800w, https:\/\/pontscouverts.com\/blogue\/wp-content\/uploads\/2013\/02\/foucart4-300x199.jpg 300w\" sizes=\"(max-width: 648px) 100vw, 648px\" \/><\/a><p id=\"caption-attachment-5567\" class=\"wp-caption-text\">Photo : \u00c9ric Foucart<\/p><\/div>\n<p style=\"text-align: justify;\"><span style=\"color: #000000;\">Comme il y a d\u00e9j\u00e0 un bon moment que je n&rsquo;avais pas parl\u00e9 du <a href=\"http:\/\/www.pontscouverts.com\/Pontscouverts2\/St-Mathieu.html\"><span style=\"color: #0000ff;\">pont de St-Mathieu<\/span>,<\/a> \u00a0j&rsquo;ai pens\u00e9 publier aujourd&rsquo;hui des photos in\u00e9dites et encore jamais vues sur le site des ponts couverts. Cette structure est en service \u00e0 l&rsquo;ann\u00e9e longue. Place au tr\u00e8s en forme pont de St-Mathieu-du-Parc&#8230;<\/span><\/p>\n<p style=\"text-align: justify;\"><!--more Lire la suite--><\/p>\n<p style=\"text-align: justify;\"><span style=\"color: #ffffff;\">.<\/span><\/p>\n<div id=\"attachment_5561\" style=\"width: 650px\" class=\"wp-caption aligncenter\"><a href=\"http:\/\/pontscouverts.com\/blogue\/wp-content\/uploads\/2013\/02\/Arbour84.jpg\"><img aria-describedby=\"caption-attachment-5561\" loading=\"lazy\" class=\" wp-image-5561\" alt=\"\" src=\"http:\/\/pontscouverts.com\/blogue\/wp-content\/uploads\/2013\/02\/Arbour84.jpg\" width=\"640\" height=\"461\" srcset=\"https:\/\/pontscouverts.com\/blogue\/wp-content\/uploads\/2013\/02\/Arbour84.jpg 800w, https:\/\/pontscouverts.com\/blogue\/wp-content\/uploads\/2013\/02\/Arbour84-300x216.jpg 300w\" sizes=\"(max-width: 640px) 100vw, 640px\" \/><\/a><p id=\"caption-attachment-5561\" class=\"wp-caption-text\">Photo : G\u00e9rald Arbour<\/p><\/div>\n<p style=\"text-align: justify;\"><span style=\"color: #000000;\">Le pont couvert de St-Mathieu a \u00e9t\u00e9 construit en 1936 au-dessus de la rivi\u00e8re Shawinigan. \u00a0Sur ce clich\u00e9 de 1984, on remarque qu&rsquo;un portique \u00e9tait ab\u00eem\u00e9. Il faudra attendre encore 25 ans avoir de voir appara\u00eetre les gabarits.<\/span><\/p>\n<p style=\"text-align: left;\"><span style=\"color: #ffffff;\">.<\/span><\/p>\n<div id=\"attachment_5569\" style=\"width: 650px\" class=\"wp-caption aligncenter\"><a href=\"http:\/\/pontscouverts.com\/blogue\/wp-content\/uploads\/2013\/02\/goossens84.jpg\"><img aria-describedby=\"caption-attachment-5569\" loading=\"lazy\" class=\" wp-image-5569\" alt=\"\" src=\"http:\/\/pontscouverts.com\/blogue\/wp-content\/uploads\/2013\/02\/goossens84.jpg\" width=\"640\" height=\"422\" srcset=\"https:\/\/pontscouverts.com\/blogue\/wp-content\/uploads\/2013\/02\/goossens84.jpg 800w, https:\/\/pontscouverts.com\/blogue\/wp-content\/uploads\/2013\/02\/goossens84-300x198.jpg 300w\" sizes=\"(max-width: 640px) 100vw, 640px\" \/><\/a><p id=\"caption-attachment-5569\" class=\"wp-caption-text\">Photo : Andr\u00e9 Goossens<\/p><\/div>\n<p style=\"text-align: justify;\"><span style=\"color: #000000;\">La charge maximum affich\u00e9e est maintenant pass\u00e9e \u00e0 5 tonnes depuis que ce clich\u00e9 a \u00e9t\u00e9 pris en 1984. Cette structure mesure 88 pieds de long.<\/span><\/p>\n<p style=\"text-align: left;\"><span style=\"color: #ffffff;\">.<\/span><\/p>\n<div id=\"attachment_5562\" style=\"width: 650px\" class=\"wp-caption aligncenter\"><a href=\"http:\/\/pontscouverts.com\/blogue\/wp-content\/uploads\/2013\/02\/Bonin1989.jpg\"><img aria-describedby=\"caption-attachment-5562\" loading=\"lazy\" class=\" wp-image-5562\" alt=\"\" src=\"http:\/\/pontscouverts.com\/blogue\/wp-content\/uploads\/2013\/02\/Bonin1989.jpg\" width=\"640\" height=\"429\" srcset=\"https:\/\/pontscouverts.com\/blogue\/wp-content\/uploads\/2013\/02\/Bonin1989.jpg 800w, https:\/\/pontscouverts.com\/blogue\/wp-content\/uploads\/2013\/02\/Bonin1989-300x201.jpg 300w\" sizes=\"(max-width: 640px) 100vw, 640px\" \/><\/a><p id=\"caption-attachment-5562\" class=\"wp-caption-text\">Photo : L\u00e9o Bonin<\/p><\/div>\n<p style=\"text-align: justify;\"><span style=\"color: #000000;\">Le lambris d&rsquo;entr\u00e9e du pont de St-Mathieu est dispos\u00e9 \u00e0 la verticale, ce qui n&rsquo;est pas commun. Cette photo date de 1989. Le pont est en service \u00e0 l&rsquo;ann\u00e9e.<\/span><\/p>\n<p><span style=\"color: #ffffff;\">.<\/span><\/p>\n<div id=\"attachment_5563\" style=\"width: 650px\" class=\"wp-caption aligncenter\"><a href=\"http:\/\/pontscouverts.com\/blogue\/wp-content\/uploads\/2013\/02\/coulombe1995.jpg\"><img aria-describedby=\"caption-attachment-5563\" loading=\"lazy\" class=\" wp-image-5563\" alt=\"\" src=\"http:\/\/pontscouverts.com\/blogue\/wp-content\/uploads\/2013\/02\/coulombe1995.jpg\" width=\"640\" height=\"438\" srcset=\"https:\/\/pontscouverts.com\/blogue\/wp-content\/uploads\/2013\/02\/coulombe1995.jpg 800w, https:\/\/pontscouverts.com\/blogue\/wp-content\/uploads\/2013\/02\/coulombe1995-300x205.jpg 300w\" sizes=\"(max-width: 640px) 100vw, 640px\" \/><\/a><p id=\"caption-attachment-5563\" class=\"wp-caption-text\">Photo : Ren\u00e9 Coulombe<\/p><\/div>\n<p style=\"text-align: justify;\"><span style=\"color: #000000;\">Nous voici maintenant rendu en 1993 sur cette photo. Le pont avait \u00e9t\u00e9 repeint 1 an plus t\u00f4t soit en 1992, ann\u00e9e o\u00f9 les cul\u00e9es ont \u00e9galement \u00e9t\u00e9 refaites.<\/span><\/p>\n<p><span style=\"color: #ffffff;\">.<\/span><\/p>\n<div id=\"attachment_5568\" style=\"width: 650px\" class=\"wp-caption aligncenter\"><a href=\"http:\/\/pontscouverts.com\/blogue\/wp-content\/uploads\/2013\/02\/gamelin2004.jpg\"><img aria-describedby=\"caption-attachment-5568\" loading=\"lazy\" class=\" wp-image-5568\" alt=\"\" src=\"http:\/\/pontscouverts.com\/blogue\/wp-content\/uploads\/2013\/02\/gamelin2004.jpg\" width=\"640\" height=\"434\" srcset=\"https:\/\/pontscouverts.com\/blogue\/wp-content\/uploads\/2013\/02\/gamelin2004.jpg 800w, https:\/\/pontscouverts.com\/blogue\/wp-content\/uploads\/2013\/02\/gamelin2004-300x203.jpg 300w\" sizes=\"(max-width: 640px) 100vw, 640px\" \/><\/a><p id=\"caption-attachment-5568\" class=\"wp-caption-text\">Photo : Micheline Gamelin<\/p><\/div>\n<p style=\"text-align: justify;\"><span style=\"color: #000000;\">En 2004, ce panneau situ\u00e9 juste \u00e0 c\u00f4t\u00e9 du pont invitait les visiteurs \u00e0 aller stationner 200 m\u00e8tres plus loin. Rappelons qu&rsquo;on retrouve 2 belles haltes am\u00e9nag\u00e9es \u00e0 proximit\u00e9 du pont de St-Mathieu.<\/span><\/p>\n<p><span style=\"color: #ffffff;\">.<\/span><\/p>\n<div id=\"attachment_5566\" style=\"width: 650px\" class=\"wp-caption aligncenter\"><a href=\"http:\/\/pontscouverts.com\/blogue\/wp-content\/uploads\/2013\/02\/foucart3.jpg\"><img aria-describedby=\"caption-attachment-5566\" loading=\"lazy\" class=\" wp-image-5566\" alt=\"\" src=\"http:\/\/pontscouverts.com\/blogue\/wp-content\/uploads\/2013\/02\/foucart3.jpg\" width=\"640\" height=\"425\" srcset=\"https:\/\/pontscouverts.com\/blogue\/wp-content\/uploads\/2013\/02\/foucart3.jpg 800w, https:\/\/pontscouverts.com\/blogue\/wp-content\/uploads\/2013\/02\/foucart3-300x199.jpg 300w\" sizes=\"(max-width: 640px) 100vw, 640px\" \/><\/a><p id=\"caption-attachment-5566\" class=\"wp-caption-text\">Photo : \u00c9ric Foucart<\/p><\/div>\n<p style=\"text-align: justify;\"><span style=\"color: #000000;\">\u00c9ric Foucart est pass\u00e9 par St-Mathieu-du-Parc en 2011 soit environ 2 ans apr\u00e8s la fin des travaux de restauration. Le lambris a \u00e9t\u00e9 remplac\u00e9 et on remarque les nouveaux gabarits.<\/span><\/p>\n<p><span style=\"color: #ffffff;\">.<\/span><\/p>\n<div id=\"attachment_5564\" style=\"width: 650px\" class=\"wp-caption aligncenter\"><a href=\"http:\/\/pontscouverts.com\/blogue\/wp-content\/uploads\/2013\/02\/foucart1.jpg\"><img aria-describedby=\"caption-attachment-5564\" loading=\"lazy\" class=\" wp-image-5564\" alt=\"\" src=\"http:\/\/pontscouverts.com\/blogue\/wp-content\/uploads\/2013\/02\/foucart1.jpg\" width=\"640\" height=\"425\" srcset=\"https:\/\/pontscouverts.com\/blogue\/wp-content\/uploads\/2013\/02\/foucart1.jpg 800w, https:\/\/pontscouverts.com\/blogue\/wp-content\/uploads\/2013\/02\/foucart1-300x199.jpg 300w\" sizes=\"(max-width: 640px) 100vw, 640px\" \/><\/a><p id=\"caption-attachment-5564\" class=\"wp-caption-text\">Photo : \u00c9ric Foucart<\/p><\/div>\n<p style=\"text-align: justify;\"><span style=\"color: #000000;\">Les ouvertures lat\u00e9rates sont maintenant \u00e9quip\u00e9es de jets d&rsquo;eau, ce qui donne un tr\u00e8s joli cachet \u00e0 la structure.<\/span><\/p>\n<p><span style=\"color: #ffffff;\">.<\/span><\/p>\n<div id=\"attachment_5565\" style=\"width: 650px\" class=\"wp-caption aligncenter\"><a href=\"http:\/\/pontscouverts.com\/blogue\/wp-content\/uploads\/2013\/02\/foucart2.jpg\"><img aria-describedby=\"caption-attachment-5565\" loading=\"lazy\" class=\" wp-image-5565\" alt=\"\" src=\"http:\/\/pontscouverts.com\/blogue\/wp-content\/uploads\/2013\/02\/foucart2.jpg\" width=\"640\" height=\"425\" srcset=\"https:\/\/pontscouverts.com\/blogue\/wp-content\/uploads\/2013\/02\/foucart2.jpg 800w, https:\/\/pontscouverts.com\/blogue\/wp-content\/uploads\/2013\/02\/foucart2-300x199.jpg 300w\" sizes=\"(max-width: 640px) 100vw, 640px\" \/><\/a><p id=\"caption-attachment-5565\" class=\"wp-caption-text\">Photo : \u00c9ric Foucart<\/p><\/div>\n<p style=\"text-align: justify;\"><span style=\"color: #000000;\">Le pont de St-Mathieu est cit\u00e9 monument historique par la municipalit\u00e9. On retrouve 4 ponts couverts en Mauricie.<\/span><\/p>\n<p><span style=\"color: #ffffff;\">.<\/span><\/p>\n","protected":false},"excerpt":{"rendered":"<p>Comme il y a d\u00e9j\u00e0 un bon moment que je n&rsquo;avais pas parl\u00e9 du pont de St-Mathieu, \u00a0j&rsquo;ai pens\u00e9 publier aujourd&rsquo;hui des photos in\u00e9dites et encore jamais vues sur le site des ponts couverts. Cette structure est en service \u00e0 l&rsquo;ann\u00e9e longue. Place au tr\u00e8s en forme pont de St-Mathieu-du-Parc&#8230;<\/p>\n","protected":false},"author":1,"featured_media":0,"comment_status":"open","ping_status":"open","sticky":false,"template":"","format":"standard","meta":[],"categories":[1],"tags":[],"_links":{"self":[{"href":"https:\/\/pontscouverts.com\/blogue\/wp-json\/wp\/v2\/posts\/5560"}],"collection":[{"href":"https:\/\/pontscouverts.com\/blogue\/wp-json\/wp\/v2\/posts"}],"about":[{"href":"https:\/\/pontscouverts.com\/blogue\/wp-json\/wp\/v2\/types\/post"}],"author":[{"embeddable":true,"href":"https:\/\/pontscouverts.com\/blogue\/wp-json\/wp\/v2\/users\/1"}],"replies":[{"embeddable":true,"href":"https:\/\/pontscouverts.com\/blogue\/wp-json\/wp\/v2\/comments?post=5560"}],"version-history":[{"count":17,"href":"https:\/\/pontscouverts.com\/blogue\/wp-json\/wp\/v2\/posts\/5560\/revisions"}],"predecessor-version":[{"id":5584,"href":"https:\/\/pontscouverts.com\/blogue\/wp-json\/wp\/v2\/posts\/5560\/revisions\/5584"}],"wp:attachment":[{"href":"https:\/\/pontscouverts.com\/blogue\/wp-json\/wp\/v2\/media?parent=5560"}],"wp:term":[{"taxonomy":"category","embeddable":true,"href":"https:\/\/pontscouverts.com\/blogue\/wp-json\/wp\/v2\/categories?post=5560"},{"taxonomy":"post_tag","embeddable":true,"href":"https:\/\/pontscouverts.com\/blogue\/wp-json\/wp\/v2\/tags?post=5560"}],"curies":[{"name":"wp","href":"https:\/\/api.w.org\/{rel}","templated":true}]}}