{"id":5488,"date":"2013-02-10T23:00:09","date_gmt":"2013-02-11T04:00:09","guid":{"rendered":"http:\/\/pontscouverts.com\/blogue\/?p=5488"},"modified":"2013-02-12T09:23:07","modified_gmt":"2013-02-12T14:23:07","slug":"de-nouveaux-details-sur-la-date-de-construction-du-pont-caron","status":"publish","type":"post","link":"https:\/\/pontscouverts.com\/blogue\/2013\/02\/10\/de-nouveaux-details-sur-la-date-de-construction-du-pont-caron\/","title":{"rendered":"La date de construction du pont Caron, premi\u00e8re partie"},"content":{"rendered":"<div id=\"attachment_5492\" style=\"width: 650px\" class=\"wp-caption aligncenter\"><a href=\"http:\/\/pontscouverts.com\/blogue\/wp-content\/uploads\/2013\/02\/61-40-04f.jpg\"><img aria-describedby=\"caption-attachment-5492\" loading=\"lazy\" class=\"size-full wp-image-5492 \" title=\"61-40-04f\" src=\"http:\/\/pontscouverts.com\/blogue\/wp-content\/uploads\/2013\/02\/61-40-04f.jpg\" alt=\"\" width=\"640\" height=\"442\" srcset=\"https:\/\/pontscouverts.com\/blogue\/wp-content\/uploads\/2013\/02\/61-40-04f.jpg 800w, https:\/\/pontscouverts.com\/blogue\/wp-content\/uploads\/2013\/02\/61-40-04f-300x207.jpg 300w\" sizes=\"(max-width: 640px) 100vw, 640px\" \/><\/a><p id=\"caption-attachment-5492\" class=\"wp-caption-text\">Photo : Andr\u00e9 Goossens<\/p><\/div>\n<p style=\"text-align: justify;\"><span style=\"color: #000000;\">Un sp\u00e9cialiste des ponts couverts s&rsquo;est pench\u00e9 sur le cas du <a href=\"http:\/\/www.pontscouverts.com\/Pontscouverts1\/Caron.html\"><span style=\"color: #0000ff;\">pont Caron<\/span><\/a> de Val-Alain. Une \u00e9tude d\u00e9taill\u00e9e de plusieurs photos d&rsquo;\u00e9poque a permis de d\u00e9terminer que le construction de ce pont ne remonte pas \u00e0 1933 comme nous l&rsquo;avons toujours cru. En fait, le pont Caron aurait probablement \u00e9t\u00e9 construit vers 1944&#8230;<\/span><\/p>\n<p><!--more Lire la suite--><\/p>\n<p>&nbsp;<\/p>\n<p style=\"text-align: justify;\"><span style=\"color: #000000;\">Je vous propose aujourd&rsquo;hui des photos in\u00e9dites du pont Caron. Elles n&rsquo;avaient jamais \u00e9t\u00e9 publi\u00e9es sur le site des ponts couverts. Demain nous irons plus dans les d\u00e9tails en comparant des photos r\u00e9alis\u00e9es \u00e0 diff\u00e9rentes \u00e9poques.<\/span><\/p>\n<p style=\"text-align: center;\">&nbsp;<\/p>\n<div id=\"attachment_5523\" style=\"width: 659px\" class=\"wp-caption aligncenter\"><a href=\"http:\/\/pontscouverts.com\/blogue\/wp-content\/uploads\/2013\/02\/img143.jpg\"><img aria-describedby=\"caption-attachment-5523\" loading=\"lazy\" class=\"size-large wp-image-5523 \" title=\"img143\" src=\"http:\/\/pontscouverts.com\/blogue\/wp-content\/uploads\/2013\/02\/img143-1024x967.jpg\" alt=\"\" width=\"649\" height=\"613\" srcset=\"https:\/\/pontscouverts.com\/blogue\/wp-content\/uploads\/2013\/02\/img143-1024x967.jpg 1024w, https:\/\/pontscouverts.com\/blogue\/wp-content\/uploads\/2013\/02\/img143-300x283.jpg 300w, https:\/\/pontscouverts.com\/blogue\/wp-content\/uploads\/2013\/02\/img143.jpg 1335w\" sizes=\"(max-width: 649px) 100vw, 649px\" \/><\/a><p id=\"caption-attachment-5523\" class=\"wp-caption-text\">Photo : Fonds Richard Roy<\/p><\/div>\n<p style=\"text-align: justify;\"><span style=\"color: #000000;\">Rappelons que jusqu&rsquo;au d\u00e9but des ann\u00e9es 70, on retrouvait 3 ponts couverts sur une courte distance. Les ponts Morin et Bolduc ont \u00e9t\u00e9 d\u00e9molis en 1971. Plusieurs photos prises en 1942 montrent ces 2 grands disparus, mais le pont Caron est absent de ces clich\u00e9s.<\/span><\/p>\n<p style=\"text-align: justify;\">&nbsp;<\/p>\n<div id=\"attachment_5489\" style=\"width: 650px\" class=\"wp-caption aligncenter\"><a href=\"http:\/\/pontscouverts.com\/blogue\/wp-content\/uploads\/2013\/02\/61-40-04b.jpg\"><img aria-describedby=\"caption-attachment-5489\" loading=\"lazy\" class=\"size-full wp-image-5489 \" title=\"61-40-04b\" src=\"http:\/\/pontscouverts.com\/blogue\/wp-content\/uploads\/2013\/02\/61-40-04b.jpg\" alt=\"\" width=\"640\" height=\"420\" srcset=\"https:\/\/pontscouverts.com\/blogue\/wp-content\/uploads\/2013\/02\/61-40-04b.jpg 800w, https:\/\/pontscouverts.com\/blogue\/wp-content\/uploads\/2013\/02\/61-40-04b-300x196.jpg 300w\" sizes=\"(max-width: 640px) 100vw, 640px\" \/><\/a><p id=\"caption-attachment-5489\" class=\"wp-caption-text\">Photo : Andr\u00e9 Goossens<\/p><\/div>\n<p style=\"text-align: justify;\"><span style=\"color: #000000;\">De nos jours, il n&rsquo;est pas \u00e9vident de photographier le pont Caron sous cet angle. Cette structure affiche une charge maximum de 10 tonnes alors que la hauteur libre est limit\u00e9e \u00e0 2,59 m\u00e8tres.\u00a0C&rsquo;est la rivi\u00e8re du Ch\u00eane qui coule sous ce fameux pont.<\/span><\/p>\n<p style=\"text-align: center;\">&nbsp;<\/p>\n<div id=\"attachment_5495\" style=\"width: 650px\" class=\"wp-caption aligncenter\"><a href=\"http:\/\/pontscouverts.com\/blogue\/wp-content\/uploads\/2013\/02\/61-40-04-04-834.jpg\"><img aria-describedby=\"caption-attachment-5495\" loading=\"lazy\" class=\"size-full wp-image-5495 \" title=\"61-40-04 (04-83)4\" src=\"http:\/\/pontscouverts.com\/blogue\/wp-content\/uploads\/2013\/02\/61-40-04-04-834.jpg\" alt=\"\" width=\"640\" height=\"422\" srcset=\"https:\/\/pontscouverts.com\/blogue\/wp-content\/uploads\/2013\/02\/61-40-04-04-834.jpg 800w, https:\/\/pontscouverts.com\/blogue\/wp-content\/uploads\/2013\/02\/61-40-04-04-834-300x198.jpg 300w\" sizes=\"(max-width: 640px) 100vw, 640px\" \/><\/a><p id=\"caption-attachment-5495\" class=\"wp-caption-text\">Photo : G\u00e9rald Arbour<\/p><\/div>\n<p style=\"text-align: justify;\"><span style=\"color: #000000;\">Les photos du jour datent principalement de 1983. \u00c0 cette \u00e9poque, le 1er rang de Val-Alain n&rsquo;\u00e9tait pas encore asphalt\u00e9.<\/span><\/p>\n<p style=\"text-align: center;\">&nbsp;<\/p>\n<div id=\"attachment_5493\" style=\"width: 650px\" class=\"wp-caption aligncenter\"><a href=\"http:\/\/pontscouverts.com\/blogue\/wp-content\/uploads\/2013\/02\/61-40-04j.jpg\"><img aria-describedby=\"caption-attachment-5493\" loading=\"lazy\" class=\"size-full wp-image-5493 \" title=\"61-40-04j\" src=\"http:\/\/pontscouverts.com\/blogue\/wp-content\/uploads\/2013\/02\/61-40-04j.jpg\" alt=\"\" width=\"640\" height=\"425\" srcset=\"https:\/\/pontscouverts.com\/blogue\/wp-content\/uploads\/2013\/02\/61-40-04j.jpg 800w, https:\/\/pontscouverts.com\/blogue\/wp-content\/uploads\/2013\/02\/61-40-04j-300x199.jpg 300w\" sizes=\"(max-width: 640px) 100vw, 640px\" \/><\/a><p id=\"caption-attachment-5493\" class=\"wp-caption-text\">Photo : Andr\u00e9 Goossens<\/p><\/div>\n<p style=\"text-align: justify;\"><span style=\"color: #000000;\">Le pont Caron repose sur des cul\u00e9es de bois. Dans les ann\u00e9es 60, ce pont couvert \u00e9tait rouge.<\/span><\/p>\n<p style=\"text-align: center;\">&nbsp;<\/p>\n<div id=\"attachment_5496\" style=\"width: 635px\" class=\"wp-caption aligncenter\"><a href=\"http:\/\/pontscouverts.com\/blogue\/wp-content\/uploads\/2013\/02\/61-40-04-84b.jpg\"><img aria-describedby=\"caption-attachment-5496\" loading=\"lazy\" class=\"size-full wp-image-5496  \" title=\"61-40-04 (84)b\" src=\"http:\/\/pontscouverts.com\/blogue\/wp-content\/uploads\/2013\/02\/61-40-04-84b.jpg\" alt=\"\" width=\"625\" height=\"443\" srcset=\"https:\/\/pontscouverts.com\/blogue\/wp-content\/uploads\/2013\/02\/61-40-04-84b.jpg 976w, https:\/\/pontscouverts.com\/blogue\/wp-content\/uploads\/2013\/02\/61-40-04-84b-300x213.jpg 300w\" sizes=\"(max-width: 625px) 100vw, 625px\" \/><\/a><p id=\"caption-attachment-5496\" class=\"wp-caption-text\">Photo : G\u00e9rald Arbour<\/p><\/div>\n<p style=\"text-align: justify;\"><span style=\"color: #000000;\">Terminons par une photo du pont Caron prise en hiver. Ce qui manque vraiment sur ce site, c&rsquo;est un endroit pour que les visiteurs puissent stationner leur voiture.<\/span><\/p>\n<p>&nbsp;<\/p>\n","protected":false},"excerpt":{"rendered":"<p>Un sp\u00e9cialiste des ponts couverts s&rsquo;est pench\u00e9 sur le cas du pont Caron de Val-Alain. Une \u00e9tude d\u00e9taill\u00e9e de plusieurs photos d&rsquo;\u00e9poque a permis de d\u00e9terminer que le construction de ce pont ne remonte pas \u00e0 1933 comme nous l&rsquo;avons toujours cru. En fait, le pont Caron aurait probablement \u00e9t\u00e9 construit vers 1944&#8230;<\/p>\n","protected":false},"author":1,"featured_media":0,"comment_status":"open","ping_status":"open","sticky":false,"template":"","format":"standard","meta":[],"categories":[3,1],"tags":[],"_links":{"self":[{"href":"https:\/\/pontscouverts.com\/blogue\/wp-json\/wp\/v2\/posts\/5488"}],"collection":[{"href":"https:\/\/pontscouverts.com\/blogue\/wp-json\/wp\/v2\/posts"}],"about":[{"href":"https:\/\/pontscouverts.com\/blogue\/wp-json\/wp\/v2\/types\/post"}],"author":[{"embeddable":true,"href":"https:\/\/pontscouverts.com\/blogue\/wp-json\/wp\/v2\/users\/1"}],"replies":[{"embeddable":true,"href":"https:\/\/pontscouverts.com\/blogue\/wp-json\/wp\/v2\/comments?post=5488"}],"version-history":[{"count":13,"href":"https:\/\/pontscouverts.com\/blogue\/wp-json\/wp\/v2\/posts\/5488\/revisions"}],"predecessor-version":[{"id":5508,"href":"https:\/\/pontscouverts.com\/blogue\/wp-json\/wp\/v2\/posts\/5488\/revisions\/5508"}],"wp:attachment":[{"href":"https:\/\/pontscouverts.com\/blogue\/wp-json\/wp\/v2\/media?parent=5488"}],"wp:term":[{"taxonomy":"category","embeddable":true,"href":"https:\/\/pontscouverts.com\/blogue\/wp-json\/wp\/v2\/categories?post=5488"},{"taxonomy":"post_tag","embeddable":true,"href":"https:\/\/pontscouverts.com\/blogue\/wp-json\/wp\/v2\/tags?post=5488"}],"curies":[{"name":"wp","href":"https:\/\/api.w.org\/{rel}","templated":true}]}}