{"id":5393,"date":"2013-02-05T23:00:23","date_gmt":"2013-02-06T04:00:23","guid":{"rendered":"http:\/\/pontscouverts.com\/blogue\/?p=5393"},"modified":"2013-02-06T08:04:03","modified_gmt":"2013-02-06T13:04:03","slug":"retour-vers-les-annees-90-deuxieme-partie","status":"publish","type":"post","link":"https:\/\/pontscouverts.com\/blogue\/2013\/02\/05\/retour-vers-les-annees-90-deuxieme-partie\/","title":{"rendered":"Retour vers les ann\u00e9es 90, deuxi\u00e8me partie"},"content":{"rendered":"<div id=\"attachment_5404\" style=\"width: 650px\" class=\"wp-caption aligncenter\"><a href=\"http:\/\/pontscouverts.com\/blogue\/wp-content\/uploads\/2013\/01\/61-70-02-latulipe-et-gaboury-1994-J-M-Beaujean-2.jpg\"><img aria-describedby=\"caption-attachment-5404\" loading=\"lazy\" class=\"size-full wp-image-5404\" title=\"61-70-02 latulipe-et-gaboury 1994 J-M Beaujean #2\" src=\"http:\/\/pontscouverts.com\/blogue\/wp-content\/uploads\/2013\/01\/61-70-02-latulipe-et-gaboury-1994-J-M-Beaujean-2.jpg\" alt=\"\" width=\"640\" height=\"410\" srcset=\"https:\/\/pontscouverts.com\/blogue\/wp-content\/uploads\/2013\/01\/61-70-02-latulipe-et-gaboury-1994-J-M-Beaujean-2.jpg 800w, https:\/\/pontscouverts.com\/blogue\/wp-content\/uploads\/2013\/01\/61-70-02-latulipe-et-gaboury-1994-J-M-Beaujean-2-300x192.jpg 300w\" sizes=\"(max-width: 640px) 100vw, 640px\" \/><\/a><p id=\"caption-attachment-5404\" class=\"wp-caption-text\">Photo : Jean-Marie Beaujean (1994)<\/p><\/div>\n<p style=\"text-align: justify;\"><span style=\"color: #000000;\">Voici maintenant la suite du billet sp\u00e9cial sur les ann\u00e9es 90 constitu\u00e9 de num\u00e9risations des diapositives de Jean-Marie Beaujean. Tel que mentionn\u00e9 la semaine derni\u00e8re, certains ponts couverts ont bien chang\u00e9 en \u00e0 peine 20 ans&#8230;<\/span><\/p>\n<p style=\"text-align: left;\"><!--more Lire la suite--><\/p>\n<p style=\"text-align: left;\">&nbsp;<\/p>\n<p style=\"text-align: justify;\"><span style=\"color: #000000;\">En introduction, il s&rsquo;agit du pont Landry de Latulippe-et-Gaboury. Sous cet angle, le pont n&rsquo;est pas facilement identifiable.<\/span><\/p>\n<p style=\"text-align: center;\">&nbsp;<\/p>\n<div id=\"attachment_5403\" style=\"width: 650px\" class=\"wp-caption aligncenter\"><a href=\"http:\/\/pontscouverts.com\/blogue\/wp-content\/uploads\/2013\/01\/61-65-01-st-mathieu-1995-J-M-Beaujean-1.jpg\"><img aria-describedby=\"caption-attachment-5403\" loading=\"lazy\" class=\"size-full wp-image-5403 \" title=\"61-65-01 st-mathieu 1995 J-M Beaujean #1\" src=\"http:\/\/pontscouverts.com\/blogue\/wp-content\/uploads\/2013\/01\/61-65-01-st-mathieu-1995-J-M-Beaujean-1.jpg\" alt=\"\" width=\"640\" height=\"431\" srcset=\"https:\/\/pontscouverts.com\/blogue\/wp-content\/uploads\/2013\/01\/61-65-01-st-mathieu-1995-J-M-Beaujean-1.jpg 800w, https:\/\/pontscouverts.com\/blogue\/wp-content\/uploads\/2013\/01\/61-65-01-st-mathieu-1995-J-M-Beaujean-1-300x202.jpg 300w\" sizes=\"(max-width: 640px) 100vw, 640px\" \/><\/a><p id=\"caption-attachment-5403\" class=\"wp-caption-text\">Photo : Jean-Marie Beaujean (1995)<\/p><\/div>\n<p style=\"text-align: justify;\"><span style=\"color: #000000;\">Il y avait beaucoup de panneaux d&rsquo;affich\u00e9s aux portiques du pont de St-Mathieu en 1995. Heureusement, ce pont est maintenant prot\u00e9g\u00e9 par des gabarits.<\/span><\/p>\n<p style=\"text-align: center;\">&nbsp;<\/p>\n<div id=\"attachment_5402\" style=\"width: 650px\" class=\"wp-caption aligncenter\"><a href=\"http:\/\/pontscouverts.com\/blogue\/wp-content\/uploads\/2013\/01\/61-62-01-sacr\u00e9-coeur-1995-J-M-Beaujean-2.jpg\"><img aria-describedby=\"caption-attachment-5402\" loading=\"lazy\" class=\"size-full wp-image-5402  \" title=\"61-62-01 sacr\u00e9-coeur 1995 J-M Beaujean #2\" src=\"http:\/\/pontscouverts.com\/blogue\/wp-content\/uploads\/2013\/01\/61-62-01-sacr\u00e9-coeur-1995-J-M-Beaujean-2.jpg\" alt=\"\" width=\"640\" height=\"407\" srcset=\"https:\/\/pontscouverts.com\/blogue\/wp-content\/uploads\/2013\/01\/61-62-01-sacr\u00e9-coeur-1995-J-M-Beaujean-2.jpg 800w, https:\/\/pontscouverts.com\/blogue\/wp-content\/uploads\/2013\/01\/61-62-01-sacr\u00e9-coeur-1995-J-M-Beaujean-2-300x190.jpg 300w\" sizes=\"(max-width: 640px) 100vw, 640px\" \/><\/a><p id=\"caption-attachment-5402\" class=\"wp-caption-text\">Photo : Jean-Marie Beaujean (1995)<\/p><\/div>\n<p style=\"text-align: justify;\"><span style=\"color: #000000;\">On ne reconna\u00eet pas cette structure au premier coup d&rsquo;oeil, mais il s&rsquo;agit bien du pont Louis-Gravel de Sacr\u00e9-Coeur.<\/span><\/p>\n<p style=\"text-align: center;\">&nbsp;<\/p>\n<div id=\"attachment_5401\" style=\"width: 650px\" class=\"wp-caption aligncenter\"><a href=\"http:\/\/pontscouverts.com\/blogue\/wp-content\/uploads\/2013\/01\/61-60-16-st-m\u00e9thode-1995-J-M-Beaujean-4.jpg\"><img aria-describedby=\"caption-attachment-5401\" loading=\"lazy\" class=\"size-full wp-image-5401 \" title=\"61-60-16 st-m\u00e9thode 1995 J-M Beaujean #4\" src=\"http:\/\/pontscouverts.com\/blogue\/wp-content\/uploads\/2013\/01\/61-60-16-st-m\u00e9thode-1995-J-M-Beaujean-4.jpg\" alt=\"\" width=\"640\" height=\"421\" srcset=\"https:\/\/pontscouverts.com\/blogue\/wp-content\/uploads\/2013\/01\/61-60-16-st-m\u00e9thode-1995-J-M-Beaujean-4.jpg 800w, https:\/\/pontscouverts.com\/blogue\/wp-content\/uploads\/2013\/01\/61-60-16-st-m\u00e9thode-1995-J-M-Beaujean-4-300x197.jpg 300w\" sizes=\"(max-width: 640px) 100vw, 640px\" \/><\/a><p id=\"caption-attachment-5401\" class=\"wp-caption-text\">Photo : Jean-Marie Beaujean (1995)<\/p><\/div>\n<p style=\"text-align: justify;\"><span style=\"color: #000000;\"> Voici le pont Painchaud en 1995, alors qu&rsquo;il enjambait toujours la rivi\u00e8re Ticouap\u00e9. Cet ancien pont priv\u00e9 \u00e0 vocation agricole attend toujours d&rsquo;\u00eatre restaur\u00e9.<\/span><\/p>\n<p style=\"text-align: justify;\"><span style=\"color: #000000;\"><br \/>\n<\/span><\/p>\n<div id=\"attachment_5400\" style=\"width: 650px\" class=\"wp-caption aligncenter\"><a href=\"http:\/\/pontscouverts.com\/blogue\/wp-content\/uploads\/2013\/01\/61-60-04-ste-jeanne-darc-1995-J-M-Beaujean-2.jpg\"><img aria-describedby=\"caption-attachment-5400\" loading=\"lazy\" class=\"size-full wp-image-5400   \" title=\"61-60-04 ste-jeanne-d'arc 1995 J-M Beaujean #2\" src=\"http:\/\/pontscouverts.com\/blogue\/wp-content\/uploads\/2013\/01\/61-60-04-ste-jeanne-darc-1995-J-M-Beaujean-2.jpg\" alt=\"\" width=\"640\" height=\"417\" srcset=\"https:\/\/pontscouverts.com\/blogue\/wp-content\/uploads\/2013\/01\/61-60-04-ste-jeanne-darc-1995-J-M-Beaujean-2.jpg 800w, https:\/\/pontscouverts.com\/blogue\/wp-content\/uploads\/2013\/01\/61-60-04-ste-jeanne-darc-1995-J-M-Beaujean-2-300x195.jpg 300w\" sizes=\"(max-width: 640px) 100vw, 640px\" \/><\/a><p id=\"caption-attachment-5400\" class=\"wp-caption-text\">Photo : Jean-Marie Beaujean (1995)<\/p><\/div>\n<p style=\"text-align: justify;\"><span style=\"color: #000000;\">Voici le fameux pont Rouge de Ste-Jeanne-d&rsquo;Arc alors qu&rsquo;il poss\u00e9dait de jolis jets d&rsquo;eau. De nos jours, la charge maximum est maintenant affich\u00e9e sur un poteau, ce qui est beaucoup plus esth\u00e9tique.<\/span><\/p>\n<p>&nbsp;<\/p>\n<div id=\"attachment_5399\" style=\"width: 650px\" class=\"wp-caption aligncenter\"><a href=\"http:\/\/pontscouverts.com\/blogue\/wp-content\/uploads\/2013\/01\/61-46-01-lac-douaire-1994-J-M-Beaujean-2.jpg\"><img aria-describedby=\"caption-attachment-5399\" loading=\"lazy\" class=\"size-full wp-image-5399 \" title=\"61-46-01 lac-douaire 1994 J-M Beaujean #2\" src=\"http:\/\/pontscouverts.com\/blogue\/wp-content\/uploads\/2013\/01\/61-46-01-lac-douaire-1994-J-M-Beaujean-2.jpg\" alt=\"\" width=\"640\" height=\"424\" srcset=\"https:\/\/pontscouverts.com\/blogue\/wp-content\/uploads\/2013\/01\/61-46-01-lac-douaire-1994-J-M-Beaujean-2.jpg 800w, https:\/\/pontscouverts.com\/blogue\/wp-content\/uploads\/2013\/01\/61-46-01-lac-douaire-1994-J-M-Beaujean-2-300x198.jpg 300w\" sizes=\"(max-width: 640px) 100vw, 640px\" \/><\/a><p id=\"caption-attachment-5399\" class=\"wp-caption-text\">Photo : Jean-Marie Beaujean (1994)<\/p><\/div>\n<p style=\"text-align: justify;\"><span style=\"color: #000000;\">D\u00e9j\u00e0 en 1994, m\u00eame s&rsquo;il \u00e9tait en service, le pont Gareau commen\u00e7ait \u00e0 d\u00e9p\u00e9rir comme le montrent ces t\u00f4les soulev\u00e9es sur la couverture. Rappelons que les restes de ce pont ont \u00e9t\u00e9 retir\u00e9s de la rivi\u00e8re l&rsquo;ann\u00e9e derni\u00e8re.<\/span><\/p>\n<p style=\"text-align: center;\">&nbsp;<\/p>\n<div id=\"attachment_5398\" style=\"width: 650px\" class=\"wp-caption aligncenter\"><a href=\"http:\/\/pontscouverts.com\/blogue\/wp-content\/uploads\/2013\/01\/61-45-01-st-armand-1991-J-M-Beaujean-1.jpg\"><img aria-describedby=\"caption-attachment-5398\" loading=\"lazy\" class=\"size-full wp-image-5398 \" title=\"61-45-01 st-armand 1991 J-M Beaujean #1\" src=\"http:\/\/pontscouverts.com\/blogue\/wp-content\/uploads\/2013\/01\/61-45-01-st-armand-1991-J-M-Beaujean-1.jpg\" alt=\"\" width=\"640\" height=\"418\" srcset=\"https:\/\/pontscouverts.com\/blogue\/wp-content\/uploads\/2013\/01\/61-45-01-st-armand-1991-J-M-Beaujean-1.jpg 800w, https:\/\/pontscouverts.com\/blogue\/wp-content\/uploads\/2013\/01\/61-45-01-st-armand-1991-J-M-Beaujean-1-300x196.jpg 300w\" sizes=\"(max-width: 640px) 100vw, 640px\" \/><\/a><p id=\"caption-attachment-5398\" class=\"wp-caption-text\">Photo : Jean-Marie Beaujean (1991)<\/p><\/div>\n<p style=\"text-align: justify;\"><span style=\"color: #000000;\">Voici le pont Guthrie en 1991 alors que les planches du lambris avaient \u00e9t\u00e9 laiss\u00e9es sans peinture, ce qui donnait \u00e0 la structure un look vieillot.<\/span><\/p>\n<p style=\"text-align: center;\">&nbsp;<\/p>\n<div id=\"attachment_5397\" style=\"width: 650px\" class=\"wp-caption aligncenter\"><a href=\"http:\/\/pontscouverts.com\/blogue\/wp-content\/uploads\/2013\/01\/61-44-08-ste-sophie-dhalifax-1995-J-M-Beaujean-2.jpg\"><img aria-describedby=\"caption-attachment-5397\" loading=\"lazy\" class=\"size-full wp-image-5397 \" title=\"61-44-08 ste-sophie-d'halifax 1995 J-M Beaujean #2\" src=\"http:\/\/pontscouverts.com\/blogue\/wp-content\/uploads\/2013\/01\/61-44-08-ste-sophie-dhalifax-1995-J-M-Beaujean-2.jpg\" alt=\"\" width=\"640\" height=\"423\" srcset=\"https:\/\/pontscouverts.com\/blogue\/wp-content\/uploads\/2013\/01\/61-44-08-ste-sophie-dhalifax-1995-J-M-Beaujean-2.jpg 800w, https:\/\/pontscouverts.com\/blogue\/wp-content\/uploads\/2013\/01\/61-44-08-ste-sophie-dhalifax-1995-J-M-Beaujean-2-300x198.jpg 300w\" sizes=\"(max-width: 640px) 100vw, 640px\" \/><\/a><p id=\"caption-attachment-5397\" class=\"wp-caption-text\">Photo : Jean-Marie Beaujean (1995)<\/p><\/div>\n<p style=\"text-align: justify;\"><span style=\"color: #000000;\">De nos jours, les portiques cintr\u00e9s du pont Lambert sont cach\u00e9s par des panneaux et on retrouve maintenant des gabarits pour prot\u00e9ger le pont. Sinon, la structure n&rsquo;a pas tellement chang\u00e9 depuis les ann\u00e9es 90.<\/span><\/p>\n<p style=\"text-align: center;\">&nbsp;<\/p>\n<div id=\"attachment_5396\" style=\"width: 650px\" class=\"wp-caption aligncenter\"><a href=\"http:\/\/pontscouverts.com\/blogue\/wp-content\/uploads\/2013\/01\/61-43-05-amqui-1994-J-M-Beaujean-2.jpg\"><img aria-describedby=\"caption-attachment-5396\" loading=\"lazy\" class=\"size-full wp-image-5396 \" title=\"61-43-05 amqui 1994 J-M Beaujean #2\" src=\"http:\/\/pontscouverts.com\/blogue\/wp-content\/uploads\/2013\/01\/61-43-05-amqui-1994-J-M-Beaujean-2.jpg\" alt=\"\" width=\"640\" height=\"414\" srcset=\"https:\/\/pontscouverts.com\/blogue\/wp-content\/uploads\/2013\/01\/61-43-05-amqui-1994-J-M-Beaujean-2.jpg 800w, https:\/\/pontscouverts.com\/blogue\/wp-content\/uploads\/2013\/01\/61-43-05-amqui-1994-J-M-Beaujean-2-300x194.jpg 300w\" sizes=\"(max-width: 640px) 100vw, 640px\" \/><\/a><p id=\"caption-attachment-5396\" class=\"wp-caption-text\">Photo : Jean-Marie Beaujean (1994)<\/p><\/div>\n<p style=\"text-align: justify;\"><span style=\"color: #000000;\">Les travaux de restauration venaient \u00e0 peine de se terminer lorsque cette photo a \u00e9t\u00e9 prise. Ce pont couvert a \u00e9t\u00e9 sauv\u00e9 de justesse, mais il a \u00e9t\u00e9 d\u00e9pos\u00e9 sur une nouvelle construction de type acier-bois.<\/span><\/p>\n<p style=\"text-align: center;\">&nbsp;<\/p>\n<div id=\"attachment_5395\" style=\"width: 650px\" class=\"wp-caption aligncenter\"><a href=\"http:\/\/pontscouverts.com\/blogue\/wp-content\/uploads\/2013\/01\/61-43-04-routhierville-1994-J-M-Beaujean-2.jpg\"><img aria-describedby=\"caption-attachment-5395\" loading=\"lazy\" class=\"size-full wp-image-5395 \" title=\"61-43-04 routhierville 1994 J-M Beaujean #2\" src=\"http:\/\/pontscouverts.com\/blogue\/wp-content\/uploads\/2013\/01\/61-43-04-routhierville-1994-J-M-Beaujean-2.jpg\" alt=\"\" width=\"640\" height=\"404\" srcset=\"https:\/\/pontscouverts.com\/blogue\/wp-content\/uploads\/2013\/01\/61-43-04-routhierville-1994-J-M-Beaujean-2.jpg 800w, https:\/\/pontscouverts.com\/blogue\/wp-content\/uploads\/2013\/01\/61-43-04-routhierville-1994-J-M-Beaujean-2-300x189.jpg 300w\" sizes=\"(max-width: 640px) 100vw, 640px\" \/><\/a><p id=\"caption-attachment-5395\" class=\"wp-caption-text\">Photo : Jean-Marie Beaujean (1994)<\/p><\/div>\n<p style=\"text-align: justify;\"><span style=\"color: #000000;\">Chaque ann\u00e9e, les glaces de la rivi\u00e8re Matap\u00e9dia se font mena\u00e7antes. Routhierville serait une belle destination touristique en 2013 maintenant que les travaux sont enti\u00e8rement termin\u00e9s et que le pont est rouge.<\/span><\/p>\n<p style=\"text-align: center;\">&nbsp;<\/p>\n<div id=\"attachment_5394\" style=\"width: 650px\" class=\"wp-caption aligncenter\"><a href=\"http:\/\/pontscouverts.com\/blogue\/wp-content\/uploads\/2013\/01\/61-43-02-causapscal-1994-J-M-Beaujean-2.jpg\"><img aria-describedby=\"caption-attachment-5394\" loading=\"lazy\" class=\"size-full wp-image-5394 \" title=\"61-43-02 causapscal 1994 J-M Beaujean #2\" src=\"http:\/\/pontscouverts.com\/blogue\/wp-content\/uploads\/2013\/01\/61-43-02-causapscal-1994-J-M-Beaujean-2.jpg\" alt=\"\" width=\"640\" height=\"432\" srcset=\"https:\/\/pontscouverts.com\/blogue\/wp-content\/uploads\/2013\/01\/61-43-02-causapscal-1994-J-M-Beaujean-2.jpg 800w, https:\/\/pontscouverts.com\/blogue\/wp-content\/uploads\/2013\/01\/61-43-02-causapscal-1994-J-M-Beaujean-2-300x202.jpg 300w\" sizes=\"(max-width: 640px) 100vw, 640px\" \/><\/a><p id=\"caption-attachment-5394\" class=\"wp-caption-text\">Photo : Jean-Marie Beaujean (1994)<\/p><\/div>\n<p style=\"text-align: justify;\"><span style=\"color: #000000;\">Terminons par le pont Heppell qui a aussi beaucoup chang\u00e9 depuis les ann\u00e9es 90. La structure est maintenant rouge et les gabarits n&rsquo;y sont plus. Ce pont est cit\u00e9 monument historique par la municipalit\u00e9 depuis 2009.<\/span><\/p>\n<p>&nbsp;<\/p>\n","protected":false},"excerpt":{"rendered":"<p>Voici maintenant la suite du billet sp\u00e9cial sur les ann\u00e9es 90 constitu\u00e9 de num\u00e9risations des diapositives de Jean-Marie Beaujean. Tel que mentionn\u00e9 la semaine derni\u00e8re, certains ponts couverts ont bien chang\u00e9 en \u00e0 peine 20 ans&#8230;<\/p>\n","protected":false},"author":1,"featured_media":0,"comment_status":"open","ping_status":"open","sticky":false,"template":"","format":"standard","meta":[],"categories":[1],"tags":[],"_links":{"self":[{"href":"https:\/\/pontscouverts.com\/blogue\/wp-json\/wp\/v2\/posts\/5393"}],"collection":[{"href":"https:\/\/pontscouverts.com\/blogue\/wp-json\/wp\/v2\/posts"}],"about":[{"href":"https:\/\/pontscouverts.com\/blogue\/wp-json\/wp\/v2\/types\/post"}],"author":[{"embeddable":true,"href":"https:\/\/pontscouverts.com\/blogue\/wp-json\/wp\/v2\/users\/1"}],"replies":[{"embeddable":true,"href":"https:\/\/pontscouverts.com\/blogue\/wp-json\/wp\/v2\/comments?post=5393"}],"version-history":[{"count":11,"href":"https:\/\/pontscouverts.com\/blogue\/wp-json\/wp\/v2\/posts\/5393\/revisions"}],"predecessor-version":[{"id":5467,"href":"https:\/\/pontscouverts.com\/blogue\/wp-json\/wp\/v2\/posts\/5393\/revisions\/5467"}],"wp:attachment":[{"href":"https:\/\/pontscouverts.com\/blogue\/wp-json\/wp\/v2\/media?parent=5393"}],"wp:term":[{"taxonomy":"category","embeddable":true,"href":"https:\/\/pontscouverts.com\/blogue\/wp-json\/wp\/v2\/categories?post=5393"},{"taxonomy":"post_tag","embeddable":true,"href":"https:\/\/pontscouverts.com\/blogue\/wp-json\/wp\/v2\/tags?post=5393"}],"curies":[{"name":"wp","href":"https:\/\/api.w.org\/{rel}","templated":true}]}}