{"id":5328,"date":"2013-01-23T23:00:00","date_gmt":"2013-01-24T04:00:00","guid":{"rendered":"http:\/\/pontscouverts.com\/blogue\/?p=5328"},"modified":"2013-01-23T19:08:18","modified_gmt":"2013-01-24T00:08:18","slug":"lhiver-au-pont-caron-ainsi-quau-pont-etienne-poirier","status":"publish","type":"post","link":"https:\/\/pontscouverts.com\/blogue\/2013\/01\/23\/lhiver-au-pont-caron-ainsi-quau-pont-etienne-poirier\/","title":{"rendered":"L&rsquo;hiver au pont Caron ainsi qu&rsquo;au pont \u00c9tienne-Poirier"},"content":{"rendered":"<div id=\"attachment_5332\" style=\"width: 659px\" class=\"wp-caption aligncenter\"><a href=\"http:\/\/pontscouverts.com\/blogue\/wp-content\/uploads\/2013\/01\/61-40-04-val-alain-2013-G\u00e9rald-Arbour-N10x.jpg\"><img aria-describedby=\"caption-attachment-5332\" loading=\"lazy\" class=\"size-large wp-image-5332\" title=\"61-40-04 val-alain 2013 G\u00e9rald Arbour N10x\" src=\"http:\/\/pontscouverts.com\/blogue\/wp-content\/uploads\/2013\/01\/61-40-04-val-alain-2013-G\u00e9rald-Arbour-N10x-1024x768.jpg\" alt=\"\" width=\"649\" height=\"486\" srcset=\"https:\/\/pontscouverts.com\/blogue\/wp-content\/uploads\/2013\/01\/61-40-04-val-alain-2013-G\u00e9rald-Arbour-N10x-1024x768.jpg 1024w, https:\/\/pontscouverts.com\/blogue\/wp-content\/uploads\/2013\/01\/61-40-04-val-alain-2013-G\u00e9rald-Arbour-N10x-300x225.jpg 300w, https:\/\/pontscouverts.com\/blogue\/wp-content\/uploads\/2013\/01\/61-40-04-val-alain-2013-G\u00e9rald-Arbour-N10x.jpg 1352w\" sizes=\"(max-width: 649px) 100vw, 649px\" \/><\/a><p id=\"caption-attachment-5332\" class=\"wp-caption-text\">Photo : G\u00e9rald Arbour<\/p><\/div>\n<p style=\"text-align: justify;\"><span style=\"color: #000000;\">G\u00e9rald Arbour est pass\u00e9 par Val-Alain au d\u00e9but de cette semaine. Il en a profit\u00e9 pour rendre une petite visite au <a href=\"http:\/\/www.pontscouverts.com\/Pontscouverts1\/Caron.html\"><span style=\"color: #0000ff;\">pont Caron<\/span><\/a>. Sur le chemin du retour, c&rsquo;est le pont <a href=\"http:\/\/www.pontscouverts.com\/Pontscouverts1\/Etienne-Poirier.html\"><span style=\"color: #0000ff;\">\u00c9tienne-Poirier<\/span><\/a> qui a \u00e9t\u00e9 photographi\u00e9 \u00e0 partir de l&rsquo;autoroute 55. Les clich\u00e9s du jour sont donc tr\u00e8s r\u00e9cents. La situation est au beau fixe pour ces 2 structures que nous aimons beaucoup&#8230;<\/span><\/p>\n<p><!--more Lire la suite--><\/p>\n<p>&nbsp;<\/p>\n<div id=\"attachment_5330\" style=\"width: 659px\" class=\"wp-caption aligncenter\"><a href=\"http:\/\/pontscouverts.com\/blogue\/wp-content\/uploads\/2013\/01\/61-40-04-val-alain-2013-G\u00e9rald-Arbour-N1x.jpg\"><img aria-describedby=\"caption-attachment-5330\" loading=\"lazy\" class=\"size-large wp-image-5330\" title=\"61-40-04 val-alain 2013 G\u00e9rald Arbour N1x\" src=\"http:\/\/pontscouverts.com\/blogue\/wp-content\/uploads\/2013\/01\/61-40-04-val-alain-2013-G\u00e9rald-Arbour-N1x-1024x767.jpg\" alt=\"\" width=\"649\" height=\"485\" srcset=\"https:\/\/pontscouverts.com\/blogue\/wp-content\/uploads\/2013\/01\/61-40-04-val-alain-2013-G\u00e9rald-Arbour-N1x-1024x767.jpg 1024w, https:\/\/pontscouverts.com\/blogue\/wp-content\/uploads\/2013\/01\/61-40-04-val-alain-2013-G\u00e9rald-Arbour-N1x-300x224.jpg 300w\" sizes=\"(max-width: 649px) 100vw, 649px\" \/><\/a><p id=\"caption-attachment-5330\" class=\"wp-caption-text\">Photo : G\u00e9rald Arbour<\/p><\/div>\n<p style=\"text-align: justify;\"><span style=\"color: #000000;\">Les gabarits ne sont plus en place au pont Caron. Ils ont sans doute \u00e9t\u00e9 retir\u00e9s pour l&rsquo;hiver afin de faciliter le passage du chasse-neige.<\/span><\/p>\n<p>&nbsp;<\/p>\n<div id=\"attachment_5331\" style=\"width: 659px\" class=\"wp-caption aligncenter\"><a href=\"http:\/\/pontscouverts.com\/blogue\/wp-content\/uploads\/2013\/01\/61-40-04-val-alain-2013-G\u00e9rald-Arbour-N4x.jpg\"><img aria-describedby=\"caption-attachment-5331\" loading=\"lazy\" class=\"size-large wp-image-5331\" title=\"61-40-04 val-alain 2013 G\u00e9rald Arbour N4x\" src=\"http:\/\/pontscouverts.com\/blogue\/wp-content\/uploads\/2013\/01\/61-40-04-val-alain-2013-G\u00e9rald-Arbour-N4x-1024x768.jpg\" alt=\"\" width=\"649\" height=\"486\" srcset=\"https:\/\/pontscouverts.com\/blogue\/wp-content\/uploads\/2013\/01\/61-40-04-val-alain-2013-G\u00e9rald-Arbour-N4x-1024x768.jpg 1024w, https:\/\/pontscouverts.com\/blogue\/wp-content\/uploads\/2013\/01\/61-40-04-val-alain-2013-G\u00e9rald-Arbour-N4x-300x225.jpg 300w, https:\/\/pontscouverts.com\/blogue\/wp-content\/uploads\/2013\/01\/61-40-04-val-alain-2013-G\u00e9rald-Arbour-N4x.jpg 1352w\" sizes=\"(max-width: 649px) 100vw, 649px\" \/><\/a><p id=\"caption-attachment-5331\" class=\"wp-caption-text\">Photo : G\u00e9rald Arbour<\/p><\/div>\n<p style=\"text-align: justify;\"><span style=\"color: #000000;\">La bo\u00eete aux lettres qui se trouvait dans le pont Caron a myst\u00e9rieusement disparu. M\u00eame s&rsquo;il montre des signes d&rsquo;usure, le pont couvert est tout de m\u00eame en bonne condition. On remarque le portique cintr\u00e9 sur cette photo. Ce qui manque sur le site du pont Caron, c&rsquo;est un endroit pour stationner.<\/span><\/p>\n<p style=\"text-align: justify;\">&nbsp;<\/p>\n<div id=\"attachment_5333\" style=\"width: 659px\" class=\"wp-caption aligncenter\"><a href=\"http:\/\/pontscouverts.com\/blogue\/wp-content\/uploads\/2013\/01\/61-51-03-saint-celestin-2013-G\u00e9rald-Arbour-N1x.jpg\"><img aria-describedby=\"caption-attachment-5333\" loading=\"lazy\" class=\"size-large wp-image-5333\" title=\"61-51-03 saint-celestin 2013 G\u00e9rald Arbour N1x\" src=\"http:\/\/pontscouverts.com\/blogue\/wp-content\/uploads\/2013\/01\/61-51-03-saint-celestin-2013-G\u00e9rald-Arbour-N1x-1024x768.jpg\" alt=\"\" width=\"649\" height=\"486\" srcset=\"https:\/\/pontscouverts.com\/blogue\/wp-content\/uploads\/2013\/01\/61-51-03-saint-celestin-2013-G\u00e9rald-Arbour-N1x-1024x768.jpg 1024w, https:\/\/pontscouverts.com\/blogue\/wp-content\/uploads\/2013\/01\/61-51-03-saint-celestin-2013-G\u00e9rald-Arbour-N1x-300x225.jpg 300w, https:\/\/pontscouverts.com\/blogue\/wp-content\/uploads\/2013\/01\/61-51-03-saint-celestin-2013-G\u00e9rald-Arbour-N1x.jpg 1229w\" sizes=\"(max-width: 649px) 100vw, 649px\" \/><\/a><p id=\"caption-attachment-5333\" class=\"wp-caption-text\">Photo : G\u00e9rald Arbour<\/p><\/div>\n<p style=\"text-align: justify;\"><span style=\"color: #000000;\">Passons maintenant au pont \u00c9tienne-Poirier qui est visible \u00e0 partir de l&rsquo;autoroute 55. Ce pont est saisonnier, mais il est facilement accessible \u00e0 pied lorsqu&rsquo;il y a de la neige.<\/span><\/p>\n<p style=\"text-align: justify;\">&nbsp;<\/p>\n<div id=\"attachment_5334\" style=\"width: 659px\" class=\"wp-caption aligncenter\"><a href=\"http:\/\/pontscouverts.com\/blogue\/wp-content\/uploads\/2013\/01\/61-51-03-saint-celestin-2013-G\u00e9rald-Arbour-N3x.jpg\"><img aria-describedby=\"caption-attachment-5334\" loading=\"lazy\" class=\"size-large wp-image-5334\" title=\"61-51-03 saint-celestin 2013 G\u00e9rald Arbour N3x\" src=\"http:\/\/pontscouverts.com\/blogue\/wp-content\/uploads\/2013\/01\/61-51-03-saint-celestin-2013-G\u00e9rald-Arbour-N3x-1024x768.jpg\" alt=\"\" width=\"649\" height=\"486\" srcset=\"https:\/\/pontscouverts.com\/blogue\/wp-content\/uploads\/2013\/01\/61-51-03-saint-celestin-2013-G\u00e9rald-Arbour-N3x-1024x768.jpg 1024w, https:\/\/pontscouverts.com\/blogue\/wp-content\/uploads\/2013\/01\/61-51-03-saint-celestin-2013-G\u00e9rald-Arbour-N3x-300x225.jpg 300w, https:\/\/pontscouverts.com\/blogue\/wp-content\/uploads\/2013\/01\/61-51-03-saint-celestin-2013-G\u00e9rald-Arbour-N3x.jpg 1229w\" sizes=\"(max-width: 649px) 100vw, 649px\" \/><\/a><p id=\"caption-attachment-5334\" class=\"wp-caption-text\">Photo : G\u00e9rald Arbour<\/p><\/div>\n<p style=\"text-align: justify;\"><span style=\"color: #000000;\">La v\u00e9g\u00e9tation est de plus en plus \u00e9paisse aux abords du pont. En arri\u00e8re-plan, on voit la ferme du cultivateur qui utilise principalement le pont couvert pour acc\u00e9der \u00e0 ses terres. Merci \u00e0 G\u00e9rald Arbour pour ces photographies.<\/span><\/p>\n<p style=\"text-align: justify;\"><span style=\"color: #000000;\"><br \/>\n<\/span><\/p>\n","protected":false},"excerpt":{"rendered":"<p>G\u00e9rald Arbour est pass\u00e9 par Val-Alain au d\u00e9but de cette semaine. Il en a profit\u00e9 pour rendre une petite visite au pont Caron. Sur le chemin du retour, c&rsquo;est le pont \u00c9tienne-Poirier qui a \u00e9t\u00e9 photographi\u00e9 \u00e0 partir de l&rsquo;autoroute 55. Les clich\u00e9s du jour sont donc tr\u00e8s r\u00e9cents. La situation est au beau fixe [&hellip;]<\/p>\n","protected":false},"author":1,"featured_media":0,"comment_status":"open","ping_status":"open","sticky":false,"template":"","format":"standard","meta":[],"categories":[3],"tags":[],"_links":{"self":[{"href":"https:\/\/pontscouverts.com\/blogue\/wp-json\/wp\/v2\/posts\/5328"}],"collection":[{"href":"https:\/\/pontscouverts.com\/blogue\/wp-json\/wp\/v2\/posts"}],"about":[{"href":"https:\/\/pontscouverts.com\/blogue\/wp-json\/wp\/v2\/types\/post"}],"author":[{"embeddable":true,"href":"https:\/\/pontscouverts.com\/blogue\/wp-json\/wp\/v2\/users\/1"}],"replies":[{"embeddable":true,"href":"https:\/\/pontscouverts.com\/blogue\/wp-json\/wp\/v2\/comments?post=5328"}],"version-history":[{"count":9,"href":"https:\/\/pontscouverts.com\/blogue\/wp-json\/wp\/v2\/posts\/5328\/revisions"}],"predecessor-version":[{"id":5343,"href":"https:\/\/pontscouverts.com\/blogue\/wp-json\/wp\/v2\/posts\/5328\/revisions\/5343"}],"wp:attachment":[{"href":"https:\/\/pontscouverts.com\/blogue\/wp-json\/wp\/v2\/media?parent=5328"}],"wp:term":[{"taxonomy":"category","embeddable":true,"href":"https:\/\/pontscouverts.com\/blogue\/wp-json\/wp\/v2\/categories?post=5328"},{"taxonomy":"post_tag","embeddable":true,"href":"https:\/\/pontscouverts.com\/blogue\/wp-json\/wp\/v2\/tags?post=5328"}],"curies":[{"name":"wp","href":"https:\/\/api.w.org\/{rel}","templated":true}]}}