{"id":4999,"date":"2012-12-20T23:00:57","date_gmt":"2012-12-21T04:00:57","guid":{"rendered":"http:\/\/pontscouverts.com\/blogue\/?p=4999"},"modified":"2012-12-21T08:04:50","modified_gmt":"2012-12-21T13:04:50","slug":"suite-du-bilan-2012-pour-nos-ponts-et-bonne-annee-2013","status":"publish","type":"post","link":"https:\/\/pontscouverts.com\/blogue\/2012\/12\/20\/suite-du-bilan-2012-pour-nos-ponts-et-bonne-annee-2013\/","title":{"rendered":"Suite du bilan 2012 pour nos ponts, et Bonne Ann\u00e9e 2013"},"content":{"rendered":"<div id=\"attachment_4980\" style=\"width: 650px\" class=\"wp-caption aligncenter\"><a href=\"http:\/\/pontscouverts.com\/blogue\/wp-content\/uploads\/2012\/12\/Bilan07a.jpg\"><img aria-describedby=\"caption-attachment-4980\" loading=\"lazy\" class=\"size-full wp-image-4980 \" title=\"OLYMPUS DIGITAL CAMERA\" src=\"http:\/\/pontscouverts.com\/blogue\/wp-content\/uploads\/2012\/12\/Bilan07a.jpg\" alt=\"\" width=\"640\" height=\"480\" srcset=\"https:\/\/pontscouverts.com\/blogue\/wp-content\/uploads\/2012\/12\/Bilan07a.jpg 800w, https:\/\/pontscouverts.com\/blogue\/wp-content\/uploads\/2012\/12\/Bilan07a-300x225.jpg 300w\" sizes=\"(max-width: 640px) 100vw, 640px\" \/><\/a><p id=\"caption-attachment-4980\" class=\"wp-caption-text\">Photo : Sylvain St-Jean<\/p><\/div>\n<p style=\"text-align: justify;\"><span style=\"color: #000000;\">C&rsquo;est d\u00e9j\u00e0 l&rsquo;heure du dernier billet de l&rsquo;ann\u00e9e 2012 sur le blogue des ponts couverts du Qu\u00e9bec. Pour conclure cette ann\u00e9e relativement charg\u00e9e, voici la deuxi\u00e8me partie de ce bilan qui couvre les 6 derniers mois de 2012. Comme vous pourrez le constater, il ne manque pas d&rsquo;action dans le merveilleux monde des ponts couverts&#8230;<\/span><\/p>\n<p style=\"text-align: justify;\"><span style=\"color: #000000;\"><!--more Lire la suite--><br \/>\n<\/span><\/p>\n<h1 style=\"text-align: center;\"><strong><span style=\"color: #000000;\">JUILLET 2012<\/span><\/strong><\/h1>\n<p style=\"text-align: justify;\"><span style=\"color: #000000;\">La photo en introduction nous montre le pont de la Traverse. Les nouvelles en provenance de Val-Paradis sont assez rares, et ce n&rsquo;est qu&rsquo;en juillet qu&rsquo;\u00c9ric Foucart nous apprenait que le pont avait \u00e9t\u00e9 emport\u00e9 lors de la crue printani\u00e8re. Je suis retourn\u00e9 sur place en ao\u00fbt pour prendre de nombreux clich\u00e9s du pont qui repose \u00e0 quelques m\u00e8tres des cul\u00e9es. Aux derni\u00e8res nouvelles, les restes du pont \u00e9taient encore en place. C&rsquo;est une tr\u00e8s lourde perte puisqu&rsquo;il s&rsquo;agissait du dernier pont mi-hauteur encore en condition relativement bonne.<\/span><\/p>\n<p style=\"text-align: justify;\">&nbsp;<\/p>\n<div id=\"attachment_4981\" style=\"width: 650px\" class=\"wp-caption aligncenter\"><a href=\"http:\/\/pontscouverts.com\/blogue\/wp-content\/uploads\/2012\/12\/Bilan07b.jpg\"><img aria-describedby=\"caption-attachment-4981\" loading=\"lazy\" class=\"size-full wp-image-4981 \" title=\"Bilan07b\" src=\"http:\/\/pontscouverts.com\/blogue\/wp-content\/uploads\/2012\/12\/Bilan07b.jpg\" alt=\"\" width=\"640\" height=\"426\" srcset=\"https:\/\/pontscouverts.com\/blogue\/wp-content\/uploads\/2012\/12\/Bilan07b.jpg 800w, https:\/\/pontscouverts.com\/blogue\/wp-content\/uploads\/2012\/12\/Bilan07b-300x199.jpg 300w\" sizes=\"(max-width: 640px) 100vw, 640px\" \/><\/a><p id=\"caption-attachment-4981\" class=\"wp-caption-text\">Photo : \u00c9ric Foucart<\/p><\/div>\n<p style=\"text-align: justify;\"><span style=\"color: #000000;\">En juillet toujours, \u00c9ric Foucart est retourn\u00e9 sur le site du pont du Canton Laas. M\u00eame si la structure n&rsquo;a plus grand chose qui ressemble \u00e0 un pont couvert, les chasseurs du coin sont encore capables de traverser la rivi\u00e8re en VTT. Une exp\u00e9dition \u00e0 ne pas manquer pour les amateurs de sensations fortes.<\/span><\/p>\n<p>&nbsp;<\/p>\n<div id=\"attachment_4982\" style=\"width: 608px\" class=\"wp-caption aligncenter\"><a href=\"http:\/\/pontscouverts.com\/blogue\/wp-content\/uploads\/2012\/12\/Bilan07c.jpg\"><img aria-describedby=\"caption-attachment-4982\" loading=\"lazy\" class=\"size-full wp-image-4982   \" title=\"Bilan07c\" src=\"http:\/\/pontscouverts.com\/blogue\/wp-content\/uploads\/2012\/12\/Bilan07c.jpg\" alt=\"\" width=\"598\" height=\"399\" srcset=\"https:\/\/pontscouverts.com\/blogue\/wp-content\/uploads\/2012\/12\/Bilan07c.jpg 922w, https:\/\/pontscouverts.com\/blogue\/wp-content\/uploads\/2012\/12\/Bilan07c-300x200.jpg 300w\" sizes=\"(max-width: 598px) 100vw, 598px\" \/><\/a><p id=\"caption-attachment-4982\" class=\"wp-caption-text\">Photo : Isabelle Tremblay<\/p><\/div>\n<p style=\"text-align: justify;\"><span style=\"color: #000000;\">C&rsquo;est \u00e9galement en juillet que le maire de Ste-Jeanne-d&rsquo;Arc lan\u00e7ait un cri d&rsquo;alarme dans les m\u00e9dias du Lac-St-Jean concernant le vandalisme au pont Rouge. Une pancarte Info-Crime a \u00e9t\u00e9 install\u00e9e le m\u00eame mois afin que soient d\u00e9nonc\u00e9s les actes de vandalisme. <\/span><\/p>\n<p style=\"text-align: center;\">&nbsp;<\/p>\n<h1 style=\"text-align: center;\"><strong><span style=\"color: #000000;\">AO\u00dbT 2012<\/span><\/strong><\/h1>\n<p style=\"text-align: center;\"><strong><span style=\"color: #000000;\"><a href=\"http:\/\/pontscouverts.com\/blogue\/wp-content\/uploads\/2012\/12\/Bilan08a.jpg\"><img loading=\"lazy\" class=\"aligncenter size-full wp-image-4983\" title=\"OLYMPUS DIGITAL CAMERA\" src=\"http:\/\/pontscouverts.com\/blogue\/wp-content\/uploads\/2012\/12\/Bilan08a.jpg\" alt=\"\" width=\"640\" height=\"480\" srcset=\"https:\/\/pontscouverts.com\/blogue\/wp-content\/uploads\/2012\/12\/Bilan08a.jpg 800w, https:\/\/pontscouverts.com\/blogue\/wp-content\/uploads\/2012\/12\/Bilan08a-300x225.jpg 300w\" sizes=\"(max-width: 640px) 100vw, 640px\" \/><\/a><\/span><\/strong><\/p>\n<p style=\"text-align: justify;\"><span style=\"color: #000000;\">En ao\u00fbt, j&rsquo;\u00e9tais de passage \u00e0 La Bostonnais. Le parc situ\u00e9 \u00e0 proximit\u00e9 du pont Ducharme ne cesse de s&rsquo;am\u00e9liorer avec entre autre l&rsquo;ajout d&rsquo;abris sous lesquels on retrouvera des tables \u00e0 pique-nique. De belles surprises sont \u00e0 venir pour 2013, dont 4 sites de camping rustique situ\u00e9s \u00e0 seulement quelques m\u00e8tres du pont couvert. Il s&rsquo;agit d&rsquo;une exp\u00e9rience que je ne voudrai certainement pas manquer.<\/span><\/p>\n<p style=\"text-align: justify;\">&nbsp;<\/p>\n<p style=\"text-align: center;\"><strong><span style=\"color: #000000;\"> <\/span><\/strong><\/p>\n<p><strong> <\/strong><\/p>\n<p><strong> <\/strong><\/p>\n<p><strong> <\/strong><\/p>\n<p><strong> <\/strong><\/p>\n<p><strong> <\/strong><\/p>\n<div id=\"attachment_4984\" style=\"width: 600px\" class=\"wp-caption aligncenter\"><strong><a href=\"http:\/\/pontscouverts.com\/blogue\/wp-content\/uploads\/2012\/12\/Bilan08b.jpg\"><img aria-describedby=\"caption-attachment-4984\" loading=\"lazy\" class=\"size-large wp-image-4984\" title=\"SONY DSC\" src=\"http:\/\/pontscouverts.com\/blogue\/wp-content\/uploads\/2012\/12\/Bilan08b-1024x735.jpg\" alt=\"\" width=\"590\" height=\"423\" srcset=\"https:\/\/pontscouverts.com\/blogue\/wp-content\/uploads\/2012\/12\/Bilan08b-1024x735.jpg 1024w, https:\/\/pontscouverts.com\/blogue\/wp-content\/uploads\/2012\/12\/Bilan08b-300x215.jpg 300w, https:\/\/pontscouverts.com\/blogue\/wp-content\/uploads\/2012\/12\/Bilan08b.jpg 2048w\" sizes=\"(max-width: 590px) 100vw, 590px\" \/><\/a><\/strong><p id=\"caption-attachment-4984\" class=\"wp-caption-text\">Photo : Guy Perreault<\/p><\/div>\n<p style=\"text-align: justify;\">En ao\u00fbt toujours, un film a \u00e9t\u00e9 projet\u00e9 \u00e0 l&rsquo;int\u00e9rieur du pont du Coll\u00e8ge dans le cadre de la 2e \u00e9dition du <em>Cabaret du pont couvert<\/em>. Cet \u00e9v\u00e9nement vise \u00e0 souligner la venue de nouveaux arrivants dans la r\u00e9gion.<\/p>\n<p><strong> <\/strong><\/p>\n<p><strong> <\/strong><\/p>\n<p><strong> <\/strong><\/p>\n<p><strong> <\/strong><\/p>\n<p><strong> <\/strong><\/p>\n<p style=\"text-align: center;\">&nbsp;<\/p>\n<h1 style=\"text-align: center;\"><strong><span style=\"color: #000000;\">SEPTEMBRE 2012<\/span><\/strong><\/h1>\n<p style=\"text-align: center;\"><strong><span style=\"color: #000000;\"> <\/span><\/strong><\/p>\n<p><strong> <\/strong><\/p>\n<p><strong> <\/strong><\/p>\n<p><strong> <\/strong><\/p>\n<p><strong> <\/strong><\/p>\n<p><strong> <\/strong><\/p>\n<div id=\"attachment_4985\" style=\"width: 650px\" class=\"wp-caption aligncenter\"><strong><a href=\"http:\/\/pontscouverts.com\/blogue\/wp-content\/uploads\/2012\/12\/Bilan09a.jpg\"><img aria-describedby=\"caption-attachment-4985\" loading=\"lazy\" class=\"size-full wp-image-4985 \" title=\"Bilan09a\" src=\"http:\/\/pontscouverts.com\/blogue\/wp-content\/uploads\/2012\/12\/Bilan09a.jpg\" alt=\"\" width=\"640\" height=\"426\" srcset=\"https:\/\/pontscouverts.com\/blogue\/wp-content\/uploads\/2012\/12\/Bilan09a.jpg 800w, https:\/\/pontscouverts.com\/blogue\/wp-content\/uploads\/2012\/12\/Bilan09a-300x199.jpg 300w\" sizes=\"(max-width: 640px) 100vw, 640px\" \/><\/a><\/strong><p id=\"caption-attachment-4985\" class=\"wp-caption-text\">Photo : Pierre D\u00e9ziel<\/p><\/div>\n<p style=\"text-align: justify;\"><span style=\"color: #000000;\">En septembre, nous apprenions que le pont Bolduc aurait finalement un sursis et qu&rsquo;il ne serait pas remplac\u00e9 en 2012 faute de budget. Je le r\u00e9p\u00e8te \u00e0 nouveau, d\u00e9p\u00eachez-vous de le traverser en voiture si vous ne l&rsquo;avez pas encore fait car ce pont couvert devrait \u00eatre d\u00e9saffect\u00e9 en 2013 si les plans ne sont pas modifi\u00e9s \u00e0 nouveau.<\/span><\/p>\n<p style=\"text-align: center;\">&nbsp;<\/p>\n<p style=\"text-align: center;\"><strong><span style=\"color: #000000;\"> <\/span><\/strong><\/p>\n<p><strong> <\/strong><\/p>\n<p><strong> <\/strong><\/p>\n<p><strong> <\/strong><\/p>\n<p><strong> <\/strong><\/p>\n<p><strong> <\/strong><\/p>\n<div id=\"attachment_4986\" style=\"width: 650px\" class=\"wp-caption aligncenter\"><strong><a href=\"http:\/\/pontscouverts.com\/blogue\/wp-content\/uploads\/2012\/12\/Bilan09b.jpg\"><img aria-describedby=\"caption-attachment-4986\" loading=\"lazy\" class=\"size-full wp-image-4986 \" title=\"Bilan09b\" src=\"http:\/\/pontscouverts.com\/blogue\/wp-content\/uploads\/2012\/12\/Bilan09b.jpg\" alt=\"\" width=\"640\" height=\"426\" srcset=\"https:\/\/pontscouverts.com\/blogue\/wp-content\/uploads\/2012\/12\/Bilan09b.jpg 800w, https:\/\/pontscouverts.com\/blogue\/wp-content\/uploads\/2012\/12\/Bilan09b-300x199.jpg 300w\" sizes=\"(max-width: 640px) 100vw, 640px\" \/><\/a><\/strong><p id=\"caption-attachment-4986\" class=\"wp-caption-text\">Photo : Monique Bellemare<\/p><\/div>\n<p style=\"text-align: justify;\"><span style=\"color: #000000;\">Le mois de septembre a laiss\u00e9 place \u00e0 de tr\u00e8s belles am\u00e9liorations au pont Perrault de Warwick. En effet, on retrouve maintenant des tables \u00e0 pique-nique sur le site. De plus, le pont peut \u00e9galement \u00eatre \u00e9clair\u00e9 gr\u00e2ce \u00e0 de nouvelles lumi\u00e8res<\/span><\/p>\n<p><strong> <\/strong><\/p>\n<p><strong> <\/strong><\/p>\n<p><strong> <\/strong><\/p>\n<p><strong> <\/strong><\/p>\n<p><strong> <\/strong><\/p>\n<p style=\"text-align: center;\">&nbsp;<\/p>\n<h1 style=\"text-align: center;\"><strong><span style=\"color: #000000;\">OCTOBRE 2012<\/span><\/strong><\/h1>\n<p><strong><span style=\"color: #000000;\"> <\/span><\/strong><\/p>\n<p><strong> <\/strong><\/p>\n<p><strong> <\/strong><\/p>\n<p><strong> <\/strong><\/p>\n<p><strong> <\/strong><\/p>\n<p><strong> <\/strong><\/p>\n<div id=\"attachment_4987\" style=\"width: 660px\" class=\"wp-caption aligncenter\"><strong><a href=\"http:\/\/pontscouverts.com\/blogue\/wp-content\/uploads\/2012\/12\/Bilan10a.jpg\"><img aria-describedby=\"caption-attachment-4987\" loading=\"lazy\" class=\"size-full wp-image-4987\" title=\"Bilan10a\" src=\"http:\/\/pontscouverts.com\/blogue\/wp-content\/uploads\/2012\/12\/Bilan10a.jpg\" alt=\"\" width=\"650\" height=\"436\" srcset=\"https:\/\/pontscouverts.com\/blogue\/wp-content\/uploads\/2012\/12\/Bilan10a.jpg 650w, https:\/\/pontscouverts.com\/blogue\/wp-content\/uploads\/2012\/12\/Bilan10a-300x201.jpg 300w\" sizes=\"(max-width: 650px) 100vw, 650px\" \/><\/a><\/strong><p id=\"caption-attachment-4987\" class=\"wp-caption-text\">Photo : Courtoisie, publi\u00e9e dans L&#39;Avant-Poste<\/p><\/div>\n<p style=\"text-align: justify;\"><span style=\"color: #000000;\">En octobre, un quotidien gasp\u00e9sien r\u00e9v\u00e9lait qu&rsquo;un voyou bien connu des autorit\u00e9s locales s&rsquo;amusait \u00e0 vandaliser le pont de Routhierville en faisant tourner les pneus de sa voiture sur le tablier du pont fra\u00eechement r\u00e9nov\u00e9. Esp\u00e9rons que la situatuon est revenue \u00e0 la normale. Toujours au pont de Routhierville, une publicit\u00e9 plac\u00e9e sur le portique du pont a \u00e9t\u00e9 retir\u00e9e quelques semaines apr\u00e8s qu&rsquo;elle ne soit install\u00e9e. <\/span><\/p>\n<p>&nbsp;<\/p>\n<p style=\"text-align: center;\"><strong><span style=\"color: #000000;\"><a href=\"http:\/\/pontscouverts.com\/blogue\/wp-content\/uploads\/2012\/12\/Bilan10b.jpg\"><img loading=\"lazy\" class=\"aligncenter size-full wp-image-4988\" title=\"OLYMPUS DIGITAL CAMERA\" src=\"http:\/\/pontscouverts.com\/blogue\/wp-content\/uploads\/2012\/12\/Bilan10b.jpg\" alt=\"\" width=\"640\" height=\"480\" srcset=\"https:\/\/pontscouverts.com\/blogue\/wp-content\/uploads\/2012\/12\/Bilan10b.jpg 800w, https:\/\/pontscouverts.com\/blogue\/wp-content\/uploads\/2012\/12\/Bilan10b-300x225.jpg 300w\" sizes=\"(max-width: 640px) 100vw, 640px\" \/><\/a><\/span><\/strong><\/p>\n<p style=\"text-align: justify;\"><span style=\"color: #000000;\">C&rsquo;est aussi en septembre que le pont du Petit-Quatre de Clermont a enfin \u00e9t\u00e9 r\u00e9ouvert \u00e0 la circulation apr\u00e8s une fermeture de plus de 2 ans. Il aura fallu tout ce temps pour remplacer quelques planches sur le tablier du pont. La charge maximum est pass\u00e9e \u00e0 5 tonnes depuis de la r\u00e9ouverture.<\/span><\/p>\n<p style=\"text-align: justify;\">&nbsp;<\/p>\n<h1 style=\"text-align: center;\"><strong><span style=\"color: #000000;\">NOVEMBRE 2012<\/span><\/strong><\/h1>\n<p><strong><span style=\"color: #000000;\"> <\/span><\/strong><\/p>\n<p><strong> <\/strong><\/p>\n<p><strong> <\/strong><\/p>\n<p><strong> <\/strong><\/p>\n<p><strong> <\/strong><\/p>\n<div id=\"attachment_4989\" style=\"width: 528px\" class=\"wp-caption aligncenter\"><strong><a href=\"http:\/\/pontscouverts.com\/blogue\/wp-content\/uploads\/2012\/12\/Bilan11a.jpg\"><img aria-describedby=\"caption-attachment-4989\" loading=\"lazy\" class=\"size-full wp-image-4989\" title=\"Bilan11a\" src=\"http:\/\/pontscouverts.com\/blogue\/wp-content\/uploads\/2012\/12\/Bilan11a.jpg\" alt=\"\" width=\"518\" height=\"389\" srcset=\"https:\/\/pontscouverts.com\/blogue\/wp-content\/uploads\/2012\/12\/Bilan11a.jpg 518w, https:\/\/pontscouverts.com\/blogue\/wp-content\/uploads\/2012\/12\/Bilan11a-300x225.jpg 300w\" sizes=\"(max-width: 518px) 100vw, 518px\" \/><\/a><\/strong><p id=\"caption-attachment-4989\" class=\"wp-caption-text\">Photo : Daniel Poirier<\/p><\/div>\n<p style=\"text-align: justify;\"><span style=\"color: #000000;\">De lourds dommages au pont Macaza ont \u00e9t\u00e9 \u00e9vit\u00e9s de justesse gr\u00e2ce aux gabarits qu&rsquo;on qualifie souvent d&rsquo;horribles. Daniel Poirier avait partag\u00e9 quelques clich\u00e9s de sa visite \u00e0 La Macaza avec les visiteurs du blogue.<\/span><\/p>\n<p><strong> <\/strong><\/p>\n<p><strong> <\/strong><\/p>\n<p><strong> <\/strong><\/p>\n<p><strong> <\/strong><\/p>\n<p>&nbsp;<\/p>\n<p style=\"text-align: center;\"><strong><span style=\"color: #000000;\"> <\/span><\/strong><\/p>\n<p><strong> <\/strong><\/p>\n<p><strong> <\/strong><\/p>\n<p><strong> <\/strong><\/p>\n<p><strong> <\/strong><\/p>\n<div id=\"attachment_4990\" style=\"width: 650px\" class=\"wp-caption aligncenter\"><strong><a href=\"http:\/\/pontscouverts.com\/blogue\/wp-content\/uploads\/2012\/12\/Bilan11b.jpg\"><img aria-describedby=\"caption-attachment-4990\" loading=\"lazy\" class=\"size-full wp-image-4990 \" title=\"Bilan11b\" src=\"http:\/\/pontscouverts.com\/blogue\/wp-content\/uploads\/2012\/12\/Bilan11b.jpg\" alt=\"\" width=\"640\" height=\"426\" srcset=\"https:\/\/pontscouverts.com\/blogue\/wp-content\/uploads\/2012\/12\/Bilan11b.jpg 800w, https:\/\/pontscouverts.com\/blogue\/wp-content\/uploads\/2012\/12\/Bilan11b-300x199.jpg 300w\" sizes=\"(max-width: 640px) 100vw, 640px\" \/><\/a><\/strong><p id=\"caption-attachment-4990\" class=\"wp-caption-text\">Photo : Pierre Michel<\/p><\/div>\n<p style=\"text-align: justify;\"><span style=\"color: #000000;\">Ce n&rsquo;est qu&rsquo;en septembre qu&rsquo;on apprenait que le pont Louis-Gravel avait \u00e9t\u00e9 endommag\u00e9 au printemps 2012 par la crue des eaux. Une restriction de charge a effect\u00e9 la structure pendant quelques mois, mais les dommages auraient \u00e9t\u00e9 r\u00e9par\u00e9s cet automne.<\/span><\/p>\n<p><strong> <\/strong><\/p>\n<p><strong> <\/strong><\/p>\n<p><strong> <\/strong><\/p>\n<p><strong> <\/strong><\/p>\n<p style=\"text-align: center;\">&nbsp;<\/p>\n<h1 style=\"text-align: center;\"><strong><span style=\"color: #000000;\">D\u00c9CEMBRE 2012<\/span><\/strong><\/h1>\n<p style=\"text-align: center;\"><strong><span style=\"color: #000000;\"><a href=\"http:\/\/pontscouverts.com\/blogue\/wp-content\/uploads\/2012\/12\/Bilan12a.jpg\"><img loading=\"lazy\" class=\"aligncenter size-large wp-image-4991\" title=\"Bilan12a\" src=\"http:\/\/pontscouverts.com\/blogue\/wp-content\/uploads\/2012\/12\/Bilan12a-1024x539.jpg\" alt=\"\" width=\"649\" height=\"341\" srcset=\"https:\/\/pontscouverts.com\/blogue\/wp-content\/uploads\/2012\/12\/Bilan12a-1024x539.jpg 1024w, https:\/\/pontscouverts.com\/blogue\/wp-content\/uploads\/2012\/12\/Bilan12a-300x157.jpg 300w, https:\/\/pontscouverts.com\/blogue\/wp-content\/uploads\/2012\/12\/Bilan12a.jpg 1090w\" sizes=\"(max-width: 649px) 100vw, 649px\" \/><\/a><\/span><\/strong><\/p>\n<p style=\"text-align: justify;\"><span style=\"color: #000000;\">Finalement, c&rsquo;est en d\u00e9cembre que l&rsquo;<em>Association de g\u00e9ocaching du Qu\u00e9bec<\/em> rendait accessible en pr\u00e9vente une g\u00e9opi\u00e8ce montrant le pont Guthrie de St-Armand. Il s&rsquo;agit certainement d&rsquo;une pi\u00e8ce qui deviendra rapidement un item de collection.<\/span><\/p>\n<h3 style=\"text-align: justify;\"><span style=\"color: #000000;\">C&rsquo;est donc ainsi que prend fin l&rsquo;ann\u00e9e 2012. Merci \u00e0 tous les lecteurs pour votre fid\u00e9lit\u00e9. Le blogue prend une petite pause pour le temps des F\u00eates, mais il sera de retour d\u00e8s le 7 janvier 2013 pour de palpitantes aventures, et sans aucun doute une autre ann\u00e9e bien charg\u00e9e.<\/span><\/h3>\n<h1 style=\"text-align: center;\"><span style=\"color: #ff0000;\">BONNE ANN\u00c9E 2013<\/span><\/h1>\n<h1 style=\"text-align: center;\"><span style=\"color: #000000;\"><br \/>\n<\/span><\/h1>\n","protected":false},"excerpt":{"rendered":"<p>C&rsquo;est d\u00e9j\u00e0 l&rsquo;heure du dernier billet de l&rsquo;ann\u00e9e 2012 sur le blogue des ponts couverts du Qu\u00e9bec. Pour conclure cette ann\u00e9e relativement charg\u00e9e, voici la deuxi\u00e8me partie de ce bilan qui couvre les 6 derniers mois de 2012. Comme vous pourrez le constater, il ne manque pas d&rsquo;action dans le merveilleux monde des ponts couverts&#8230;<\/p>\n","protected":false},"author":1,"featured_media":0,"comment_status":"open","ping_status":"open","sticky":false,"template":"","format":"standard","meta":[],"categories":[3],"tags":[],"_links":{"self":[{"href":"https:\/\/pontscouverts.com\/blogue\/wp-json\/wp\/v2\/posts\/4999"}],"collection":[{"href":"https:\/\/pontscouverts.com\/blogue\/wp-json\/wp\/v2\/posts"}],"about":[{"href":"https:\/\/pontscouverts.com\/blogue\/wp-json\/wp\/v2\/types\/post"}],"author":[{"embeddable":true,"href":"https:\/\/pontscouverts.com\/blogue\/wp-json\/wp\/v2\/users\/1"}],"replies":[{"embeddable":true,"href":"https:\/\/pontscouverts.com\/blogue\/wp-json\/wp\/v2\/comments?post=4999"}],"version-history":[{"count":22,"href":"https:\/\/pontscouverts.com\/blogue\/wp-json\/wp\/v2\/posts\/4999\/revisions"}],"predecessor-version":[{"id":5057,"href":"https:\/\/pontscouverts.com\/blogue\/wp-json\/wp\/v2\/posts\/4999\/revisions\/5057"}],"wp:attachment":[{"href":"https:\/\/pontscouverts.com\/blogue\/wp-json\/wp\/v2\/media?parent=4999"}],"wp:term":[{"taxonomy":"category","embeddable":true,"href":"https:\/\/pontscouverts.com\/blogue\/wp-json\/wp\/v2\/categories?post=4999"},{"taxonomy":"post_tag","embeddable":true,"href":"https:\/\/pontscouverts.com\/blogue\/wp-json\/wp\/v2\/tags?post=4999"}],"curies":[{"name":"wp","href":"https:\/\/api.w.org\/{rel}","templated":true}]}}