{"id":4370,"date":"2012-10-29T23:00:49","date_gmt":"2012-10-30T03:00:49","guid":{"rendered":"http:\/\/pontscouverts.com\/blogue\/?p=4370"},"modified":"2012-10-29T07:52:05","modified_gmt":"2012-10-29T11:52:05","slug":"un-peu-de-menage-dans-mes-photos-darchives","status":"publish","type":"post","link":"https:\/\/pontscouverts.com\/blogue\/2012\/10\/29\/un-peu-de-menage-dans-mes-photos-darchives\/","title":{"rendered":"Un peu de m\u00e9nage dans mes photos d&rsquo;archives"},"content":{"rendered":"<div id=\"attachment_4372\" style=\"width: 650px\" class=\"wp-caption aligncenter\"><a href=\"http:\/\/pontscouverts.com\/blogue\/wp-content\/uploads\/2012\/10\/61-01-28a.jpg\"><img aria-describedby=\"caption-attachment-4372\" loading=\"lazy\" class=\"size-full wp-image-4372 \" title=\"61-01-28a\" src=\"http:\/\/pontscouverts.com\/blogue\/wp-content\/uploads\/2012\/10\/61-01-28a.jpg\" alt=\"\" width=\"640\" height=\"431\" srcset=\"https:\/\/pontscouverts.com\/blogue\/wp-content\/uploads\/2012\/10\/61-01-28a.jpg 800w, https:\/\/pontscouverts.com\/blogue\/wp-content\/uploads\/2012\/10\/61-01-28a-300x202.jpg 300w\" sizes=\"(max-width: 640px) 100vw, 640px\" \/><\/a><p id=\"caption-attachment-4372\" class=\"wp-caption-text\">Photo : Andr\u00e9 Goossens<\/p><\/div>\n<p style=\"text-align: justify;\"><span style=\"color: #000000;\">J&rsquo;ai fait un peu de m\u00e9nage dans mes photos et j&rsquo;en ai ajout\u00e9es plusieurs sur le site, sur la page respective des ponts couverts concern\u00e9s. Il s&rsquo;agit de photos qui n&rsquo;avaient pas encore \u00e9t\u00e9 publi\u00e9es ici auparavant comme celle du <a href=\"http:\/\/www.pontscouverts.com\/Pontscouverts1\/Carrier.html\" target=\"_blank\"><span style=\"color: #0000ff;\">pont Carrier<\/span><\/a> ci-haut. Voici donc le bilan de ces ajouts&#8230;<\/span><\/p>\n<p><!--more Lire la suite--><\/p>\n<p style=\"text-align: center;\">&nbsp;<\/p>\n<div id=\"attachment_4373\" style=\"width: 650px\" class=\"wp-caption aligncenter\"><a href=\"http:\/\/pontscouverts.com\/blogue\/wp-content\/uploads\/2012\/10\/61-01-30f.jpg\"><img aria-describedby=\"caption-attachment-4373\" loading=\"lazy\" class=\"size-full wp-image-4373 \" title=\"61-01-30f\" src=\"http:\/\/pontscouverts.com\/blogue\/wp-content\/uploads\/2012\/10\/61-01-30f.jpg\" alt=\"\" width=\"640\" height=\"433\" srcset=\"https:\/\/pontscouverts.com\/blogue\/wp-content\/uploads\/2012\/10\/61-01-30f.jpg 800w, https:\/\/pontscouverts.com\/blogue\/wp-content\/uploads\/2012\/10\/61-01-30f-300x202.jpg 300w\" sizes=\"(max-width: 640px) 100vw, 640px\" \/><\/a><p id=\"caption-attachment-4373\" class=\"wp-caption-text\">Photo : Andr\u00e9 Goossens<\/p><\/div>\n<p style=\"text-align: justify;\"><span style=\"color: #000000;\">Ajout de 3 photos du<a href=\"http:\/\/www.pontscouverts.com\/Pontscouverts1\/CantonLaas.html\" target=\"_blank\"><span style=\"color: #0000ff;\"> pont du Canton Laas.<\/span><\/a><\/span><\/p>\n<p style=\"text-align: center;\">&nbsp;<\/p>\n<div id=\"attachment_4374\" style=\"width: 650px\" class=\"wp-caption aligncenter\"><a href=\"http:\/\/pontscouverts.com\/blogue\/wp-content\/uploads\/2012\/10\/61-02-P1-st-eug\u00e8ne-de-chazel-1994-J-M-Beaujean-3.jpg\"><img aria-describedby=\"caption-attachment-4374\" loading=\"lazy\" class=\"size-full wp-image-4374 \" title=\"61-02-P1 st-eug\u00e8ne-de-chazel 1994 J-M Beaujean #3\" src=\"http:\/\/pontscouverts.com\/blogue\/wp-content\/uploads\/2012\/10\/61-02-P1-st-eug\u00e8ne-de-chazel-1994-J-M-Beaujean-3.jpg\" alt=\"\" width=\"640\" height=\"422\" srcset=\"https:\/\/pontscouverts.com\/blogue\/wp-content\/uploads\/2012\/10\/61-02-P1-st-eug\u00e8ne-de-chazel-1994-J-M-Beaujean-3.jpg 800w, https:\/\/pontscouverts.com\/blogue\/wp-content\/uploads\/2012\/10\/61-02-P1-st-eug\u00e8ne-de-chazel-1994-J-M-Beaujean-3-300x197.jpg 300w\" sizes=\"(max-width: 640px) 100vw, 640px\" \/><\/a><p id=\"caption-attachment-4374\" class=\"wp-caption-text\">Photo : Jean-Marie Beaujean<\/p><\/div>\n<p style=\"text-align: justify;\"><span style=\"color: #000000;\">Ajout de 5 photos du <a href=\"http:\/\/www.pontscouverts.com\/Pontscouverts1\/Blanc.html\" target=\"_blank\"><span style=\"color: #0000ff;\">pont Blanc<\/span><\/a> de St-Eug\u00e8ne-de-Chazel.<\/span><\/p>\n<p style=\"text-align: justify;\">&nbsp;<\/p>\n<div id=\"attachment_4375\" style=\"width: 650px\" class=\"wp-caption aligncenter\"><a href=\"http:\/\/pontscouverts.com\/blogue\/wp-content\/uploads\/2012\/10\/61-46-02Rawdon.jpg\"><img aria-describedby=\"caption-attachment-4375\" loading=\"lazy\" class=\"size-full wp-image-4375 \" title=\"61-46-02Rawdon\" src=\"http:\/\/pontscouverts.com\/blogue\/wp-content\/uploads\/2012\/10\/61-46-02Rawdon.jpg\" alt=\"\" width=\"640\" height=\"422\" srcset=\"https:\/\/pontscouverts.com\/blogue\/wp-content\/uploads\/2012\/10\/61-46-02Rawdon.jpg 800w, https:\/\/pontscouverts.com\/blogue\/wp-content\/uploads\/2012\/10\/61-46-02Rawdon-300x197.jpg 300w\" sizes=\"(max-width: 640px) 100vw, 640px\" \/><\/a><p id=\"caption-attachment-4375\" class=\"wp-caption-text\">Photo : Jean-Marie Beaujean<\/p><\/div>\n<p style=\"text-align: justify;\"><span style=\"color: #000000;\">Ajout d&rsquo;une photo du <\/span><a href=\"http:\/\/www.pontscouverts.com\/Pontscouverts1\/EdwardNouveau.html\" target=\"_blank\"><span style=\"color: #0000ff;\">pont Edward<\/span><\/a><span style=\"color: #000000;\"> de Rawdon, la premi\u00e8re disponible sur le site \u00e0 avoir \u00e9t\u00e9 prise dans les ann\u00e9es 90.<\/span><\/p>\n<p style=\"text-align: center;\">&nbsp;<\/p>\n<div id=\"attachment_4378\" style=\"width: 650px\" class=\"wp-caption aligncenter\"><a href=\"http:\/\/pontscouverts.com\/blogue\/wp-content\/uploads\/2012\/10\/St-Judes-b-M.G.jpg\"><img aria-describedby=\"caption-attachment-4378\" loading=\"lazy\" class=\"size-full wp-image-4378 \" title=\"St-Judes b (M.G)\" src=\"http:\/\/pontscouverts.com\/blogue\/wp-content\/uploads\/2012\/10\/St-Judes-b-M.G.jpg\" alt=\"\" width=\"640\" height=\"418\" srcset=\"https:\/\/pontscouverts.com\/blogue\/wp-content\/uploads\/2012\/10\/St-Judes-b-M.G.jpg 800w, https:\/\/pontscouverts.com\/blogue\/wp-content\/uploads\/2012\/10\/St-Judes-b-M.G-300x196.jpg 300w\" sizes=\"(max-width: 640px) 100vw, 640px\" \/><\/a><p id=\"caption-attachment-4378\" class=\"wp-caption-text\">Photo : Micheline Gamelin<\/p><\/div>\n<p style=\"text-align: justify;\"><span style=\"color: #000000;\">Ajout de 2 photos du <\/span><a href=\"http:\/\/www.pontscouverts.com\/Pontscouverts2\/St-Jude.html\" target=\"_blank\"><span style=\"color: #0000ff;\">pont de St-Jude<\/span><\/a><span style=\"color: #000000;\"> prises en 2003.<\/span><\/p>\n<p style=\"text-align: center;\">&nbsp;<\/p>\n<div id=\"attachment_4376\" style=\"width: 650px\" class=\"wp-caption aligncenter\"><a href=\"http:\/\/pontscouverts.com\/blogue\/wp-content\/uploads\/2012\/10\/61-70-12-moffet-1994-J-M-Beaujean-2.jpg\"><img aria-describedby=\"caption-attachment-4376\" loading=\"lazy\" class=\"size-full wp-image-4376 \" title=\"61-70-12 moffet 1994 J-M Beaujean #2\" src=\"http:\/\/pontscouverts.com\/blogue\/wp-content\/uploads\/2012\/10\/61-70-12-moffet-1994-J-M-Beaujean-2.jpg\" alt=\"\" width=\"640\" height=\"412\" srcset=\"https:\/\/pontscouverts.com\/blogue\/wp-content\/uploads\/2012\/10\/61-70-12-moffet-1994-J-M-Beaujean-2.jpg 800w, https:\/\/pontscouverts.com\/blogue\/wp-content\/uploads\/2012\/10\/61-70-12-moffet-1994-J-M-Beaujean-2-300x193.jpg 300w\" sizes=\"(max-width: 640px) 100vw, 640px\" \/><\/a><p id=\"caption-attachment-4376\" class=\"wp-caption-text\">Photo : Jean-Marie Beaujean<\/p><\/div>\n<p style=\"text-align: justify;\"><span style=\"color: #000000;\">Ajout de 6 photos du <a href=\"http:\/\/www.pontscouverts.com\/Pontscouverts1\/Grassy_Narrow.html\" target=\"_blank\"><span style=\"color: #0000ff;\">pont Grassy Narrow<\/span><\/a> prises dans les ann\u00e9es 80 et 90.<\/span><\/p>\n<p style=\"text-align: justify;\">&nbsp;<\/p>\n<div id=\"attachment_4377\" style=\"width: 650px\" class=\"wp-caption aligncenter\"><a href=\"http:\/\/pontscouverts.com\/blogue\/wp-content\/uploads\/2012\/10\/Capture-d\u2019\u00e9cran-2012-10-27-\u00e0-14.01.22.png\"><img aria-describedby=\"caption-attachment-4377\" loading=\"lazy\" class=\"size-full wp-image-4377 \" title=\"Capture d\u2019\u00e9cran 2012-10-27 \u00e0 14.01.22\" src=\"http:\/\/pontscouverts.com\/blogue\/wp-content\/uploads\/2012\/10\/Capture-d\u2019\u00e9cran-2012-10-27-\u00e0-14.01.22.png\" alt=\"\" width=\"640\" height=\"198\" srcset=\"https:\/\/pontscouverts.com\/blogue\/wp-content\/uploads\/2012\/10\/Capture-d\u2019\u00e9cran-2012-10-27-\u00e0-14.01.22.png 800w, https:\/\/pontscouverts.com\/blogue\/wp-content\/uploads\/2012\/10\/Capture-d\u2019\u00e9cran-2012-10-27-\u00e0-14.01.22-300x93.png 300w\" sizes=\"(max-width: 640px) 100vw, 640px\" \/><\/a><p id=\"caption-attachment-4377\" class=\"wp-caption-text\">Photo : Google Street<\/p><\/div>\n<p style=\"text-align: justify;\"><span style=\"color: #000000;\">Ajout d&rsquo;une photo du <a href=\"http:\/\/www.pontscouverts.com\/Pontscouverts2\/Thiffault.html\" target=\"_blank\"><span style=\"color: #0000ff;\">pont Thiffault<\/span><\/a> alors qu&rsquo;il \u00e9tait en restauration \u00e0 l&rsquo;\u00e9t\u00e9 2009.<\/span><\/p>\n<p style=\"text-align: justify;\">&nbsp;<\/p>\n<div id=\"attachment_4379\" style=\"width: 650px\" class=\"wp-caption aligncenter\"><a href=\"http:\/\/pontscouverts.com\/blogue\/wp-content\/uploads\/2012\/10\/Ulverton-b-2003-M.-G.jpg\"><img aria-describedby=\"caption-attachment-4379\" loading=\"lazy\" class=\"size-full wp-image-4379 \" title=\"Ulverton b (2003) M. G\" src=\"http:\/\/pontscouverts.com\/blogue\/wp-content\/uploads\/2012\/10\/Ulverton-b-2003-M.-G.jpg\" alt=\"\" width=\"640\" height=\"419\" srcset=\"https:\/\/pontscouverts.com\/blogue\/wp-content\/uploads\/2012\/10\/Ulverton-b-2003-M.-G.jpg 800w, https:\/\/pontscouverts.com\/blogue\/wp-content\/uploads\/2012\/10\/Ulverton-b-2003-M.-G-300x196.jpg 300w\" sizes=\"(max-width: 640px) 100vw, 640px\" \/><\/a><p id=\"caption-attachment-4379\" class=\"wp-caption-text\">Photo : Micheline Gamelin<\/p><\/div>\n<p style=\"text-align: justify;\"><span style=\"color: #000000;\">Ajout de 3 photos du <a href=\"http:\/\/www.pontscouverts.com\/Pontscouverts2\/Vieux-Moulin.html\" target=\"_blank\"><span style=\"color: #0000ff;\">pont d&rsquo;Ulverton<\/span><\/a> situ\u00e9 sur le site du moulin \u00e0 laine.<\/span><\/p>\n<p style=\"text-align: justify;\">&nbsp;<\/p>\n","protected":false},"excerpt":{"rendered":"<p>J&rsquo;ai fait un peu de m\u00e9nage dans mes photos et j&rsquo;en ai ajout\u00e9es plusieurs sur le site, sur la page respective des ponts couverts concern\u00e9s. Il s&rsquo;agit de photos qui n&rsquo;avaient pas encore \u00e9t\u00e9 publi\u00e9es ici auparavant comme celle du pont Carrier ci-haut. Voici donc le bilan de ces ajouts&#8230;<\/p>\n","protected":false},"author":1,"featured_media":0,"comment_status":"open","ping_status":"open","sticky":false,"template":"","format":"standard","meta":[],"categories":[3,1],"tags":[],"_links":{"self":[{"href":"https:\/\/pontscouverts.com\/blogue\/wp-json\/wp\/v2\/posts\/4370"}],"collection":[{"href":"https:\/\/pontscouverts.com\/blogue\/wp-json\/wp\/v2\/posts"}],"about":[{"href":"https:\/\/pontscouverts.com\/blogue\/wp-json\/wp\/v2\/types\/post"}],"author":[{"embeddable":true,"href":"https:\/\/pontscouverts.com\/blogue\/wp-json\/wp\/v2\/users\/1"}],"replies":[{"embeddable":true,"href":"https:\/\/pontscouverts.com\/blogue\/wp-json\/wp\/v2\/comments?post=4370"}],"version-history":[{"count":10,"href":"https:\/\/pontscouverts.com\/blogue\/wp-json\/wp\/v2\/posts\/4370\/revisions"}],"predecessor-version":[{"id":4388,"href":"https:\/\/pontscouverts.com\/blogue\/wp-json\/wp\/v2\/posts\/4370\/revisions\/4388"}],"wp:attachment":[{"href":"https:\/\/pontscouverts.com\/blogue\/wp-json\/wp\/v2\/media?parent=4370"}],"wp:term":[{"taxonomy":"category","embeddable":true,"href":"https:\/\/pontscouverts.com\/blogue\/wp-json\/wp\/v2\/categories?post=4370"},{"taxonomy":"post_tag","embeddable":true,"href":"https:\/\/pontscouverts.com\/blogue\/wp-json\/wp\/v2\/tags?post=4370"}],"curies":[{"name":"wp","href":"https:\/\/api.w.org\/{rel}","templated":true}]}}