{"id":4345,"date":"2012-10-24T23:00:32","date_gmt":"2012-10-25T03:00:32","guid":{"rendered":"http:\/\/pontscouverts.com\/blogue\/?p=4345"},"modified":"2012-10-25T08:05:40","modified_gmt":"2012-10-25T12:05:40","slug":"le-pont-couvert-perrault-vu-par-daniel-thibault","status":"publish","type":"post","link":"https:\/\/pontscouverts.com\/blogue\/2012\/10\/24\/le-pont-couvert-perrault-vu-par-daniel-thibault\/","title":{"rendered":"Le pont couvert Perrault vu par Daniel Thibault"},"content":{"rendered":"<div id=\"attachment_4351\" style=\"width: 650px\" class=\"wp-caption aligncenter\"><a href=\"http:\/\/pontscouverts.com\/blogue\/wp-content\/uploads\/2012\/10\/perreault_2012-09-28-5.jpg\"><img aria-describedby=\"caption-attachment-4351\" loading=\"lazy\" class=\"size-full wp-image-4351 \" title=\"perreault_2012-09-28 (5)\" src=\"http:\/\/pontscouverts.com\/blogue\/wp-content\/uploads\/2012\/10\/perreault_2012-09-28-5.jpg\" alt=\"\" width=\"640\" height=\"425\" srcset=\"https:\/\/pontscouverts.com\/blogue\/wp-content\/uploads\/2012\/10\/perreault_2012-09-28-5.jpg 800w, https:\/\/pontscouverts.com\/blogue\/wp-content\/uploads\/2012\/10\/perreault_2012-09-28-5-300x199.jpg 300w\" sizes=\"(max-width: 640px) 100vw, 640px\" \/><\/a><p id=\"caption-attachment-4351\" class=\"wp-caption-text\">Photo : Daniel Thibault<\/p><\/div>\n<p style=\"text-align: justify;\"><span style=\"color: #000000;\">Les photos du jour proviennent du photographe Daniel Thibault, un fid\u00e8le collaborateur du blogue. Daniel est pass\u00e9 par la Beauce et l&rsquo;Estrie alors que les premiers jours de l&rsquo;automne s&rsquo;installaient. Le <a href=\"http:\/\/www.pontscouverts.com\/Pontscouverts2\/Perrault.html\" target=\"_blank\"><span style=\"color: #0000ff;\">pont Perrault<\/span><\/a> est le premier pont couvert qu&rsquo;il a visit\u00e9 lors de son p\u00e9riple, et tout est au beau fixe \u00e0 Notre-Dame-des-Pins&#8230;<\/span><\/p>\n<p><!--more Lire la suite--><\/p>\n<p>&nbsp;<\/p>\n<div id=\"attachment_4347\" style=\"width: 650px\" class=\"wp-caption aligncenter\"><a href=\"http:\/\/pontscouverts.com\/blogue\/wp-content\/uploads\/2012\/10\/perreault_2012-09-28-1.jpg\"><img aria-describedby=\"caption-attachment-4347\" loading=\"lazy\" class=\"size-full wp-image-4347 \" title=\"perreault_2012-09-28 (1)\" src=\"http:\/\/pontscouverts.com\/blogue\/wp-content\/uploads\/2012\/10\/perreault_2012-09-28-1.jpg\" alt=\"\" width=\"640\" height=\"425\" srcset=\"https:\/\/pontscouverts.com\/blogue\/wp-content\/uploads\/2012\/10\/perreault_2012-09-28-1.jpg 800w, https:\/\/pontscouverts.com\/blogue\/wp-content\/uploads\/2012\/10\/perreault_2012-09-28-1-300x199.jpg 300w\" sizes=\"(max-width: 640px) 100vw, 640px\" \/><\/a><p id=\"caption-attachment-4347\" class=\"wp-caption-text\">Photo : Daniel Thibault<\/p><\/div>\n<p style=\"text-align: justify;\"><span style=\"color: #000000;\">Le pont Perrault a \u00e9t\u00e9 construit en 1928 au-dessus de la c\u00e9l\u00e8bre rivi\u00e8re Chaudi\u00e8re. L&rsquo;imposante structure mesure 495 pieds de long, soit \u00e0 peine 3 pieds de moins que le pont F\u00e9lix-Gabriel-Marchand.<\/span><\/p>\n<p style=\"text-align: left;\">&nbsp;<\/p>\n<div id=\"attachment_4348\" style=\"width: 650px\" class=\"wp-caption aligncenter\"><a href=\"http:\/\/pontscouverts.com\/blogue\/wp-content\/uploads\/2012\/10\/perreault_2012-09-28-2.jpg\"><img aria-describedby=\"caption-attachment-4348\" loading=\"lazy\" class=\"size-full wp-image-4348 \" title=\"perreault_2012-09-28 (2)\" src=\"http:\/\/pontscouverts.com\/blogue\/wp-content\/uploads\/2012\/10\/perreault_2012-09-28-2.jpg\" alt=\"\" width=\"640\" height=\"425\" srcset=\"https:\/\/pontscouverts.com\/blogue\/wp-content\/uploads\/2012\/10\/perreault_2012-09-28-2.jpg 800w, https:\/\/pontscouverts.com\/blogue\/wp-content\/uploads\/2012\/10\/perreault_2012-09-28-2-300x199.jpg 300w\" sizes=\"(max-width: 640px) 100vw, 640px\" \/><\/a><p id=\"caption-attachment-4348\" class=\"wp-caption-text\">Photo : Daniel Thibault<\/p><\/div>\n<p style=\"text-align: justify;\"><span style=\"color: #000000;\">Le pont Perrault a \u00e9t\u00e9 ferm\u00e9 \u00e0 la circulation automobile en novembre 1969. Tout comme le pont couvert de Warwick, il honore Joseph-\u00c9douard Perrault, un ancien ministre de la Colonisation.<\/span><\/p>\n<p style=\"text-align: center;\">&nbsp;<\/p>\n<div id=\"attachment_4349\" style=\"width: 650px\" class=\"wp-caption aligncenter\"><a href=\"http:\/\/pontscouverts.com\/blogue\/wp-content\/uploads\/2012\/10\/perreault_2012-09-28-3.jpg\"><img aria-describedby=\"caption-attachment-4349\" loading=\"lazy\" class=\"size-full wp-image-4349 \" title=\"perreault_2012-09-28 (3)\" src=\"http:\/\/pontscouverts.com\/blogue\/wp-content\/uploads\/2012\/10\/perreault_2012-09-28-3.jpg\" alt=\"\" width=\"640\" height=\"425\" srcset=\"https:\/\/pontscouverts.com\/blogue\/wp-content\/uploads\/2012\/10\/perreault_2012-09-28-3.jpg 800w, https:\/\/pontscouverts.com\/blogue\/wp-content\/uploads\/2012\/10\/perreault_2012-09-28-3-300x199.jpg 300w\" sizes=\"(max-width: 640px) 100vw, 640px\" \/><\/a><p id=\"caption-attachment-4349\" class=\"wp-caption-text\">Photo : Daniel Thibault<\/p><\/div>\n<p style=\"text-align: justify;\"><span style=\"color: #000000;\">Ce pont avait \u00e9t\u00e9 ferm\u00e9 \u00e0 toute circulation en 2000 pour des raisons de s\u00e9curit\u00e9.\u00a0Compl\u00e8tement restaur\u00e9 en 2003, le pont peut maintenant accueillir les pi\u00e9tons, les cyclistes et les motoneigistes.<\/span><\/p>\n<p style=\"text-align: center;\">&nbsp;<\/p>\n<div id=\"attachment_4350\" style=\"width: 650px\" class=\"wp-caption aligncenter\"><a href=\"http:\/\/pontscouverts.com\/blogue\/wp-content\/uploads\/2012\/10\/perreault_2012-09-28-4.jpg\"><img aria-describedby=\"caption-attachment-4350\" loading=\"lazy\" class=\"size-full wp-image-4350 \" title=\"perreault_2012-09-28 (4)\" src=\"http:\/\/pontscouverts.com\/blogue\/wp-content\/uploads\/2012\/10\/perreault_2012-09-28-4.jpg\" alt=\"\" width=\"640\" height=\"425\" srcset=\"https:\/\/pontscouverts.com\/blogue\/wp-content\/uploads\/2012\/10\/perreault_2012-09-28-4.jpg 800w, https:\/\/pontscouverts.com\/blogue\/wp-content\/uploads\/2012\/10\/perreault_2012-09-28-4-300x199.jpg 300w\" sizes=\"(max-width: 640px) 100vw, 640px\" \/><\/a><p id=\"caption-attachment-4350\" class=\"wp-caption-text\">Photo : Daniel Thibault<\/p><\/div>\n<p style=\"text-align: justify;\"><span style=\"color: #000000;\">Le pont couvert Perrault est class\u00e9 monument historique. Visitez aussi le <a href=\"http:\/\/danieltphoto.wordpress.com\/2012\/10\/22\/pont-perreault\/\" target=\"_blank\"><span style=\"color: #0000ff;\">blogue photographique<\/span><\/a> de Daniel Thibault pour d&rsquo;autres magnifiques clich\u00e9s du pont Perrault.<\/span><\/p>\n<p style=\"text-align: center;\">&nbsp;<\/p>\n<p style=\"text-align: center;\">&nbsp;<\/p>\n<div id=\"attachment_4362\" style=\"width: 659px\" class=\"wp-caption aligncenter\"><a href=\"http:\/\/pontscouverts.com\/blogue\/wp-content\/uploads\/2012\/10\/arch_perreault-1.jpg\"><img aria-describedby=\"caption-attachment-4362\" loading=\"lazy\" class=\"size-large wp-image-4362 \" title=\"arch_perreault (1)\" src=\"http:\/\/pontscouverts.com\/blogue\/wp-content\/uploads\/2012\/10\/arch_perreault-1-1024x689.jpg\" alt=\"\" width=\"649\" height=\"436\" srcset=\"https:\/\/pontscouverts.com\/blogue\/wp-content\/uploads\/2012\/10\/arch_perreault-1-1024x689.jpg 1024w, https:\/\/pontscouverts.com\/blogue\/wp-content\/uploads\/2012\/10\/arch_perreault-1-300x202.jpg 300w\" sizes=\"(max-width: 649px) 100vw, 649px\" \/><\/a><p id=\"caption-attachment-4362\" class=\"wp-caption-text\">Photo : Jacques Thibault<\/p><\/div>\n<p style=\"text-align: justify;\"><span style=\"color: #000000;\">Terminons par 2 photos d&rsquo;archives prises en 1993 par monsieur Jacques Thibault, p\u00e8re de Daniel.<\/span><\/p>\n<p style=\"text-align: center;\">&nbsp;<\/p>\n<p style=\"text-align: center;\">&nbsp;<\/p>\n<div id=\"attachment_4363\" style=\"width: 659px\" class=\"wp-caption aligncenter\"><a href=\"http:\/\/pontscouverts.com\/blogue\/wp-content\/uploads\/2012\/10\/arch_perreault-2.jpg\"><img aria-describedby=\"caption-attachment-4363\" loading=\"lazy\" class=\"size-large wp-image-4363 \" title=\"arch_perreault (2)\" src=\"http:\/\/pontscouverts.com\/blogue\/wp-content\/uploads\/2012\/10\/arch_perreault-2-1024x702.jpg\" alt=\"\" width=\"649\" height=\"444\" srcset=\"https:\/\/pontscouverts.com\/blogue\/wp-content\/uploads\/2012\/10\/arch_perreault-2-1024x702.jpg 1024w, https:\/\/pontscouverts.com\/blogue\/wp-content\/uploads\/2012\/10\/arch_perreault-2-300x205.jpg 300w\" sizes=\"(max-width: 649px) 100vw, 649px\" \/><\/a><p id=\"caption-attachment-4363\" class=\"wp-caption-text\">Photo : Jacques Thibault<\/p><\/div>\n<p style=\"text-align: justify;\"><span style=\"color: #000000;\">\u00c0 cette \u00e9poque, il n&rsquo;y avait pas de balises sur le tablier. Elles ont \u00e9t\u00e9 ajout\u00e9es 10 ans plus tard lors des travaux de 2003.<\/span><\/p>\n<p style=\"text-align: center;\">&nbsp;<\/p>\n","protected":false},"excerpt":{"rendered":"<p>Les photos du jour proviennent du photographe Daniel Thibault, un fid\u00e8le collaborateur du blogue. Daniel est pass\u00e9 par la Beauce et l&rsquo;Estrie alors que les premiers jours de l&rsquo;automne s&rsquo;installaient. Le pont Perrault est le premier pont couvert qu&rsquo;il a visit\u00e9 lors de son p\u00e9riple, et tout est au beau fixe \u00e0 Notre-Dame-des-Pins&#8230;<\/p>\n","protected":false},"author":1,"featured_media":0,"comment_status":"open","ping_status":"open","sticky":false,"template":"","format":"standard","meta":[],"categories":[3],"tags":[],"_links":{"self":[{"href":"https:\/\/pontscouverts.com\/blogue\/wp-json\/wp\/v2\/posts\/4345"}],"collection":[{"href":"https:\/\/pontscouverts.com\/blogue\/wp-json\/wp\/v2\/posts"}],"about":[{"href":"https:\/\/pontscouverts.com\/blogue\/wp-json\/wp\/v2\/types\/post"}],"author":[{"embeddable":true,"href":"https:\/\/pontscouverts.com\/blogue\/wp-json\/wp\/v2\/users\/1"}],"replies":[{"embeddable":true,"href":"https:\/\/pontscouverts.com\/blogue\/wp-json\/wp\/v2\/comments?post=4345"}],"version-history":[{"count":14,"href":"https:\/\/pontscouverts.com\/blogue\/wp-json\/wp\/v2\/posts\/4345\/revisions"}],"predecessor-version":[{"id":4364,"href":"https:\/\/pontscouverts.com\/blogue\/wp-json\/wp\/v2\/posts\/4345\/revisions\/4364"}],"wp:attachment":[{"href":"https:\/\/pontscouverts.com\/blogue\/wp-json\/wp\/v2\/media?parent=4345"}],"wp:term":[{"taxonomy":"category","embeddable":true,"href":"https:\/\/pontscouverts.com\/blogue\/wp-json\/wp\/v2\/categories?post=4345"},{"taxonomy":"post_tag","embeddable":true,"href":"https:\/\/pontscouverts.com\/blogue\/wp-json\/wp\/v2\/tags?post=4345"}],"curies":[{"name":"wp","href":"https:\/\/api.w.org\/{rel}","templated":true}]}}