{"id":4295,"date":"2012-10-18T23:00:53","date_gmt":"2012-10-19T03:00:53","guid":{"rendered":"http:\/\/pontscouverts.com\/blogue\/?p=4295"},"modified":"2012-10-17T22:06:14","modified_gmt":"2012-10-18T02:06:14","slug":"les-25-ans-du-reflet-du-canton-de-lingwick","status":"publish","type":"post","link":"https:\/\/pontscouverts.com\/blogue\/2012\/10\/18\/les-25-ans-du-reflet-du-canton-de-lingwick\/","title":{"rendered":"Les 25 ans du Reflet du Canton de Lingwick"},"content":{"rendered":"<div id=\"attachment_4297\" style=\"width: 560px\" class=\"wp-caption aligncenter\"><a href=\"http:\/\/pontscouverts.com\/blogue\/wp-content\/uploads\/2012\/10\/reflet-25e.jpg\"><img aria-describedby=\"caption-attachment-4297\" loading=\"lazy\" class=\"size-full wp-image-4297\" title=\"reflet-25e\" src=\"http:\/\/pontscouverts.com\/blogue\/wp-content\/uploads\/2012\/10\/reflet-25e.jpg\" alt=\"\" width=\"550\" height=\"413\" srcset=\"https:\/\/pontscouverts.com\/blogue\/wp-content\/uploads\/2012\/10\/reflet-25e.jpg 550w, https:\/\/pontscouverts.com\/blogue\/wp-content\/uploads\/2012\/10\/reflet-25e-300x225.jpg 300w\" sizes=\"(max-width: 550px) 100vw, 550px\" \/><\/a><p id=\"caption-attachment-4297\" class=\"wp-caption-text\">Photo : Daniel Pezat<\/p><\/div>\n<p style=\"text-align: justify;\"><span style=\"color: #000000;\">C&rsquo;est le 14 ao\u00fbt dernier qu&rsquo;on a c\u00e9l\u00e9br\u00e9 le 25e anniversaire du <em>Reflet du Canton de Lingwick<\/em>, le journal communautaire de cette jolie municipalit\u00e9 de l&rsquo;Estrie. L&rsquo;\u00e9v\u00e9nement s&rsquo;est d\u00e9roul\u00e9 sur le site patrimonial du pont couvert <a href=\"http:\/\/www.pontscouverts.com\/Pontscouverts1\/McVetty-McKerry.html\" target=\"_blank\"><span style=\"color: #0000ff;\">McVetty-McKenzie<\/span><\/a>. <\/span><\/p>\n<h3 style=\"text-align: justify;\"><span style=\"color: #000000;\">Pour lire un billet complet \u00e0 ce sujet, <\/span><a href=\"http:\/\/lereflet.org\" target=\"_blank\"><span style=\"color: #0000ff;\">cliquez ici<\/span><\/a><span style=\"color: #000000;\">.<\/span><\/h3>\n<h2 style=\"text-align: center;\"><span style=\"color: #ff0000;\">Bonne fin de semaine<\/span><\/h2>\n","protected":false},"excerpt":{"rendered":"<p>C&rsquo;est le 14 ao\u00fbt dernier qu&rsquo;on a c\u00e9l\u00e9br\u00e9 le 25e anniversaire du Reflet du Canton de Lingwick, le journal communautaire de cette jolie municipalit\u00e9 de l&rsquo;Estrie. L&rsquo;\u00e9v\u00e9nement s&rsquo;est d\u00e9roul\u00e9 sur le site patrimonial du pont couvert McVetty-McKenzie. Pour lire un billet complet \u00e0 ce sujet, cliquez ici. Bonne fin de semaine<\/p>\n","protected":false},"author":1,"featured_media":0,"comment_status":"open","ping_status":"open","sticky":false,"template":"","format":"standard","meta":[],"categories":[3],"tags":[],"_links":{"self":[{"href":"https:\/\/pontscouverts.com\/blogue\/wp-json\/wp\/v2\/posts\/4295"}],"collection":[{"href":"https:\/\/pontscouverts.com\/blogue\/wp-json\/wp\/v2\/posts"}],"about":[{"href":"https:\/\/pontscouverts.com\/blogue\/wp-json\/wp\/v2\/types\/post"}],"author":[{"embeddable":true,"href":"https:\/\/pontscouverts.com\/blogue\/wp-json\/wp\/v2\/users\/1"}],"replies":[{"embeddable":true,"href":"https:\/\/pontscouverts.com\/blogue\/wp-json\/wp\/v2\/comments?post=4295"}],"version-history":[{"count":5,"href":"https:\/\/pontscouverts.com\/blogue\/wp-json\/wp\/v2\/posts\/4295\/revisions"}],"predecessor-version":[{"id":4301,"href":"https:\/\/pontscouverts.com\/blogue\/wp-json\/wp\/v2\/posts\/4295\/revisions\/4301"}],"wp:attachment":[{"href":"https:\/\/pontscouverts.com\/blogue\/wp-json\/wp\/v2\/media?parent=4295"}],"wp:term":[{"taxonomy":"category","embeddable":true,"href":"https:\/\/pontscouverts.com\/blogue\/wp-json\/wp\/v2\/categories?post=4295"},{"taxonomy":"post_tag","embeddable":true,"href":"https:\/\/pontscouverts.com\/blogue\/wp-json\/wp\/v2\/tags?post=4295"}],"curies":[{"name":"wp","href":"https:\/\/api.w.org\/{rel}","templated":true}]}}