{"id":42200,"date":"2026-08-31T23:00:00","date_gmt":"2026-09-01T03:00:00","guid":{"rendered":"https:\/\/pontscouverts.com\/blogue\/?p=42200"},"modified":"2026-08-31T08:45:47","modified_gmt":"2026-08-31T12:45:47","slug":"le-mois-daout-au-pont-pierre-carrier","status":"publish","type":"post","link":"https:\/\/pontscouverts.com\/blogue\/2026\/08\/31\/le-mois-daout-au-pont-pierre-carrier\/","title":{"rendered":"Le mois d&rsquo;ao\u00fbt au pont Pierre-Carrier"},"content":{"rendered":"\n<figure class=\"wp-block-image size-full\"><a href=\"https:\/\/pontscouverts.com\/blogue\/wp-content\/uploads\/2026\/08\/Pont-Pierre-Carrier-00021.jpg\"><img loading=\"lazy\" width=\"1024\" height=\"683\" src=\"https:\/\/pontscouverts.com\/blogue\/wp-content\/uploads\/2026\/08\/Pont-Pierre-Carrier-00021.jpg\" alt=\"\" class=\"wp-image-42201\" srcset=\"https:\/\/pontscouverts.com\/blogue\/wp-content\/uploads\/2026\/08\/Pont-Pierre-Carrier-00021.jpg 1024w, https:\/\/pontscouverts.com\/blogue\/wp-content\/uploads\/2026\/08\/Pont-Pierre-Carrier-00021-300x200.jpg 300w, https:\/\/pontscouverts.com\/blogue\/wp-content\/uploads\/2026\/08\/Pont-Pierre-Carrier-00021-768x512.jpg 768w, https:\/\/pontscouverts.com\/blogue\/wp-content\/uploads\/2026\/08\/Pont-Pierre-Carrier-00021-624x416.jpg 624w\" sizes=\"(max-width: 1024px) 100vw, 1024px\" \/><\/a><figcaption>Luc Deneault Ao\u00fbt 2026<\/figcaption><\/figure>\n\n\n\n<p class=\"has-black-color has-text-color\">C&rsquo;est toujours un extreme plaisir de recevoir des nouvelles de l&rsquo;ami Luc, qui cette fois a crois\u00e9 2 ponts couverts lors de son d\u00e9placement vers la Gasp\u00e9sie. Commen\u00e7ons par le <a href=\"https:\/\/pontscouverts.com\/blogue\/pont-pierre-carrier\/\">pont Pierre-Carrier<\/a> qui semble dans une tr\u00e8s grande forme. Rappelons que la structure, plus que centenaire, est cit\u00e9e immeuble patrimonial par la municipalit\u00e9 de St-Ulric. Il fait bon s&rsquo;y arr\u00eater et m\u00eame y casser la cro\u00fbte sur la table \u00e0 pique-nique. Luc m&rsquo;a d&rsquo;ailleurs mentionn\u00e9 la pr\u00e9sence des chutes \u00e0 Ti-M\u00e9, un site \u00e0 voir absolument et situ\u00e9 tout pr\u00e8s du pont couvert. Je ne connaissais pas cet endroit que j&rsquo;ajoute \u00e0 ma liste des arr\u00eats incontournables. Merci \u00e0 Luc pour sa pr\u00e9cieuse collaboration.<\/p>\n\n\n\n<figure class=\"wp-block-gallery has-nested-images columns-default is-cropped\">\n<figure class=\"wp-block-image size-large\"><a href=\"https:\/\/pontscouverts.com\/blogue\/wp-content\/uploads\/2026\/08\/Pont-Pierre-Carrier-00002.jpg\"><img loading=\"lazy\" width=\"1024\" height=\"683\" data-id=\"42204\"  src=\"https:\/\/pontscouverts.com\/blogue\/wp-content\/uploads\/2026\/08\/Pont-Pierre-Carrier-00002.jpg\" alt=\"\" class=\"wp-image-42204\" srcset=\"https:\/\/pontscouverts.com\/blogue\/wp-content\/uploads\/2026\/08\/Pont-Pierre-Carrier-00002.jpg 1024w, https:\/\/pontscouverts.com\/blogue\/wp-content\/uploads\/2026\/08\/Pont-Pierre-Carrier-00002-300x200.jpg 300w, https:\/\/pontscouverts.com\/blogue\/wp-content\/uploads\/2026\/08\/Pont-Pierre-Carrier-00002-768x512.jpg 768w, https:\/\/pontscouverts.com\/blogue\/wp-content\/uploads\/2026\/08\/Pont-Pierre-Carrier-00002-624x416.jpg 624w\" sizes=\"(max-width: 1024px) 100vw, 1024px\" \/><\/a><figcaption>Luc Deneault Ao\u00fbt 2026<\/figcaption><\/figure>\n\n\n\n<figure class=\"wp-block-image size-large\"><a href=\"https:\/\/pontscouverts.com\/blogue\/wp-content\/uploads\/2026\/08\/Pont-Pierre-Carrier-00007.jpg\"><img loading=\"lazy\" width=\"1024\" height=\"683\" data-id=\"42206\"  src=\"https:\/\/pontscouverts.com\/blogue\/wp-content\/uploads\/2026\/08\/Pont-Pierre-Carrier-00007.jpg\" alt=\"\" class=\"wp-image-42206\" srcset=\"https:\/\/pontscouverts.com\/blogue\/wp-content\/uploads\/2026\/08\/Pont-Pierre-Carrier-00007.jpg 1024w, https:\/\/pontscouverts.com\/blogue\/wp-content\/uploads\/2026\/08\/Pont-Pierre-Carrier-00007-300x200.jpg 300w, https:\/\/pontscouverts.com\/blogue\/wp-content\/uploads\/2026\/08\/Pont-Pierre-Carrier-00007-e1788180434679-150x100.jpg 150w, https:\/\/pontscouverts.com\/blogue\/wp-content\/uploads\/2026\/08\/Pont-Pierre-Carrier-00007-768x512.jpg 768w, https:\/\/pontscouverts.com\/blogue\/wp-content\/uploads\/2026\/08\/Pont-Pierre-Carrier-00007-624x416.jpg 624w\" sizes=\"(max-width: 1024px) 100vw, 1024px\" \/><\/a><figcaption>Luc Deneault Ao\u00fbt 2026<\/figcaption><\/figure>\n\n\n\n<figure class=\"wp-block-image size-large\"><a href=\"https:\/\/pontscouverts.com\/blogue\/wp-content\/uploads\/2026\/08\/Pont-Pierre-Carrier-00003.jpg\"><img loading=\"lazy\" width=\"1024\" height=\"683\" data-id=\"42202\"  src=\"https:\/\/pontscouverts.com\/blogue\/wp-content\/uploads\/2026\/08\/Pont-Pierre-Carrier-00003.jpg\" alt=\"\" class=\"wp-image-42202\" srcset=\"https:\/\/pontscouverts.com\/blogue\/wp-content\/uploads\/2026\/08\/Pont-Pierre-Carrier-00003.jpg 1024w, https:\/\/pontscouverts.com\/blogue\/wp-content\/uploads\/2026\/08\/Pont-Pierre-Carrier-00003-300x200.jpg 300w, https:\/\/pontscouverts.com\/blogue\/wp-content\/uploads\/2026\/08\/Pont-Pierre-Carrier-00003-e1788180422838-150x100.jpg 150w, https:\/\/pontscouverts.com\/blogue\/wp-content\/uploads\/2026\/08\/Pont-Pierre-Carrier-00003-768x512.jpg 768w, https:\/\/pontscouverts.com\/blogue\/wp-content\/uploads\/2026\/08\/Pont-Pierre-Carrier-00003-624x416.jpg 624w\" sizes=\"(max-width: 1024px) 100vw, 1024px\" \/><\/a><figcaption>Luc Deneault Ao\u00fbt 2026<\/figcaption><\/figure>\n\n\n\n<figure class=\"wp-block-image size-large\"><a href=\"https:\/\/pontscouverts.com\/blogue\/wp-content\/uploads\/2026\/08\/Pont-Pierre-Carrier-00006.jpg\"><img loading=\"lazy\" width=\"1024\" height=\"683\" data-id=\"42203\"  src=\"https:\/\/pontscouverts.com\/blogue\/wp-content\/uploads\/2026\/08\/Pont-Pierre-Carrier-00006.jpg\" alt=\"\" class=\"wp-image-42203\" srcset=\"https:\/\/pontscouverts.com\/blogue\/wp-content\/uploads\/2026\/08\/Pont-Pierre-Carrier-00006.jpg 1024w, https:\/\/pontscouverts.com\/blogue\/wp-content\/uploads\/2026\/08\/Pont-Pierre-Carrier-00006-300x200.jpg 300w, https:\/\/pontscouverts.com\/blogue\/wp-content\/uploads\/2026\/08\/Pont-Pierre-Carrier-00006-e1788180446995-150x100.jpg 150w, https:\/\/pontscouverts.com\/blogue\/wp-content\/uploads\/2026\/08\/Pont-Pierre-Carrier-00006-768x512.jpg 768w, https:\/\/pontscouverts.com\/blogue\/wp-content\/uploads\/2026\/08\/Pont-Pierre-Carrier-00006-624x416.jpg 624w\" sizes=\"(max-width: 1024px) 100vw, 1024px\" \/><\/a><figcaption>Luc Deneault Ao\u00fbt 2026<\/figcaption><\/figure>\n\n\n\n<figure class=\"wp-block-image size-large\"><a href=\"https:\/\/pontscouverts.com\/blogue\/wp-content\/uploads\/2026\/08\/Pont-Pierre-Carrier-00018.jpg\"><img loading=\"lazy\" width=\"1024\" height=\"683\" data-id=\"42205\"  src=\"https:\/\/pontscouverts.com\/blogue\/wp-content\/uploads\/2026\/08\/Pont-Pierre-Carrier-00018.jpg\" alt=\"\" class=\"wp-image-42205\" srcset=\"https:\/\/pontscouverts.com\/blogue\/wp-content\/uploads\/2026\/08\/Pont-Pierre-Carrier-00018.jpg 1024w, https:\/\/pontscouverts.com\/blogue\/wp-content\/uploads\/2026\/08\/Pont-Pierre-Carrier-00018-300x200.jpg 300w, https:\/\/pontscouverts.com\/blogue\/wp-content\/uploads\/2026\/08\/Pont-Pierre-Carrier-00018-768x512.jpg 768w, https:\/\/pontscouverts.com\/blogue\/wp-content\/uploads\/2026\/08\/Pont-Pierre-Carrier-00018-624x416.jpg 624w\" sizes=\"(max-width: 1024px) 100vw, 1024px\" \/><\/a><figcaption>Luc Deneault Ao\u00fbt 2026<\/figcaption><\/figure>\n\n\n\n<figure class=\"wp-block-image size-large\"><a href=\"https:\/\/pontscouverts.com\/blogue\/wp-content\/uploads\/2026\/08\/Pont-Pierre-Carrier-00010.jpg\"><img loading=\"lazy\" width=\"1024\" height=\"683\" data-id=\"42207\"  src=\"https:\/\/pontscouverts.com\/blogue\/wp-content\/uploads\/2026\/08\/Pont-Pierre-Carrier-00010.jpg\" alt=\"\" class=\"wp-image-42207\" srcset=\"https:\/\/pontscouverts.com\/blogue\/wp-content\/uploads\/2026\/08\/Pont-Pierre-Carrier-00010.jpg 1024w, https:\/\/pontscouverts.com\/blogue\/wp-content\/uploads\/2026\/08\/Pont-Pierre-Carrier-00010-300x200.jpg 300w, https:\/\/pontscouverts.com\/blogue\/wp-content\/uploads\/2026\/08\/Pont-Pierre-Carrier-00010-768x512.jpg 768w, https:\/\/pontscouverts.com\/blogue\/wp-content\/uploads\/2026\/08\/Pont-Pierre-Carrier-00010-624x416.jpg 624w\" sizes=\"(max-width: 1024px) 100vw, 1024px\" \/><\/a><figcaption>Luc Deneault Ao\u00fbt 2026<\/figcaption><\/figure>\n<\/figure>\n","protected":false},"excerpt":{"rendered":"<p>C&rsquo;est toujours un extreme plaisir de recevoir des nouvelles de l&rsquo;ami Luc, qui cette fois a crois\u00e9 2 ponts couverts lors de son d\u00e9placement vers la Gasp\u00e9sie. Commen\u00e7ons par le pont Pierre-Carrier qui semble dans une tr\u00e8s grande forme. Rappelons que la structure, plus que centenaire, est cit\u00e9e immeuble patrimonial par la municipalit\u00e9 de St-Ulric. [&hellip;]<\/p>\n","protected":false},"author":1,"featured_media":0,"comment_status":"open","ping_status":"open","sticky":false,"template":"","format":"standard","meta":[],"categories":[3],"tags":[],"_links":{"self":[{"href":"https:\/\/pontscouverts.com\/blogue\/wp-json\/wp\/v2\/posts\/42200"}],"collection":[{"href":"https:\/\/pontscouverts.com\/blogue\/wp-json\/wp\/v2\/posts"}],"about":[{"href":"https:\/\/pontscouverts.com\/blogue\/wp-json\/wp\/v2\/types\/post"}],"author":[{"embeddable":true,"href":"https:\/\/pontscouverts.com\/blogue\/wp-json\/wp\/v2\/users\/1"}],"replies":[{"embeddable":true,"href":"https:\/\/pontscouverts.com\/blogue\/wp-json\/wp\/v2\/comments?post=42200"}],"version-history":[{"count":4,"href":"https:\/\/pontscouverts.com\/blogue\/wp-json\/wp\/v2\/posts\/42200\/revisions"}],"predecessor-version":[{"id":42211,"href":"https:\/\/pontscouverts.com\/blogue\/wp-json\/wp\/v2\/posts\/42200\/revisions\/42211"}],"wp:attachment":[{"href":"https:\/\/pontscouverts.com\/blogue\/wp-json\/wp\/v2\/media?parent=42200"}],"wp:term":[{"taxonomy":"category","embeddable":true,"href":"https:\/\/pontscouverts.com\/blogue\/wp-json\/wp\/v2\/categories?post=42200"},{"taxonomy":"post_tag","embeddable":true,"href":"https:\/\/pontscouverts.com\/blogue\/wp-json\/wp\/v2\/tags?post=42200"}],"curies":[{"name":"wp","href":"https:\/\/api.w.org\/{rel}","templated":true}]}}