{"id":4138,"date":"2012-10-04T23:00:59","date_gmt":"2012-10-05T03:00:59","guid":{"rendered":"http:\/\/pontscouverts.com\/blogue\/?p=4138"},"modified":"2012-10-03T19:47:41","modified_gmt":"2012-10-03T23:47:41","slug":"souvenirs-du-pont-rouge-situe-a-st-ferreol","status":"publish","type":"post","link":"https:\/\/pontscouverts.com\/blogue\/2012\/10\/04\/souvenirs-du-pont-rouge-situe-a-st-ferreol\/","title":{"rendered":"Souvenirs du pont Rouge situ\u00e9 \u00e0 St-Ferr\u00e9ol"},"content":{"rendered":"<div id=\"attachment_4139\" style=\"width: 650px\" class=\"wp-caption aligncenter\"><a href=\"http:\/\/pontscouverts.com\/blogue\/wp-content\/uploads\/2012\/10\/01.jpg\"><img aria-describedby=\"caption-attachment-4139\" loading=\"lazy\" class=\"size-full wp-image-4139 \" title=\"01\" src=\"http:\/\/pontscouverts.com\/blogue\/wp-content\/uploads\/2012\/10\/01.jpg\" alt=\"\" width=\"640\" height=\"415\" srcset=\"https:\/\/pontscouverts.com\/blogue\/wp-content\/uploads\/2012\/10\/01.jpg 800w, https:\/\/pontscouverts.com\/blogue\/wp-content\/uploads\/2012\/10\/01-300x194.jpg 300w\" sizes=\"(max-width: 640px) 100vw, 640px\" \/><\/a><p id=\"caption-attachment-4139\" class=\"wp-caption-text\">Collection de Charles Breton-Demeule<\/p><\/div>\n<p style=\"text-align: justify;\"><span style=\"color: #000000;\">Juste avant de se laisser pour le long week-end de l&rsquo;Action de Gr\u00e2ce, je vous pr\u00e9sente le petit nouveau dans la section des ponts couverts disparus, soit le <\/span><a href=\"http:\/\/www.pontscouverts.com\/Pontscouverts2\/Rouge_5.html\" target=\"_blank\"><span style=\"color: #0000ff;\">pont Rouge<\/span><\/a><span style=\"color: #000000;\"> de St-Ferr\u00e9ol&#8230;<\/span><\/p>\n<p style=\"text-align: justify;\"><span style=\"color: #000000;\"><!--more Lire la suite--><\/span><\/p>\n<p style=\"text-align: justify;\"><span style=\"color: #000000;\"><br \/>\n<\/span><\/p>\n<div id=\"attachment_4141\" style=\"width: 600px\" class=\"wp-caption aligncenter\"><a href=\"http:\/\/pontscouverts.com\/blogue\/wp-content\/uploads\/2012\/10\/03.jpg\"><img aria-describedby=\"caption-attachment-4141\" loading=\"lazy\" class=\"size-large wp-image-4141\" title=\"03\" src=\"http:\/\/pontscouverts.com\/blogue\/wp-content\/uploads\/2012\/10\/03-1024x610.jpg\" alt=\"\" width=\"590\" height=\"351\" srcset=\"https:\/\/pontscouverts.com\/blogue\/wp-content\/uploads\/2012\/10\/03-1024x610.jpg 1024w, https:\/\/pontscouverts.com\/blogue\/wp-content\/uploads\/2012\/10\/03-300x178.jpg 300w, https:\/\/pontscouverts.com\/blogue\/wp-content\/uploads\/2012\/10\/03.jpg 1088w\" sizes=\"(max-width: 590px) 100vw, 590px\" \/><\/a><p id=\"caption-attachment-4141\" class=\"wp-caption-text\">Photo : Marc Dugal Source : BAnQ Cote : E6,S7,SS1,P29007<\/p><\/div>\n<p style=\"text-align: left;\"><span style=\"color: #000000;\">On conna\u00eet malheureusement bien peu de d\u00e9tails \u00e0 propos de ce pont couvert, mais on situe sa date de construction vers 1900. <\/span><\/p>\n<p style=\"text-align: center;\">&nbsp;<\/p>\n<p style=\"text-align: justify;\">&nbsp;<\/p>\n<div id=\"attachment_4140\" style=\"width: 600px\" class=\"wp-caption aligncenter\"><a href=\"http:\/\/pontscouverts.com\/blogue\/wp-content\/uploads\/2012\/10\/02.jpg\"><img aria-describedby=\"caption-attachment-4140\" loading=\"lazy\" class=\"size-large wp-image-4140\" title=\"02\" src=\"http:\/\/pontscouverts.com\/blogue\/wp-content\/uploads\/2012\/10\/02-1024x659.jpg\" alt=\"\" width=\"590\" height=\"379\" srcset=\"https:\/\/pontscouverts.com\/blogue\/wp-content\/uploads\/2012\/10\/02-1024x659.jpg 1024w, https:\/\/pontscouverts.com\/blogue\/wp-content\/uploads\/2012\/10\/02-300x193.jpg 300w, https:\/\/pontscouverts.com\/blogue\/wp-content\/uploads\/2012\/10\/02.jpg 1089w\" sizes=\"(max-width: 590px) 100vw, 590px\" \/><\/a><p id=\"caption-attachment-4140\" class=\"wp-caption-text\">Photo : Olivier Desjardins Source : BAnQ, Cote : E6,S7,SS1,P33713<\/p><\/div>\n<p><span style=\"color: #000000;\">Cette structure de 144 pieds \u00e9tait situ\u00e9e \u00e0 St-Ferr\u00e9ol, au-dessus de la rivi\u00e8re Ste-Anne. Les cul\u00e9es semblent en r\u00e9paration sur ce clich\u00e9 qui date de 1946.<\/span><\/p>\n<p style=\"text-align: center;\">&nbsp;<\/p>\n<div class=\"mceTemp mceIEcenter\" style=\"text-align: left;\">\n<dl id=\"attachment_4142\" class=\"wp-caption aligncenter\" style=\"width: 600px;\">\n<dt class=\"wp-caption-dt\"><a href=\"http:\/\/pontscouverts.com\/blogue\/wp-content\/uploads\/2012\/10\/04.jpg\"><img loading=\"lazy\" class=\"size-large wp-image-4142\" title=\"04\" src=\"http:\/\/pontscouverts.com\/blogue\/wp-content\/uploads\/2012\/10\/04-1024x680.jpg\" alt=\"\" width=\"590\" height=\"391\" srcset=\"https:\/\/pontscouverts.com\/blogue\/wp-content\/uploads\/2012\/10\/04-1024x680.jpg 1024w, https:\/\/pontscouverts.com\/blogue\/wp-content\/uploads\/2012\/10\/04-300x199.jpg 300w, https:\/\/pontscouverts.com\/blogue\/wp-content\/uploads\/2012\/10\/04.jpg 1081w\" sizes=\"(max-width: 590px) 100vw, 590px\" \/><\/a><\/dt>\n<dd class=\"wp-caption-dd\">Photo : Olivier Desjardins Source : BAnQ, Cote : E6,S7,SS1,P33716<\/dd>\n<\/dl>\n<\/div>\n<p style=\"text-align: justify;\"><span style=\"color: #000000;\">Ce pont ne poss\u00e9dait qu&rsquo;une trav\u00e9e, et fait assez unique, les ouvertures lat\u00e9rales allaient d&rsquo;un bout \u00e0 l&rsquo;autre du pont.<\/span><\/p>\n<p style=\"text-align: center;\">&nbsp;<\/p>\n<div id=\"attachment_4143\" style=\"width: 600px\" class=\"wp-caption aligncenter\"><a href=\"http:\/\/pontscouverts.com\/blogue\/wp-content\/uploads\/2012\/10\/05.jpg\"><img aria-describedby=\"caption-attachment-4143\" loading=\"lazy\" class=\"size-large wp-image-4143\" title=\"05\" src=\"http:\/\/pontscouverts.com\/blogue\/wp-content\/uploads\/2012\/10\/05-1024x665.jpg\" alt=\"\" width=\"590\" height=\"383\" srcset=\"https:\/\/pontscouverts.com\/blogue\/wp-content\/uploads\/2012\/10\/05-1024x665.jpg 1024w, https:\/\/pontscouverts.com\/blogue\/wp-content\/uploads\/2012\/10\/05-300x194.jpg 300w, https:\/\/pontscouverts.com\/blogue\/wp-content\/uploads\/2012\/10\/05.jpg 1093w\" sizes=\"(max-width: 590px) 100vw, 590px\" \/><\/a><p id=\"caption-attachment-4143\" class=\"wp-caption-text\">Photo : Olivier Desjardins Source : BAnQ, Cote : E6,S7,SS1,P34206<\/p><\/div>\n<p style=\"text-align: justify;\"><span style=\"color: #000000;\">Selon les archives de BAnQ, ce pont couvert \u00e9tait situ\u00e9 pr\u00e8s du barrage\u00a0hydro\u00e9lectrique des Sept-Chutes, un site qu&rsquo;il est possible de visiter de nos jours.<\/span><\/p>\n<p style=\"text-align: justify;\">&nbsp;<\/p>\n<div id=\"attachment_4144\" style=\"width: 600px\" class=\"wp-caption aligncenter\"><a href=\"http:\/\/pontscouverts.com\/blogue\/wp-content\/uploads\/2012\/10\/06.jpg\"><img aria-describedby=\"caption-attachment-4144\" loading=\"lazy\" class=\"size-large wp-image-4144\" title=\"06\" src=\"http:\/\/pontscouverts.com\/blogue\/wp-content\/uploads\/2012\/10\/06-1024x674.jpg\" alt=\"\" width=\"590\" height=\"388\" srcset=\"https:\/\/pontscouverts.com\/blogue\/wp-content\/uploads\/2012\/10\/06-1024x674.jpg 1024w, https:\/\/pontscouverts.com\/blogue\/wp-content\/uploads\/2012\/10\/06-300x197.jpg 300w, https:\/\/pontscouverts.com\/blogue\/wp-content\/uploads\/2012\/10\/06.jpg 1094w\" sizes=\"(max-width: 590px) 100vw, 590px\" \/><\/a><p id=\"caption-attachment-4144\" class=\"wp-caption-text\">Photo : Olivier Desjardins Source : BAnQ, Cote : E6,S7,SS1,P34207<\/p><\/div>\n<p style=\"text-align: justify;\"><span style=\"color: #000000;\">Le pont Rouge a \u00e9t\u00e9 d\u00e9moli en 1961. Il a \u00e9t\u00e9 remplac\u00e9 par un pont plus moderne.<\/span><\/p>\n<p>&nbsp;<\/p>\n<p style=\"text-align: justify;\"><span style=\"color: #000000;\">Merci \u00e0 Charles Breton-Demeule de m&rsquo;avoir inspir\u00e9 le choix de ce pont disparu. Au cours des prochaines semaines, j&rsquo;ajouterai sur le site d&rsquo;autres superbes ponts qui se trouvaient dans la r\u00e9gion de la Capitale-Nationale.<\/span><\/p>\n<h1 style=\"text-align: center;\"><span style=\"color: #ff0000;\">Bonne fin de semaine<\/span><\/h1>\n<h1 style=\"text-align: center;\"><span style=\"color: #ff0000;\">De retour mardi&#8230;<\/span><\/h1>\n<p><span style=\"color: #ff0000;\"><br \/>\n<\/span><\/p>\n","protected":false},"excerpt":{"rendered":"<p>Juste avant de se laisser pour le long week-end de l&rsquo;Action de Gr\u00e2ce, je vous pr\u00e9sente le petit nouveau dans la section des ponts couverts disparus, soit le pont Rouge de St-Ferr\u00e9ol&#8230;<\/p>\n","protected":false},"author":1,"featured_media":0,"comment_status":"open","ping_status":"open","sticky":false,"template":"","format":"standard","meta":[],"categories":[1],"tags":[],"_links":{"self":[{"href":"https:\/\/pontscouverts.com\/blogue\/wp-json\/wp\/v2\/posts\/4138"}],"collection":[{"href":"https:\/\/pontscouverts.com\/blogue\/wp-json\/wp\/v2\/posts"}],"about":[{"href":"https:\/\/pontscouverts.com\/blogue\/wp-json\/wp\/v2\/types\/post"}],"author":[{"embeddable":true,"href":"https:\/\/pontscouverts.com\/blogue\/wp-json\/wp\/v2\/users\/1"}],"replies":[{"embeddable":true,"href":"https:\/\/pontscouverts.com\/blogue\/wp-json\/wp\/v2\/comments?post=4138"}],"version-history":[{"count":12,"href":"https:\/\/pontscouverts.com\/blogue\/wp-json\/wp\/v2\/posts\/4138\/revisions"}],"predecessor-version":[{"id":4158,"href":"https:\/\/pontscouverts.com\/blogue\/wp-json\/wp\/v2\/posts\/4138\/revisions\/4158"}],"wp:attachment":[{"href":"https:\/\/pontscouverts.com\/blogue\/wp-json\/wp\/v2\/media?parent=4138"}],"wp:term":[{"taxonomy":"category","embeddable":true,"href":"https:\/\/pontscouverts.com\/blogue\/wp-json\/wp\/v2\/categories?post=4138"},{"taxonomy":"post_tag","embeddable":true,"href":"https:\/\/pontscouverts.com\/blogue\/wp-json\/wp\/v2\/tags?post=4138"}],"curies":[{"name":"wp","href":"https:\/\/api.w.org\/{rel}","templated":true}]}}