{"id":39835,"date":"2025-01-07T09:02:17","date_gmt":"2025-01-07T14:02:17","guid":{"rendered":"https:\/\/pontscouverts.com\/blogue\/?p=39835"},"modified":"2025-01-07T09:02:17","modified_gmt":"2025-01-07T14:02:17","slug":"bilan-2024-une-annee-un-peu-plus-calme","status":"publish","type":"post","link":"https:\/\/pontscouverts.com\/blogue\/2025\/01\/07\/bilan-2024-une-annee-un-peu-plus-calme\/","title":{"rendered":"Bilan 2024 : une ann\u00e9e un peu plus calme"},"content":{"rendered":"<div id=\"attachment_38676\" style=\"width: 4042px\" class=\"wp-caption alignnone\"><a href=\"https:\/\/pontscouverts.com\/blogue\/wp-content\/uploads\/2024\/03\/IMG_9635.jpeg\"><img aria-describedby=\"caption-attachment-38676\" loading=\"lazy\" class=\"size-full wp-image-38676\" src=\"https:\/\/pontscouverts.com\/blogue\/wp-content\/uploads\/2024\/03\/IMG_9635.jpeg\" alt=\"\" width=\"4032\" height=\"3024\" srcset=\"https:\/\/pontscouverts.com\/blogue\/wp-content\/uploads\/2024\/03\/IMG_9635.jpeg 4032w, https:\/\/pontscouverts.com\/blogue\/wp-content\/uploads\/2024\/03\/IMG_9635-e1710681037212-150x113.jpeg 150w, https:\/\/pontscouverts.com\/blogue\/wp-content\/uploads\/2024\/03\/IMG_9635-300x225.jpeg 300w, https:\/\/pontscouverts.com\/blogue\/wp-content\/uploads\/2024\/03\/IMG_9635-768x576.jpeg 768w, https:\/\/pontscouverts.com\/blogue\/wp-content\/uploads\/2024\/03\/IMG_9635-1024x768.jpeg 1024w, https:\/\/pontscouverts.com\/blogue\/wp-content\/uploads\/2024\/03\/IMG_9635-624x468.jpeg 624w\" sizes=\"(max-width: 4032px) 100vw, 4032px\" \/><\/a><p id=\"caption-attachment-38676\" class=\"wp-caption-text\">Pascal Conner Mars 2024<\/p><\/div>\n<p style=\"text-align: justify;\"><span style=\"color: #000000;\">Voil\u00e0 enfin le temps de publier le fameux bilan annuel r\u00e9sumant les faits saillants de l&rsquo;ann\u00e9e 2024. C&rsquo;est peut-\u00eatre une bonne nouvelle d&rsquo;affirmer que l&rsquo;ann\u00e9e \u00e0 \u00e9t\u00e9 moins mouvement\u00e9e puisqu&rsquo;il n&rsquo;y a pas que du positif dans l&rsquo;actualit\u00e9, mais malgr\u00e9 tout, il y a eu de belles surprises cette ann\u00e9e. Place \u00e0 un tour d&rsquo;horizon de l&rsquo;ann\u00e9e 2024 sur laquelle nous venons de tourner la page :<\/span><\/p>\n<p><!--more Lire la suite--><\/p>\n<h1><span style=\"color: #ff0000;\">JANVIER<\/span><\/h1>\n<div id=\"attachment_38325\" style=\"width: 1562px\" class=\"wp-caption alignnone\"><a href=\"https:\/\/pontscouverts.com\/blogue\/wp-content\/uploads\/2024\/01\/61-43-01-1970.jpg\"><img aria-describedby=\"caption-attachment-38325\" loading=\"lazy\" class=\"wp-image-38325 size-full\" src=\"https:\/\/pontscouverts.com\/blogue\/wp-content\/uploads\/2024\/01\/61-43-01-1970.jpg\" alt=\"\" width=\"1552\" height=\"1020\" srcset=\"https:\/\/pontscouverts.com\/blogue\/wp-content\/uploads\/2024\/01\/61-43-01-1970.jpg 1552w, https:\/\/pontscouverts.com\/blogue\/wp-content\/uploads\/2024\/01\/61-43-01-1970-300x197.jpg 300w, https:\/\/pontscouverts.com\/blogue\/wp-content\/uploads\/2024\/01\/61-43-01-1970-768x505.jpg 768w, https:\/\/pontscouverts.com\/blogue\/wp-content\/uploads\/2024\/01\/61-43-01-1970-1024x673.jpg 1024w, https:\/\/pontscouverts.com\/blogue\/wp-content\/uploads\/2024\/01\/61-43-01-1970-624x410.jpg 624w\" sizes=\"(max-width: 1552px) 100vw, 1552px\" \/><\/a><p id=\"caption-attachment-38325\" class=\"wp-caption-text\">Collection : Pascal Conner (1970)<\/p><\/div>\n<p style=\"text-align: justify;\"><span style=\"color: #000000;\">L&rsquo;ann\u00e9e 2024 a \u00e9t\u00e9 marqu\u00e9e par plusieurs photos ou articles in\u00e9dits sur les ponts couverts. En janvier, \u00a0je vous invitais \u00e0 d\u00e9couvrir un article publi\u00e9 en juin 1965 dans <em>Le petit journal<\/em>, un hebdomadaire montr\u00e9alais qui avait vu le jour en 1926. L\u2019article \u00a0<span style=\"color: #0000ff;\"><a href=\"https:\/\/numerique.banq.qc.ca\/patrimoine\/details\/52327\/4251293\" target=\"_blank\" rel=\"noopener\"><em>\u00c0 la d\u00e9couverte des ponts d\u2019amoureux<\/em><\/a>\u00a0<\/span>comportait plusieurs photos de ponts couverts, dont le pont Ste-Jeanne-d\u2019Arc utilis\u00e9 pour illustrer ce billet. La lecture de l\u2019article faisait sourire \u00e0 quelques reprises, notamment lors du passage sur les ponts hant\u00e9s.<\/span><\/p>\n<h1><span style=\"color: #ff0000;\">F\u00c9VRIER<\/span><\/h1>\n<div id=\"attachment_38475\" style=\"width: 1464px\" class=\"wp-caption alignnone\"><a href=\"https:\/\/pontscouverts.com\/blogue\/wp-content\/uploads\/2024\/02\/61-44-08_N10.jpg\"><img aria-describedby=\"caption-attachment-38475\" loading=\"lazy\" class=\"size-full wp-image-38475\" src=\"https:\/\/pontscouverts.com\/blogue\/wp-content\/uploads\/2024\/02\/61-44-08_N10.jpg\" alt=\"\" width=\"1454\" height=\"1090\" srcset=\"https:\/\/pontscouverts.com\/blogue\/wp-content\/uploads\/2024\/02\/61-44-08_N10.jpg 1454w, https:\/\/pontscouverts.com\/blogue\/wp-content\/uploads\/2024\/02\/61-44-08_N10-e1707058241504-150x112.jpg 150w, https:\/\/pontscouverts.com\/blogue\/wp-content\/uploads\/2024\/02\/61-44-08_N10-300x225.jpg 300w, https:\/\/pontscouverts.com\/blogue\/wp-content\/uploads\/2024\/02\/61-44-08_N10-768x576.jpg 768w, https:\/\/pontscouverts.com\/blogue\/wp-content\/uploads\/2024\/02\/61-44-08_N10-1024x768.jpg 1024w, https:\/\/pontscouverts.com\/blogue\/wp-content\/uploads\/2024\/02\/61-44-08_N10-624x468.jpg 624w\" sizes=\"(max-width: 1454px) 100vw, 1454px\" \/><\/a><p id=\"caption-attachment-38475\" class=\"wp-caption-text\">G\u00e9rald Arbour F\u00e9vrier 2024<\/p><\/div>\n<p style=\"text-align: justify;\"><span style=\"color: #000000;\">C&rsquo;est en f\u00e9vrier que nous apprenions la restauration surprise du <a href=\"https:\/\/pontscouverts.com\/blogue\/pont-lambert\/\"><span style=\"color: #0000ff;\">pont Lambert<\/span><\/a> r\u00e9alis\u00e9e 2 mois auparavant et entrainant \u00e9videmment sa fermeture pendant cette p\u00e9riode. G\u00e9rald s&rsquo;\u00e9tait empress\u00e9 de s&rsquo;y rendre pour constater les faits. Sur place,\u00a0il y avait d\u00e9couvert quelques nouveaut\u00e9s fort int\u00e9ressantes. Le pont a \u00e9t\u00e9 compl\u00e8tement repeint, et bien s\u00fbr il est demeur\u00e9 blanc. Les portiques cintr\u00e9s ont heureusement \u00e9t\u00e9 conserv\u00e9s. De plus, les gabarits portent d\u00e9sormais les m\u00eames couleurs que le pont. Le panneau historique a \u00e9galement \u00e9t\u00e9 d\u00e9plac\u00e9 \u00e0 l\u2019ext\u00e9rieur de la structure. Finalement, gr\u00e2ce \u00e0 une discussion avec le voisin du pont, G\u00e9rald apprenait que\u00a0les plaques toponymiques avaient \u00e9t\u00e9 remplac\u00e9es par des panneaux identiques, l\u2019originale ayant \u00e9t\u00e9 amen\u00e9 chez un imprimeur de Victoriaville.<\/span><\/p>\n<h1><span style=\"color: #ff0000;\">MARS<\/span><\/h1>\n<div id=\"attachment_38720\" style=\"width: 1824px\" class=\"wp-caption alignnone\"><a href=\"https:\/\/pontscouverts.com\/blogue\/wp-content\/uploads\/2024\/03\/61-25-15-grand-remous-2024-G\u00e9rald-Arbour-N8.jpg\"><img aria-describedby=\"caption-attachment-38720\" loading=\"lazy\" class=\"size-full wp-image-38720\" src=\"https:\/\/pontscouverts.com\/blogue\/wp-content\/uploads\/2024\/03\/61-25-15-grand-remous-2024-G\u00e9rald-Arbour-N8.jpg\" alt=\"\" width=\"1814\" height=\"1361\" srcset=\"https:\/\/pontscouverts.com\/blogue\/wp-content\/uploads\/2024\/03\/61-25-15-grand-remous-2024-G\u00e9rald-Arbour-N8.jpg 1814w, https:\/\/pontscouverts.com\/blogue\/wp-content\/uploads\/2024\/03\/61-25-15-grand-remous-2024-G\u00e9rald-Arbour-N8-e1711279936806-150x112.jpg 150w, https:\/\/pontscouverts.com\/blogue\/wp-content\/uploads\/2024\/03\/61-25-15-grand-remous-2024-G\u00e9rald-Arbour-N8-300x225.jpg 300w, https:\/\/pontscouverts.com\/blogue\/wp-content\/uploads\/2024\/03\/61-25-15-grand-remous-2024-G\u00e9rald-Arbour-N8-768x576.jpg 768w, https:\/\/pontscouverts.com\/blogue\/wp-content\/uploads\/2024\/03\/61-25-15-grand-remous-2024-G\u00e9rald-Arbour-N8-1024x768.jpg 1024w, https:\/\/pontscouverts.com\/blogue\/wp-content\/uploads\/2024\/03\/61-25-15-grand-remous-2024-G\u00e9rald-Arbour-N8-624x468.jpg 624w\" sizes=\"(max-width: 1814px) 100vw, 1814px\" \/><\/a><p id=\"caption-attachment-38720\" class=\"wp-caption-text\">G\u00e9rald Arbour Mars 2024<\/p><\/div>\n<p style=\"text-align: justify;\"><span style=\"color: #000000;\">C&rsquo;est en mars que G\u00e9rald revenait d&rsquo;une escapade en Outaouais avec les premi\u00e8res photos du<\/span> <span style=\"color: #0000ff;\"><a style=\"color: #0000ff;\" href=\"https:\/\/pontscouverts.com\/blogue\/pont-savoyard\/\">pont Savoyard<\/a><\/span> <span style=\"color: #000000;\">barr\u00e9 d\u2019une fa\u00e7on plus officielle. En effet, c\u2019est au d\u00e9but du mois de mars que le MTQ avait install\u00e9 des grillages emp\u00eachant m\u00eame les pi\u00e9tons d\u2019entrer dans la structure. Cela pourrait laisser pr\u00e9sager une fermeture longue et il faudra s\u00fbrement s\u2019armer de patience avant de voir des travaux \u00eatre effectu\u00e9s.<\/span><\/p>\n<div id=\"attachment_38670\" style=\"width: 4042px\" class=\"wp-caption alignnone\"><a href=\"https:\/\/pontscouverts.com\/blogue\/wp-content\/uploads\/2024\/03\/IMG_9652.jpeg\"><img aria-describedby=\"caption-attachment-38670\" loading=\"lazy\" class=\"size-full wp-image-38670\" src=\"https:\/\/pontscouverts.com\/blogue\/wp-content\/uploads\/2024\/03\/IMG_9652.jpeg\" alt=\"\" width=\"4032\" height=\"3024\" srcset=\"https:\/\/pontscouverts.com\/blogue\/wp-content\/uploads\/2024\/03\/IMG_9652.jpeg 4032w, https:\/\/pontscouverts.com\/blogue\/wp-content\/uploads\/2024\/03\/IMG_9652-e1710711235522-150x113.jpeg 150w, https:\/\/pontscouverts.com\/blogue\/wp-content\/uploads\/2024\/03\/IMG_9652-300x225.jpeg 300w, https:\/\/pontscouverts.com\/blogue\/wp-content\/uploads\/2024\/03\/IMG_9652-768x576.jpeg 768w, https:\/\/pontscouverts.com\/blogue\/wp-content\/uploads\/2024\/03\/IMG_9652-1024x768.jpeg 1024w, https:\/\/pontscouverts.com\/blogue\/wp-content\/uploads\/2024\/03\/IMG_9652-624x468.jpeg 624w\" sizes=\"(max-width: 4032px) 100vw, 4032px\" \/><\/a><p id=\"caption-attachment-38670\" class=\"wp-caption-text\">Pascal Conner Mars 2024<\/p><\/div>\n<p style=\"text-align: justify;\"><span style=\"color: #000000;\">C&rsquo;est \u00e9galement en mars que je m&rsquo;\u00e9tais rendu sur le site du <a href=\"https:\/\/pontscouverts.com\/blogue\/pont-alphonse-normandin\/\"><span style=\"color: #0000ff;\">pont Alphonse-Normandin<\/span><\/a> o\u00f9 les travaux \u00e9taient en pause pour l&rsquo;hiver. Le tout devait \u00eatre compl\u00e9t\u00e9 au printemps 2024, mais pour diverses raisons, la structure n&rsquo;est toujours pas ouverte \u00e0 la circulation. Les approches du pont devront \u00eatre refaites avant une probable ouverture en 2025. Heureusement qu&rsquo;il n&rsquo;y a qu&rsquo;une seule maison de l&rsquo;autre c\u00f4t\u00e9 du pont.<\/span><\/p>\n<h1><span style=\"color: #ff0000;\">AVRIL<\/span><\/h1>\n<div id=\"attachment_39642\" style=\"width: 4042px\" class=\"wp-caption alignnone\"><a href=\"https:\/\/pontscouverts.com\/blogue\/wp-content\/uploads\/2024\/11\/Pont-couvert-McVetty-McKenzie-oct-2024-5.jpg\"><img aria-describedby=\"caption-attachment-39642\" loading=\"lazy\" class=\"wp-image-39642 size-full\" src=\"https:\/\/pontscouverts.com\/blogue\/wp-content\/uploads\/2024\/11\/Pont-couvert-McVetty-McKenzie-oct-2024-5.jpg\" alt=\"\" width=\"4032\" height=\"3024\" srcset=\"https:\/\/pontscouverts.com\/blogue\/wp-content\/uploads\/2024\/11\/Pont-couvert-McVetty-McKenzie-oct-2024-5.jpg 4032w, https:\/\/pontscouverts.com\/blogue\/wp-content\/uploads\/2024\/11\/Pont-couvert-McVetty-McKenzie-oct-2024-5-e1731334504908-150x113.jpg 150w, https:\/\/pontscouverts.com\/blogue\/wp-content\/uploads\/2024\/11\/Pont-couvert-McVetty-McKenzie-oct-2024-5-300x225.jpg 300w, https:\/\/pontscouverts.com\/blogue\/wp-content\/uploads\/2024\/11\/Pont-couvert-McVetty-McKenzie-oct-2024-5-768x576.jpg 768w, https:\/\/pontscouverts.com\/blogue\/wp-content\/uploads\/2024\/11\/Pont-couvert-McVetty-McKenzie-oct-2024-5-1024x768.jpg 1024w, https:\/\/pontscouverts.com\/blogue\/wp-content\/uploads\/2024\/11\/Pont-couvert-McVetty-McKenzie-oct-2024-5-624x468.jpg 624w\" sizes=\"(max-width: 4032px) 100vw, 4032px\" \/><\/a><p id=\"caption-attachment-39642\" class=\"wp-caption-text\">Richard P\u00e9lissier 2024<\/p><\/div>\n<p style=\"text-align: justify;\"><span style=\"color: #000000;\">C&rsquo;est en avril que nous apprenions que des grillages avaient \u00e9t\u00e9 install\u00e9s afin de compl\u00e8tement interdire l\u2019acc\u00e8s au<\/span> <span style=\"color: #0000ff;\"><a style=\"color: #0000ff;\" href=\"https:\/\/pontscouverts.com\/blogue\/pont-mcvetty-mckenzie\/\">pont McVetty-McKenzie<\/a><\/span>,<span style=\"color: #000000;\"> ce qui avait provoqu\u00e9 une forte r\u00e9action des citoyens de Lingwick qui avaient critiqu\u00e9 la gestion du maire dans ce dossier. Plus tard dans l&rsquo;ann\u00e9e, le minist\u00e8re\u00a0de la Culture et des Communications a \u00e9mis un avis d\u2019intention de classement en vertu de la Loi sur le patrimoine culturel. Peu apr\u00e8s, des citoyens ont demand\u00e9 la suspension de cette demande jugeant qu\u2019un tel classement ralentirait le d\u00e9but d\u2019\u00e9ventuels travaux \u00e0 cause des crit\u00e8res \u00e0 respecter lors de la restauration d\u2019une structure class\u00e9e. Un dossier chaud \u00e0 suivre en 2025.<\/span><\/p>\n<h1><span style=\"color: #ff0000;\">MAI<\/span><\/h1>\n<div id=\"attachment_38934\" style=\"width: 2058px\" class=\"wp-caption alignnone\"><a href=\"https:\/\/pontscouverts.com\/blogue\/wp-content\/uploads\/2024\/05\/444153565_10161853197493474_4182042744228343171_n.jpg\"><img aria-describedby=\"caption-attachment-38934\" loading=\"lazy\" class=\"wp-image-38934 size-full\" src=\"https:\/\/pontscouverts.com\/blogue\/wp-content\/uploads\/2024\/05\/444153565_10161853197493474_4182042744228343171_n.jpg\" alt=\"\" width=\"2048\" height=\"1285\" srcset=\"https:\/\/pontscouverts.com\/blogue\/wp-content\/uploads\/2024\/05\/444153565_10161853197493474_4182042744228343171_n.jpg 2048w, https:\/\/pontscouverts.com\/blogue\/wp-content\/uploads\/2024\/05\/444153565_10161853197493474_4182042744228343171_n-300x188.jpg 300w, https:\/\/pontscouverts.com\/blogue\/wp-content\/uploads\/2024\/05\/444153565_10161853197493474_4182042744228343171_n-768x482.jpg 768w, https:\/\/pontscouverts.com\/blogue\/wp-content\/uploads\/2024\/05\/444153565_10161853197493474_4182042744228343171_n-1024x643.jpg 1024w, https:\/\/pontscouverts.com\/blogue\/wp-content\/uploads\/2024\/05\/444153565_10161853197493474_4182042744228343171_n-624x392.jpg 624w\" sizes=\"(max-width: 2048px) 100vw, 2048px\" \/><\/a><p id=\"caption-attachment-38934\" class=\"wp-caption-text\">Photo : Jean-Marie Savard via le Comit\u00e9 SOS Pont Prud\u2019homme<\/p><\/div>\n<p style=\"text-align: justify;\"><span style=\"color: #000000;\">L&rsquo;ann\u00e9e 2024 aura \u00e9t\u00e9 marqu\u00e9e par de nombreuses actions initi\u00e9es par le Comit\u00e9 du pont Prud&rsquo;homme. C&rsquo;est en mai\u00a0que se tenait le cort\u00e8ge de solidarit\u00e9 marquant les 5 ans de fermeture du<\/span> <span style=\"color: #0000ff;\"><a style=\"color: #0000ff;\" href=\"https:\/\/pontscouverts.com\/blogue\/pont-prudhomme\/\">pont Prud\u2019homme<\/a><\/span>. \u00a0<span style=\"color: #000000;\">Pr\u00e8s de 40 v\u00e9hicules de tout genre ont particip\u00e9 \u00e0 cet \u00e9v\u00e9nement afin de parcourir les 12 kilom\u00e8tres repr\u00e9sentant le d\u00e9tour occasionn\u00e9 par la fermeture de la structure historique. Plus t\u00f4t dans l&rsquo;ann\u00e9e, un signet historique avait \u00e9t\u00e9 r\u00e9alis\u00e9 afin de maintenir l&rsquo;attention sur le pont<\/span>.<\/p>\n<h1><span style=\"color: #ff0000;\">JUIN<\/span><\/h1>\n<div id=\"attachment_39028\" style=\"width: 3620px\" class=\"wp-caption alignnone\"><a href=\"https:\/\/pontscouverts.com\/blogue\/wp-content\/uploads\/2024\/06\/61-33-05-1-Robert-Peterson.jpg\"><img aria-describedby=\"caption-attachment-39028\" loading=\"lazy\" class=\"size-full wp-image-39028\" src=\"https:\/\/pontscouverts.com\/blogue\/wp-content\/uploads\/2024\/06\/61-33-05-1-Robert-Peterson.jpg\" alt=\"\" width=\"3610\" height=\"2707\" srcset=\"https:\/\/pontscouverts.com\/blogue\/wp-content\/uploads\/2024\/06\/61-33-05-1-Robert-Peterson.jpg 3610w, https:\/\/pontscouverts.com\/blogue\/wp-content\/uploads\/2024\/06\/61-33-05-1-Robert-Peterson-e1719454293551-150x112.jpg 150w, https:\/\/pontscouverts.com\/blogue\/wp-content\/uploads\/2024\/06\/61-33-05-1-Robert-Peterson-300x225.jpg 300w, https:\/\/pontscouverts.com\/blogue\/wp-content\/uploads\/2024\/06\/61-33-05-1-Robert-Peterson-768x576.jpg 768w, https:\/\/pontscouverts.com\/blogue\/wp-content\/uploads\/2024\/06\/61-33-05-1-Robert-Peterson-1024x768.jpg 1024w, https:\/\/pontscouverts.com\/blogue\/wp-content\/uploads\/2024\/06\/61-33-05-1-Robert-Peterson-624x468.jpg 624w\" sizes=\"(max-width: 3610px) 100vw, 3610px\" \/><\/a><p id=\"caption-attachment-39028\" class=\"wp-caption-text\">Robert Peterson Juin 2024<\/p><\/div>\n<p style=\"text-align: justify;\"><span style=\"color: #000000;\">En juin, nous apprenions que le <a href=\"https:\/\/pontscouverts.com\/blogue\/pont-armand-lachaine\/\"><span style=\"color: #0000ff;\">pont Armand-Lacha\u00eene<\/span><\/a> avait \u00e9t\u00e9 ferm\u00e9 \u00e0 la circulation apr\u00e8s qu&rsquo;un gabarit eut \u00e9t\u00e9 endommag\u00e9. Heureusement, la fermeture avait \u00e9t\u00e9 de courte dur\u00e9e et notre collaborateur Robert Peterson avait trouv\u00e9 la structure r\u00e9ouverte lors de son passage \u00e0 la fin du m\u00eame mois. Quelle chance d&rsquo;avoir de pr\u00e9cieux collaborateurs aux 4 coins de la province.<\/span><\/p>\n<h1><span style=\"color: #ff0000;\">JUILLET<\/span><\/h1>\n<div id=\"attachment_39157\" style=\"width: 4042px\" class=\"wp-caption alignnone\"><a href=\"https:\/\/pontscouverts.com\/blogue\/wp-content\/uploads\/2024\/07\/Def06.jpg\"><img aria-describedby=\"caption-attachment-39157\" loading=\"lazy\" class=\"size-full wp-image-39157\" src=\"https:\/\/pontscouverts.com\/blogue\/wp-content\/uploads\/2024\/07\/Def06.jpg\" alt=\"\" width=\"4032\" height=\"3024\" srcset=\"https:\/\/pontscouverts.com\/blogue\/wp-content\/uploads\/2024\/07\/Def06.jpg 4032w, https:\/\/pontscouverts.com\/blogue\/wp-content\/uploads\/2024\/07\/Def06-e1721252401379-150x113.jpg 150w, https:\/\/pontscouverts.com\/blogue\/wp-content\/uploads\/2024\/07\/Def06-300x225.jpg 300w, https:\/\/pontscouverts.com\/blogue\/wp-content\/uploads\/2024\/07\/Def06-768x576.jpg 768w, https:\/\/pontscouverts.com\/blogue\/wp-content\/uploads\/2024\/07\/Def06-1024x768.jpg 1024w, https:\/\/pontscouverts.com\/blogue\/wp-content\/uploads\/2024\/07\/Def06-624x468.jpg 624w\" sizes=\"(max-width: 4032px) 100vw, 4032px\" \/><\/a><p id=\"caption-attachment-39157\" class=\"wp-caption-text\">Richard P\u00e9lissier Juillet 2024<\/p><\/div>\n<p style=\"text-align: justify;\"><span style=\"color: #000000;\">Parlant de collaborateurs, c&rsquo;est en juillet que Richard P\u00e9lissier partageait de nombreuses photos fra\u00eeches prises lors de ses escapades dans plusieurs r\u00e9gions du Qu\u00e9bec. Cela nous avait permis d&rsquo;apprendre que\u00a0certaines moulures avaient \u00e9t\u00e9 remplac\u00e9es aux portiques du <a href=\"https:\/\/pontscouverts.com\/blogue\/pont-des-defricheurs\/\"><span style=\"color: #0000ff;\">pont des D\u00e9fricheurs<\/span><\/a> et que les graffitis \u00e0 l&rsquo;int\u00e9rieur de la structure n&rsquo;y \u00e9taient plus.<\/span><\/p>\n<h1><span style=\"color: #ff0000;\">AOUT<\/span><\/h1>\n<div id=\"attachment_39281\" style=\"width: 1287px\" class=\"wp-caption alignnone\"><a href=\"https:\/\/pontscouverts.com\/blogue\/wp-content\/uploads\/2024\/08\/61-18-01-compton-station-2024-G\u00e9rald-Arbour-N2.jpg\"><img aria-describedby=\"caption-attachment-39281\" loading=\"lazy\" class=\"size-full wp-image-39281\" src=\"https:\/\/pontscouverts.com\/blogue\/wp-content\/uploads\/2024\/08\/61-18-01-compton-station-2024-G\u00e9rald-Arbour-N2.jpg\" alt=\"\" width=\"1277\" height=\"958\" srcset=\"https:\/\/pontscouverts.com\/blogue\/wp-content\/uploads\/2024\/08\/61-18-01-compton-station-2024-G\u00e9rald-Arbour-N2.jpg 1277w, https:\/\/pontscouverts.com\/blogue\/wp-content\/uploads\/2024\/08\/61-18-01-compton-station-2024-G\u00e9rald-Arbour-N2-e1724157672721-150x112.jpg 150w, https:\/\/pontscouverts.com\/blogue\/wp-content\/uploads\/2024\/08\/61-18-01-compton-station-2024-G\u00e9rald-Arbour-N2-300x225.jpg 300w, https:\/\/pontscouverts.com\/blogue\/wp-content\/uploads\/2024\/08\/61-18-01-compton-station-2024-G\u00e9rald-Arbour-N2-768x576.jpg 768w, https:\/\/pontscouverts.com\/blogue\/wp-content\/uploads\/2024\/08\/61-18-01-compton-station-2024-G\u00e9rald-Arbour-N2-1024x768.jpg 1024w, https:\/\/pontscouverts.com\/blogue\/wp-content\/uploads\/2024\/08\/61-18-01-compton-station-2024-G\u00e9rald-Arbour-N2-624x468.jpg 624w\" sizes=\"(max-width: 1277px) 100vw, 1277px\" \/><\/a><p id=\"caption-attachment-39281\" class=\"wp-caption-text\">G\u00e9rald Arbour Ao\u00fbt 2024<\/p><\/div>\n<p style=\"text-align: justify;\"><span style=\"color: #000000;\">En ao\u00fbt, nous apprenions que le nom officiel du pont Drouin \u00e9tait maintenant <a href=\"https:\/\/pontscouverts.com\/blogue\/pont-drouin\/\"><span style=\"color: #0000ff;\">pont Spafford-Drouin<\/span><\/a>, le toponyme ayant \u00e9t\u00e9 officialis\u00e9 \u00e0 la Commission de toponymie du Qu\u00e9bec. Lors d&rsquo;un arr\u00eat sur place ce m\u00eame mois, G\u00e9rald rapportait qu&rsquo;un nouveau panneau toponymique avait \u00e9t\u00e9 install\u00e9 sur le site, ainsi qu\u2019une table interactive o\u00f9 il \u00e9tait possible de s\u2019instruire sur la structure.<\/span><\/p>\n<h1><span style=\"color: #ff0000;\">SEPTEMBRE<\/span><\/h1>\n<div id=\"attachment_39433\" style=\"width: 4042px\" class=\"wp-caption alignnone\"><a href=\"https:\/\/pontscouverts.com\/blogue\/wp-content\/uploads\/2024\/09\/IMG_3298.jpg\"><img aria-describedby=\"caption-attachment-39433\" loading=\"lazy\" class=\"size-full wp-image-39433\" src=\"https:\/\/pontscouverts.com\/blogue\/wp-content\/uploads\/2024\/09\/IMG_3298.jpg\" alt=\"\" width=\"4032\" height=\"3024\" srcset=\"https:\/\/pontscouverts.com\/blogue\/wp-content\/uploads\/2024\/09\/IMG_3298.jpg 4032w, https:\/\/pontscouverts.com\/blogue\/wp-content\/uploads\/2024\/09\/IMG_3298-e1727180456458-150x113.jpg 150w, https:\/\/pontscouverts.com\/blogue\/wp-content\/uploads\/2024\/09\/IMG_3298-300x225.jpg 300w, https:\/\/pontscouverts.com\/blogue\/wp-content\/uploads\/2024\/09\/IMG_3298-768x576.jpg 768w, https:\/\/pontscouverts.com\/blogue\/wp-content\/uploads\/2024\/09\/IMG_3298-1024x768.jpg 1024w, https:\/\/pontscouverts.com\/blogue\/wp-content\/uploads\/2024\/09\/IMG_3298-624x468.jpg 624w\" sizes=\"(max-width: 4032px) 100vw, 4032px\" \/><\/a><p id=\"caption-attachment-39433\" class=\"wp-caption-text\">Sylvie C. Septembre 2024<\/p><\/div>\n<p style=\"text-align: justify;\"><span style=\"color: #000000;\">De passage au <a href=\"https:\/\/pontscouverts.com\/blogue\/pont-molesworth\/\"><span style=\"color: #0000ff;\">pont Molesworth<\/span><\/a> en septembre alors que le soleil se couchait, mon amie Sylvie partageait une photo du gabarit qui semblait cass\u00e9, signe qu&rsquo;il avait tr\u00e8s bien fait son travail.<\/span><\/p>\n<h1><span style=\"color: #ff0000;\">OCTOBRE<\/span><\/h1>\n<div id=\"attachment_39468\" style=\"width: 3007px\" class=\"wp-caption alignnone\"><a href=\"https:\/\/pontscouverts.com\/blogue\/wp-content\/uploads\/2024\/10\/IMG_2322-e1728389144180.jpeg\"><img aria-describedby=\"caption-attachment-39468\" loading=\"lazy\" class=\"wp-image-39468 size-full\" src=\"https:\/\/pontscouverts.com\/blogue\/wp-content\/uploads\/2024\/10\/IMG_2322-e1728389144180.jpeg\" alt=\"\" width=\"2997\" height=\"3356\" srcset=\"https:\/\/pontscouverts.com\/blogue\/wp-content\/uploads\/2024\/10\/IMG_2322-e1728389144180.jpeg 2997w, https:\/\/pontscouverts.com\/blogue\/wp-content\/uploads\/2024\/10\/IMG_2322-e1728389144180-268x300.jpeg 268w, https:\/\/pontscouverts.com\/blogue\/wp-content\/uploads\/2024\/10\/IMG_2322-e1728389144180-768x860.jpeg 768w, https:\/\/pontscouverts.com\/blogue\/wp-content\/uploads\/2024\/10\/IMG_2322-e1728389144180-914x1024.jpeg 914w, https:\/\/pontscouverts.com\/blogue\/wp-content\/uploads\/2024\/10\/IMG_2322-e1728389144180-624x699.jpeg 624w\" sizes=\"(max-width: 2997px) 100vw, 2997px\" \/><\/a><p id=\"caption-attachment-39468\" class=\"wp-caption-text\">Photo : G\u00e9rald Arbour 1986<\/p><\/div>\n<p style=\"text-align: justify;\"><span style=\"color: #000000;\">C&rsquo;est en octobre que nous apprenions le d\u00e9c\u00e8s de monsieur Andr\u00e9 Goossens, un grand passionn\u00e9 des ponts couverts actif surtout dans les ann\u00e9es 80. Ce dernier m&rsquo;avait donn\u00e9 son imposante collection de diapositives, ce qui avait permis d&rsquo;alimenter de nombreux billets. Toutes nos sympathies \u00e0 la famille.<\/span><\/p>\n<h1><span style=\"color: #ff0000;\">NOVEMBRE<\/span><\/h1>\n<div id=\"attachment_31207\" style=\"width: 1562px\" class=\"wp-caption alignnone\"><a href=\"https:\/\/pontscouverts.com\/blogue\/wp-content\/uploads\/2021\/03\/Collection-Pascal-Conner-1969a.jpg\"><img aria-describedby=\"caption-attachment-31207\" loading=\"lazy\" class=\"size-full wp-image-31207\" src=\"https:\/\/pontscouverts.com\/blogue\/wp-content\/uploads\/2021\/03\/Collection-Pascal-Conner-1969a.jpg\" alt=\"\" width=\"1552\" height=\"1040\" srcset=\"https:\/\/pontscouverts.com\/blogue\/wp-content\/uploads\/2021\/03\/Collection-Pascal-Conner-1969a.jpg 1552w, https:\/\/pontscouverts.com\/blogue\/wp-content\/uploads\/2021\/03\/Collection-Pascal-Conner-1969a-300x201.jpg 300w, https:\/\/pontscouverts.com\/blogue\/wp-content\/uploads\/2021\/03\/Collection-Pascal-Conner-1969a-768x515.jpg 768w, https:\/\/pontscouverts.com\/blogue\/wp-content\/uploads\/2021\/03\/Collection-Pascal-Conner-1969a-1024x686.jpg 1024w\" sizes=\"(max-width: 1552px) 100vw, 1552px\" \/><\/a><p id=\"caption-attachment-31207\" class=\"wp-caption-text\">Coll : P. Conner 1969<\/p><\/div>\n<p style=\"text-align: justify;\"><span style=\"color: #000000;\">C&rsquo;est en novembre que nous apprenions que le minist\u00e8re de la Culture et des Communications avait class\u00e9 le<\/span> <span style=\"color: #0000ff;\"><a style=\"color: #0000ff;\" href=\"https:\/\/pontscouverts.com\/blogue\/pont-de-la-frontiere\/\">pont de la Fronti\u00e8re<\/a><\/span> <span style=\"color: #000000;\">immeuble patrimonial.\u00a0C\u2019est une excellente nouvelle pour cette structure qui est laiss\u00e9e \u00e0 l\u2019abandon depuis plusieurs ann\u00e9es. Il est \u00e0 noter que ce classement touche uniquement le pont qui lui repose sur deux terrains priv\u00e9s. Cependant, la municipalit\u00e9 de Potton n\u2019entend pas injecter d\u2019agent dans ce dossier bien que le minist\u00e8re soit pr\u00eat \u00e0 les \u00e9pauler.<\/span><\/p>\n<h1><span style=\"color: #ff0000;\">D\u00c9CEMBRE<\/span><\/h1>\n<div style=\"width: 5722px\" class=\"wp-caption alignleft\"><a href=\"https:\/\/pontscouverts.com\/blogue\/wp-content\/uploads\/2024\/12\/IMG_0259.jpeg\"><img loading=\"lazy\" class=\"wp-image-39748 size-full\" src=\"https:\/\/pontscouverts.com\/blogue\/wp-content\/uploads\/2024\/12\/IMG_0259.jpeg\" alt=\"\" width=\"5712\" height=\"4284\" srcset=\"https:\/\/pontscouverts.com\/blogue\/wp-content\/uploads\/2024\/12\/IMG_0259.jpeg 5712w, https:\/\/pontscouverts.com\/blogue\/wp-content\/uploads\/2024\/12\/IMG_0259-300x225.jpeg 300w, https:\/\/pontscouverts.com\/blogue\/wp-content\/uploads\/2024\/12\/IMG_0259-768x576.jpeg 768w, https:\/\/pontscouverts.com\/blogue\/wp-content\/uploads\/2024\/12\/IMG_0259-1024x768.jpeg 1024w, https:\/\/pontscouverts.com\/blogue\/wp-content\/uploads\/2024\/12\/IMG_0259-624x468.jpeg 624w\" sizes=\"(max-width: 5712px) 100vw, 5712px\" \/><\/a><p class=\"wp-caption-text\">Pascal Conner Novembre 2024<\/p><\/div>\n<p><span style=\"color: #000000;\">C&rsquo;est en d\u00e9cembre que je publiais les derni\u00e8res photos de mon r\u00e9cent passage dans le Nord-du-Qu\u00e9bec. J&rsquo;en profite encore une fois pour remercier tous les collaborateurs sans qui ce site ne serait pas possible. Je souhaite \u00e0 tous une excellente ann\u00e9e 2025 pleine d&rsquo;aventures en lien avec nos ponts couverts. \u00c0 tr\u00e8s bient\u00f4t pour de nouveaux billets.<\/span><\/p>\n<h1 style=\"text-align: center;\"><span style=\"color: #ff0000;\">BONNE ANN\u00c9E<\/span><\/h1>\n","protected":false},"excerpt":{"rendered":"<p>Voil\u00e0 enfin le temps de publier le fameux bilan annuel r\u00e9sumant les faits saillants de l&rsquo;ann\u00e9e 2024. C&rsquo;est peut-\u00eatre une bonne nouvelle d&rsquo;affirmer que l&rsquo;ann\u00e9e \u00e0 \u00e9t\u00e9 moins mouvement\u00e9e puisqu&rsquo;il n&rsquo;y a pas que du positif dans l&rsquo;actualit\u00e9, mais malgr\u00e9 tout, il y a eu de belles surprises cette ann\u00e9e. Place \u00e0 un tour d&rsquo;horizon [&hellip;]<\/p>\n","protected":false},"author":1,"featured_media":0,"comment_status":"open","ping_status":"open","sticky":false,"template":"","format":"standard","meta":[],"categories":[3,1],"tags":[],"_links":{"self":[{"href":"https:\/\/pontscouverts.com\/blogue\/wp-json\/wp\/v2\/posts\/39835"}],"collection":[{"href":"https:\/\/pontscouverts.com\/blogue\/wp-json\/wp\/v2\/posts"}],"about":[{"href":"https:\/\/pontscouverts.com\/blogue\/wp-json\/wp\/v2\/types\/post"}],"author":[{"embeddable":true,"href":"https:\/\/pontscouverts.com\/blogue\/wp-json\/wp\/v2\/users\/1"}],"replies":[{"embeddable":true,"href":"https:\/\/pontscouverts.com\/blogue\/wp-json\/wp\/v2\/comments?post=39835"}],"version-history":[{"count":16,"href":"https:\/\/pontscouverts.com\/blogue\/wp-json\/wp\/v2\/posts\/39835\/revisions"}],"predecessor-version":[{"id":39852,"href":"https:\/\/pontscouverts.com\/blogue\/wp-json\/wp\/v2\/posts\/39835\/revisions\/39852"}],"wp:attachment":[{"href":"https:\/\/pontscouverts.com\/blogue\/wp-json\/wp\/v2\/media?parent=39835"}],"wp:term":[{"taxonomy":"category","embeddable":true,"href":"https:\/\/pontscouverts.com\/blogue\/wp-json\/wp\/v2\/categories?post=39835"},{"taxonomy":"post_tag","embeddable":true,"href":"https:\/\/pontscouverts.com\/blogue\/wp-json\/wp\/v2\/tags?post=39835"}],"curies":[{"name":"wp","href":"https:\/\/api.w.org\/{rel}","templated":true}]}}