{"id":3918,"date":"2012-10-02T23:00:10","date_gmt":"2012-10-03T03:00:10","guid":{"rendered":"http:\/\/pontscouverts.com\/blogue\/?p=3918"},"modified":"2012-09-28T13:54:17","modified_gmt":"2012-09-28T17:54:17","slug":"labitibi-temiscamingue-vue-par-michel-beauregard","status":"publish","type":"post","link":"https:\/\/pontscouverts.com\/blogue\/2012\/10\/02\/labitibi-temiscamingue-vue-par-michel-beauregard\/","title":{"rendered":"L&rsquo;abitibi-T\u00e9miscamingue vue par Michel Beauregard"},"content":{"rendered":"<div id=\"attachment_3920\" style=\"width: 624px\" class=\"wp-caption aligncenter\"><a href=\"http:\/\/pontscouverts.com\/blogue\/wp-content\/uploads\/2012\/09\/Alphonse-Normandin02.jpg\"><img aria-describedby=\"caption-attachment-3920\" loading=\"lazy\" class=\"size-full wp-image-3920 \" title=\"Alphonse-Normandin02\" src=\"http:\/\/pontscouverts.com\/blogue\/wp-content\/uploads\/2012\/09\/Alphonse-Normandin02.jpg\" alt=\"\" width=\"614\" height=\"407\" srcset=\"https:\/\/pontscouverts.com\/blogue\/wp-content\/uploads\/2012\/09\/Alphonse-Normandin02.jpg 1024w, https:\/\/pontscouverts.com\/blogue\/wp-content\/uploads\/2012\/09\/Alphonse-Normandin02-300x198.jpg 300w\" sizes=\"(max-width: 614px) 100vw, 614px\" \/><\/a><p id=\"caption-attachment-3920\" class=\"wp-caption-text\">Photo : Michel Beauregard<\/p><\/div>\n<p style=\"text-align: justify;\"><span style=\"color: #000000;\">J&rsquo;ai termin\u00e9 hier la publication des photos prises lors de mes derni\u00e8res vacances. Je n&rsquo;ai malheureusement\u00a0pas pu visiter tous les ponts couverts de l&rsquo;Abitibi-T\u00e9miscamingue. Notre ami photographe Michel Beauregard est pass\u00e9 dans cette superbe r\u00e9gion en juillet dernier, environ 2 semaines avant moi. Voici donc 11 photos de ponts que je n&rsquo;ai pas eu la chance de visiter en ao\u00fbt dernier. Merci \u00e0 Michel pour les nouvelles fra\u00eeches et pour les magnifiques clich\u00e9s&#8230;<\/span><\/p>\n<p style=\"text-align: left;\"><!--more Lire la suite--><\/p>\n<p style=\"text-align: center;\">&nbsp;<\/p>\n<div id=\"attachment_3921\" style=\"width: 624px\" class=\"wp-caption aligncenter\"><a href=\"http:\/\/pontscouverts.com\/blogue\/wp-content\/uploads\/2012\/09\/Arche-de-No\u00e901.jpg\"><img aria-describedby=\"caption-attachment-3921\" loading=\"lazy\" class=\"size-full wp-image-3921 \" title=\"Arche-de-No\u00e901\" src=\"http:\/\/pontscouverts.com\/blogue\/wp-content\/uploads\/2012\/09\/Arche-de-No\u00e901.jpg\" alt=\"\" width=\"614\" height=\"401\" srcset=\"https:\/\/pontscouverts.com\/blogue\/wp-content\/uploads\/2012\/09\/Arche-de-No\u00e901.jpg 1024w, https:\/\/pontscouverts.com\/blogue\/wp-content\/uploads\/2012\/09\/Arche-de-No\u00e901-300x195.jpg 300w\" sizes=\"(max-width: 614px) 100vw, 614px\" \/><\/a><p id=\"caption-attachment-3921\" class=\"wp-caption-text\">Photo : Michel Beauregard<\/p><\/div>\n<p style=\"text-align: justify;\"><span style=\"color: #000000;\">Le pont de l&rsquo;Arche-de-No\u00e9 est toujours ferm\u00e9, et pour de bon semble-t-il. Un nouveau pont sera construit, mais n&rsquo;ayez crainte, le pont couvert sera conserv\u00e9.<\/span><\/p>\n<p style=\"text-align: center;\">&nbsp;<\/p>\n<div id=\"attachment_3922\" style=\"width: 624px\" class=\"wp-caption aligncenter\"><a href=\"http:\/\/pontscouverts.com\/blogue\/wp-content\/uploads\/2012\/09\/De_LIle_01.jpg\"><img aria-describedby=\"caption-attachment-3922\" loading=\"lazy\" class=\"size-full wp-image-3922 \" title=\"De_L'Ile_01\" src=\"http:\/\/pontscouverts.com\/blogue\/wp-content\/uploads\/2012\/09\/De_LIle_01.jpg\" alt=\"\" width=\"614\" height=\"407\" srcset=\"https:\/\/pontscouverts.com\/blogue\/wp-content\/uploads\/2012\/09\/De_LIle_01.jpg 1024w, https:\/\/pontscouverts.com\/blogue\/wp-content\/uploads\/2012\/09\/De_LIle_01-300x198.jpg 300w\" sizes=\"(max-width: 614px) 100vw, 614px\" \/><\/a><p id=\"caption-attachment-3922\" class=\"wp-caption-text\">Photo : Michel Beauregard<\/p><\/div>\n<p style=\"text-align: justify;\"><span style=\"color: #000000;\">Le pont de l&rsquo;\u00cele vient de terminer un premier \u00e9t\u00e9 avec son nouveau lambris rouge.<\/span><\/p>\n<p style=\"text-align: justify;\">&nbsp;<\/p>\n<div id=\"attachment_3923\" style=\"width: 624px\" class=\"wp-caption aligncenter\"><a href=\"http:\/\/pontscouverts.com\/blogue\/wp-content\/uploads\/2012\/09\/De-LOrignal01.jpg\"><img aria-describedby=\"caption-attachment-3923\" loading=\"lazy\" class=\"size-full wp-image-3923 \" title=\"De-L'Orignal01\" src=\"http:\/\/pontscouverts.com\/blogue\/wp-content\/uploads\/2012\/09\/De-LOrignal01.jpg\" alt=\"\" width=\"614\" height=\"407\" srcset=\"https:\/\/pontscouverts.com\/blogue\/wp-content\/uploads\/2012\/09\/De-LOrignal01.jpg 1024w, https:\/\/pontscouverts.com\/blogue\/wp-content\/uploads\/2012\/09\/De-LOrignal01-300x198.jpg 300w\" sizes=\"(max-width: 614px) 100vw, 614px\" \/><\/a><p id=\"caption-attachment-3923\" class=\"wp-caption-text\">Photo : Michel Beauregard<\/p><\/div>\n<p style=\"text-align: justify;\"><span style=\"color: #000000;\">Le pont de l&rsquo;Orignal est maintenant le seul des 3 ponts couverts de Rochebaucourt \u00e0 \u00eatre en service. La structure est en bonne condition et il s&rsquo;agit d&rsquo;un lien essentiel entre Amos et Lebel-sur-Qu\u00e9villon.<\/span><\/p>\n<p>&nbsp;<\/p>\n<div id=\"attachment_3924\" style=\"width: 624px\" class=\"wp-caption aligncenter\"><a href=\"http:\/\/pontscouverts.com\/blogue\/wp-content\/uploads\/2012\/09\/De-La-Chute03.jpg\"><img aria-describedby=\"caption-attachment-3924\" loading=\"lazy\" class=\"size-full wp-image-3924 \" title=\"De-La-Chute03\" src=\"http:\/\/pontscouverts.com\/blogue\/wp-content\/uploads\/2012\/09\/De-La-Chute03.jpg\" alt=\"\" width=\"614\" height=\"408\" srcset=\"https:\/\/pontscouverts.com\/blogue\/wp-content\/uploads\/2012\/09\/De-La-Chute03.jpg 1024w, https:\/\/pontscouverts.com\/blogue\/wp-content\/uploads\/2012\/09\/De-La-Chute03-300x199.jpg 300w\" sizes=\"(max-width: 614px) 100vw, 614px\" \/><\/a><p id=\"caption-attachment-3924\" class=\"wp-caption-text\">Photo : Michel Beauregard<\/p><\/div>\n<p style=\"text-align: justify;\"><span style=\"color: #000000;\">Le sort du pont des Chutes n&rsquo;est pas encore connu, mais ses chances de r\u00e9ouverture sont presque nulles. Plus personne n&rsquo;habite de l&rsquo;autre c\u00f4t\u00e9 du pont et le rang se termine en cul-de-sac.<\/span><\/p>\n<p style=\"text-align: center;\">&nbsp;<\/p>\n<div id=\"attachment_3925\" style=\"width: 624px\" class=\"wp-caption aligncenter\"><a href=\"http:\/\/pontscouverts.com\/blogue\/wp-content\/uploads\/2012\/09\/D\u00e9nomm\u00e9e_03.jpg\"><img aria-describedby=\"caption-attachment-3925\" loading=\"lazy\" class=\"size-full wp-image-3925 \" title=\"D\u00e9nomm\u00e9e_03\" src=\"http:\/\/pontscouverts.com\/blogue\/wp-content\/uploads\/2012\/09\/D\u00e9nomm\u00e9e_03.jpg\" alt=\"\" width=\"614\" height=\"407\" srcset=\"https:\/\/pontscouverts.com\/blogue\/wp-content\/uploads\/2012\/09\/D\u00e9nomm\u00e9e_03.jpg 1024w, https:\/\/pontscouverts.com\/blogue\/wp-content\/uploads\/2012\/09\/D\u00e9nomm\u00e9e_03-300x198.jpg 300w\" sizes=\"(max-width: 614px) 100vw, 614px\" \/><\/a><p id=\"caption-attachment-3925\" class=\"wp-caption-text\">Photo : Michel Beauregard<\/p><\/div>\n<p style=\"text-align: justify;\"><span style=\"color: #000000;\">Le pont D\u00e9nomm\u00e9e est saisonnier et m\u00eame s&rsquo;il fermera temporairement avec la premi\u00e8re bord\u00e9e de neige, il fera le bonheur des motoneigistes et des quadistes.<\/span><\/p>\n<p style=\"text-align: center;\">&nbsp;<\/p>\n<div id=\"attachment_3926\" style=\"width: 624px\" class=\"wp-caption aligncenter\"><a href=\"http:\/\/pontscouverts.com\/blogue\/wp-content\/uploads\/2012\/09\/Des_Pionniers_03.jpg\"><img aria-describedby=\"caption-attachment-3926\" loading=\"lazy\" class=\"size-full wp-image-3926 \" title=\"Des_Pionniers_03\" src=\"http:\/\/pontscouverts.com\/blogue\/wp-content\/uploads\/2012\/09\/Des_Pionniers_03.jpg\" alt=\"\" width=\"614\" height=\"407\" srcset=\"https:\/\/pontscouverts.com\/blogue\/wp-content\/uploads\/2012\/09\/Des_Pionniers_03.jpg 1024w, https:\/\/pontscouverts.com\/blogue\/wp-content\/uploads\/2012\/09\/Des_Pionniers_03-300x198.jpg 300w\" sizes=\"(max-width: 614px) 100vw, 614px\" \/><\/a><p id=\"caption-attachment-3926\" class=\"wp-caption-text\">Photo : Michel Beauregard<\/p><\/div>\n<p style=\"text-align: justify;\"><span style=\"color: #000000;\">Quelques poutres ont \u00e9t\u00e9 remplac\u00e9es \u00e0 l&rsquo;int\u00e9rieur du pont des Pionniers de Val-Paradis. C&rsquo;est une bonne nouvelle de voir que ce pont couvert est entretenu.<\/span><\/p>\n<p style=\"text-align: center;\">&nbsp;<\/p>\n<div id=\"attachment_3927\" style=\"width: 624px\" class=\"wp-caption aligncenter\"><a href=\"http:\/\/pontscouverts.com\/blogue\/wp-content\/uploads\/2012\/09\/Landry_02.jpg\"><img aria-describedby=\"caption-attachment-3927\" loading=\"lazy\" class=\"size-full wp-image-3927 \" title=\"Landry_02\" src=\"http:\/\/pontscouverts.com\/blogue\/wp-content\/uploads\/2012\/09\/Landry_02.jpg\" alt=\"\" width=\"614\" height=\"407\" srcset=\"https:\/\/pontscouverts.com\/blogue\/wp-content\/uploads\/2012\/09\/Landry_02.jpg 1024w, https:\/\/pontscouverts.com\/blogue\/wp-content\/uploads\/2012\/09\/Landry_02-300x198.jpg 300w\" sizes=\"(max-width: 614px) 100vw, 614px\" \/><\/a><p id=\"caption-attachment-3927\" class=\"wp-caption-text\">Photo : Michel Beauregard<\/p><\/div>\n<p style=\"text-align: justify;\"><span style=\"color: #000000;\">Le pont Landry a toujours bonne mine depuis le 100e anniversaire de Latulipe-et-Gaboury. Un projet est \u00e0 l&rsquo;\u00e9tude afin d&rsquo;augmenter la capacit\u00e9 portante du pont.<\/span><\/p>\n<p style=\"text-align: center;\">&nbsp;<\/p>\n<div id=\"attachment_3928\" style=\"width: 624px\" class=\"wp-caption aligncenter\"><a href=\"http:\/\/pontscouverts.com\/blogue\/wp-content\/uploads\/2012\/09\/Levasseur04.jpg\"><img aria-describedby=\"caption-attachment-3928\" loading=\"lazy\" class=\"size-full wp-image-3928 \" title=\"Levasseur04\" src=\"http:\/\/pontscouverts.com\/blogue\/wp-content\/uploads\/2012\/09\/Levasseur04.jpg\" alt=\"\" width=\"614\" height=\"408\" srcset=\"https:\/\/pontscouverts.com\/blogue\/wp-content\/uploads\/2012\/09\/Levasseur04.jpg 1024w, https:\/\/pontscouverts.com\/blogue\/wp-content\/uploads\/2012\/09\/Levasseur04-300x199.jpg 300w\" sizes=\"(max-width: 614px) 100vw, 614px\" \/><\/a><p id=\"caption-attachment-3928\" class=\"wp-caption-text\">Photo : Michel Beauregard<\/p><\/div>\n<p style=\"text-align: justify;\"><span style=\"color: #000000;\">Le pont Levasseur offre toujours un paysage aussi champ\u00eatre. Il est encore ferm\u00e9 pour le moment et il ne s&rsquo;agit pas d&rsquo;une priorit\u00e9 puisqu&rsquo;un autre pont se trouve \u00e0 peu de distance.<\/span><\/p>\n<p style=\"text-align: center;\">&nbsp;<\/p>\n<div id=\"attachment_3929\" style=\"width: 624px\" class=\"wp-caption aligncenter\"><a href=\"http:\/\/pontscouverts.com\/blogue\/wp-content\/uploads\/2012\/09\/Souvenirs_06.jpg\"><img aria-describedby=\"caption-attachment-3929\" loading=\"lazy\" class=\"size-full wp-image-3929 \" title=\"Souvenirs_06\" src=\"http:\/\/pontscouverts.com\/blogue\/wp-content\/uploads\/2012\/09\/Souvenirs_06.jpg\" alt=\"\" width=\"614\" height=\"422\" srcset=\"https:\/\/pontscouverts.com\/blogue\/wp-content\/uploads\/2012\/09\/Souvenirs_06.jpg 1024w, https:\/\/pontscouverts.com\/blogue\/wp-content\/uploads\/2012\/09\/Souvenirs_06-300x205.jpg 300w\" sizes=\"(max-width: 614px) 100vw, 614px\" \/><\/a><p id=\"caption-attachment-3929\" class=\"wp-caption-text\">Photo : Michel Beauregard<\/p><\/div>\n<p style=\"text-align: justify;\"><span style=\"color: #000000;\">Le pont des Souvenirs semble rel\u00e9gu\u00e9 aux oubliettes depuis 2 ans. C&rsquo;est dommage car il faut maintenant faire un long d\u00e9tour pour acc\u00e9der \u00e0 la halte municipale et \u00e0 la descente pour bateaux.<\/span><\/p>\n<p style=\"text-align: center;\">&nbsp;<\/p>\n<div id=\"attachment_3930\" style=\"width: 535px\" class=\"wp-caption aligncenter\"><a href=\"http:\/\/pontscouverts.com\/blogue\/wp-content\/uploads\/2012\/09\/Taschereau_02.jpg\"><img aria-describedby=\"caption-attachment-3930\" loading=\"lazy\" class=\"size-full wp-image-3930\" title=\"Taschereau_02\" src=\"http:\/\/pontscouverts.com\/blogue\/wp-content\/uploads\/2012\/09\/Taschereau_02.jpg\" alt=\"\" width=\"525\" height=\"768\" srcset=\"https:\/\/pontscouverts.com\/blogue\/wp-content\/uploads\/2012\/09\/Taschereau_02.jpg 525w, https:\/\/pontscouverts.com\/blogue\/wp-content\/uploads\/2012\/09\/Taschereau_02-205x300.jpg 205w\" sizes=\"(max-width: 525px) 100vw, 525px\" \/><\/a><p id=\"caption-attachment-3930\" class=\"wp-caption-text\">Photo : Michel Beauregard<\/p><\/div>\n<p style=\"text-align: justify;\"><span style=\"color: #000000;\">Terminons par le pont Taschereau qui est sans doute ferm\u00e9 \u00e0 tout jamais lui aussi. Il n&rsquo;y a aucune maison apr\u00e8s le pont et le cultivateur qui l&rsquo;utilisait pour acc\u00e9der \u00e0 ses terres s&rsquo;est construit un nouveau pont de m\u00e9tal. Les bandes oranges sur les blocs de b\u00e9ton sont nouvelles.<\/span><\/p>\n","protected":false},"excerpt":{"rendered":"<p>J&rsquo;ai termin\u00e9 hier la publication des photos prises lors de mes derni\u00e8res vacances. Je n&rsquo;ai malheureusement\u00a0pas pu visiter tous les ponts couverts de l&rsquo;Abitibi-T\u00e9miscamingue. Notre ami photographe Michel Beauregard est pass\u00e9 dans cette superbe r\u00e9gion en juillet dernier, environ 2 semaines avant moi. Voici donc 11 photos de ponts que je n&rsquo;ai pas eu la [&hellip;]<\/p>\n","protected":false},"author":1,"featured_media":0,"comment_status":"open","ping_status":"open","sticky":false,"template":"","format":"standard","meta":[],"categories":[3],"tags":[],"_links":{"self":[{"href":"https:\/\/pontscouverts.com\/blogue\/wp-json\/wp\/v2\/posts\/3918"}],"collection":[{"href":"https:\/\/pontscouverts.com\/blogue\/wp-json\/wp\/v2\/posts"}],"about":[{"href":"https:\/\/pontscouverts.com\/blogue\/wp-json\/wp\/v2\/types\/post"}],"author":[{"embeddable":true,"href":"https:\/\/pontscouverts.com\/blogue\/wp-json\/wp\/v2\/users\/1"}],"replies":[{"embeddable":true,"href":"https:\/\/pontscouverts.com\/blogue\/wp-json\/wp\/v2\/comments?post=3918"}],"version-history":[{"count":12,"href":"https:\/\/pontscouverts.com\/blogue\/wp-json\/wp\/v2\/posts\/3918\/revisions"}],"predecessor-version":[{"id":4126,"href":"https:\/\/pontscouverts.com\/blogue\/wp-json\/wp\/v2\/posts\/3918\/revisions\/4126"}],"wp:attachment":[{"href":"https:\/\/pontscouverts.com\/blogue\/wp-json\/wp\/v2\/media?parent=3918"}],"wp:term":[{"taxonomy":"category","embeddable":true,"href":"https:\/\/pontscouverts.com\/blogue\/wp-json\/wp\/v2\/categories?post=3918"},{"taxonomy":"post_tag","embeddable":true,"href":"https:\/\/pontscouverts.com\/blogue\/wp-json\/wp\/v2\/tags?post=3918"}],"curies":[{"name":"wp","href":"https:\/\/api.w.org\/{rel}","templated":true}]}}