{"id":36776,"date":"2023-03-28T23:00:07","date_gmt":"2023-03-29T03:00:07","guid":{"rendered":"https:\/\/pontscouverts.com\/blogue\/?p=36776"},"modified":"2023-03-28T15:46:19","modified_gmt":"2023-03-28T19:46:19","slug":"de-recentes-cartes-postales-du-pont-levasseur","status":"publish","type":"post","link":"https:\/\/pontscouverts.com\/blogue\/2023\/03\/28\/de-recentes-cartes-postales-du-pont-levasseur\/","title":{"rendered":"De r\u00e9centes cartes postales du pont Levasseur"},"content":{"rendered":"<div style=\"width: 2721px\" class=\"wp-caption alignnone align justify\"><a href=\"https:\/\/pontscouverts.com\/blogue\/wp-content\/uploads\/2023\/03\/IMG_7996.jpeg\"><img loading=\"lazy\" class=\"wp-image-36777 size-full\" src=\"https:\/\/pontscouverts.com\/blogue\/wp-content\/uploads\/2023\/03\/IMG_7996.jpeg\" alt=\"\" width=\"2711\" height=\"3618\" srcset=\"https:\/\/pontscouverts.com\/blogue\/wp-content\/uploads\/2023\/03\/IMG_7996.jpeg 2711w, https:\/\/pontscouverts.com\/blogue\/wp-content\/uploads\/2023\/03\/IMG_7996-225x300.jpeg 225w, https:\/\/pontscouverts.com\/blogue\/wp-content\/uploads\/2023\/03\/IMG_7996-768x1025.jpeg 768w, https:\/\/pontscouverts.com\/blogue\/wp-content\/uploads\/2023\/03\/IMG_7996-767x1024.jpeg 767w, https:\/\/pontscouverts.com\/blogue\/wp-content\/uploads\/2023\/03\/IMG_7996-624x833.jpeg 624w\" sizes=\"(max-width: 2711px) 100vw, 2711px\" \/><\/a><p class=\"wp-caption-text\">Production : G. Bergeron \/ Photos : G. Arbour<\/p><\/div>\n<p style=\"text-align: justify;\"><span style=\"color: #000000;\">Monsieur Gilles Bergeron, fier r\u00e9sident d&rsquo;Authier-Nord, a produit l&rsquo;ann\u00e9e derni\u00e8re 2 nouvelles cartes postales mettant \u00e0 l&rsquo;honneur le <a href=\"https:\/\/pontscouverts.com\/blogue\/pont-levasseur\/\"><span style=\"color: #0000ff;\">pont Levasseur<\/span><\/a>, un bien patrimonial dont il prend la d\u00e9fense depuis des ann\u00e9es. M. Bergeron a utilis\u00e9 des photos de G\u00e9rald Arbour pour cette nouvelle production. Rappelons qu&rsquo;e<span style=\"font-size: 1rem;\">n mars 2014, deux cartes postales avaient \u00e9t\u00e9 produites et envoy\u00e9es aux diff\u00e9rents minist\u00e8res et d\u00e9put\u00e9s locaux afin de demander la r\u00e9ouverture du pont couvert. Une p\u00e9tition de 900 noms avait \u00e9galement \u00e9t\u00e9 remise au d\u00e9put\u00e9 d\u2019Abitibi-Ouest. C\u2019est monsieur Gilles Bergeron qui avait\u00a0<\/span>initi\u00e9<span style=\"font-size: 1rem;\">\u00a0<\/span>ces<span style=\"font-size: 1rem;\">\u00a0actions.<\/span><\/span><\/p>\n\n\t\t<style type=\"text\/css\">\n\t\t\t#gallery-1 {\n\t\t\t\tmargin: auto;\n\t\t\t}\n\t\t\t#gallery-1 .gallery-item {\n\t\t\t\tfloat: left;\n\t\t\t\tmargin-top: 10px;\n\t\t\t\ttext-align: center;\n\t\t\t\twidth: 100%;\n\t\t\t}\n\t\t\t#gallery-1 img {\n\t\t\t\tborder: 2px solid #cfcfcf;\n\t\t\t}\n\t\t\t#gallery-1 .gallery-caption {\n\t\t\t\tmargin-left: 0;\n\t\t\t}\n\t\t\t\/* see gallery_shortcode() in wp-includes\/media.php *\/\n\t\t<\/style>\n\t\t<div id='gallery-1' class='gallery galleryid-36776 gallery-columns-1 gallery-size-medium'><dl class='gallery-item'>\n\t\t\t<dt class='gallery-icon portrait'>\n\t\t\t\t<a href='https:\/\/pontscouverts.com\/blogue\/wp-content\/uploads\/2023\/03\/IMG_7997-e1680032703487.jpeg'><img width=\"217\" height=\"300\" src=\"https:\/\/pontscouverts.com\/blogue\/wp-content\/uploads\/2023\/03\/IMG_7997-e1680032703487-217x300.jpeg\" class=\"attachment-medium size-medium\" alt=\"\" loading=\"lazy\" aria-describedby=\"gallery-1-36779\" srcset=\"https:\/\/pontscouverts.com\/blogue\/wp-content\/uploads\/2023\/03\/IMG_7997-e1680032703487-217x300.jpeg 217w, https:\/\/pontscouverts.com\/blogue\/wp-content\/uploads\/2023\/03\/IMG_7997-e1680032703487-768x1059.jpeg 768w, https:\/\/pontscouverts.com\/blogue\/wp-content\/uploads\/2023\/03\/IMG_7997-e1680032703487-742x1024.jpeg 742w, https:\/\/pontscouverts.com\/blogue\/wp-content\/uploads\/2023\/03\/IMG_7997-e1680032703487-624x861.jpeg 624w\" sizes=\"(max-width: 217px) 100vw, 217px\" \/><\/a>\n\t\t\t<\/dt>\n\t\t\t\t<dd class='wp-caption-text gallery-caption' id='gallery-1-36779'>\n\t\t\t\tProduction : G. Bergeron \/ Photos : G. Arbour\n\t\t\t\t<\/dd><\/dl><br style=\"clear: both\" \/>\n\t\t<\/div>\n\n","protected":false},"excerpt":{"rendered":"<p>Monsieur Gilles Bergeron, fier r\u00e9sident d&rsquo;Authier-Nord, a produit l&rsquo;ann\u00e9e derni\u00e8re 2 nouvelles cartes postales mettant \u00e0 l&rsquo;honneur le pont Levasseur, un bien patrimonial dont il prend la d\u00e9fense depuis des ann\u00e9es. M. Bergeron a utilis\u00e9 des photos de G\u00e9rald Arbour pour cette nouvelle production. Rappelons qu&rsquo;en mars 2014, deux cartes postales avaient \u00e9t\u00e9 produites et [&hellip;]<\/p>\n","protected":false},"author":1,"featured_media":0,"comment_status":"open","ping_status":"open","sticky":false,"template":"","format":"standard","meta":[],"categories":[3],"tags":[],"_links":{"self":[{"href":"https:\/\/pontscouverts.com\/blogue\/wp-json\/wp\/v2\/posts\/36776"}],"collection":[{"href":"https:\/\/pontscouverts.com\/blogue\/wp-json\/wp\/v2\/posts"}],"about":[{"href":"https:\/\/pontscouverts.com\/blogue\/wp-json\/wp\/v2\/types\/post"}],"author":[{"embeddable":true,"href":"https:\/\/pontscouverts.com\/blogue\/wp-json\/wp\/v2\/users\/1"}],"replies":[{"embeddable":true,"href":"https:\/\/pontscouverts.com\/blogue\/wp-json\/wp\/v2\/comments?post=36776"}],"version-history":[{"count":2,"href":"https:\/\/pontscouverts.com\/blogue\/wp-json\/wp\/v2\/posts\/36776\/revisions"}],"predecessor-version":[{"id":36780,"href":"https:\/\/pontscouverts.com\/blogue\/wp-json\/wp\/v2\/posts\/36776\/revisions\/36780"}],"wp:attachment":[{"href":"https:\/\/pontscouverts.com\/blogue\/wp-json\/wp\/v2\/media?parent=36776"}],"wp:term":[{"taxonomy":"category","embeddable":true,"href":"https:\/\/pontscouverts.com\/blogue\/wp-json\/wp\/v2\/categories?post=36776"},{"taxonomy":"post_tag","embeddable":true,"href":"https:\/\/pontscouverts.com\/blogue\/wp-json\/wp\/v2\/tags?post=36776"}],"curies":[{"name":"wp","href":"https:\/\/api.w.org\/{rel}","templated":true}]}}