{"id":3562,"date":"2012-08-07T23:00:44","date_gmt":"2012-08-08T03:00:44","guid":{"rendered":"http:\/\/pontscouverts.com\/blogue\/?p=3562"},"modified":"2012-08-04T10:27:04","modified_gmt":"2012-08-04T14:27:04","slug":"la-fete-au-vieux-pont-perrault-edition-2012","status":"publish","type":"post","link":"https:\/\/pontscouverts.com\/blogue\/2012\/08\/07\/la-fete-au-vieux-pont-perrault-edition-2012\/","title":{"rendered":"La f\u00eate au Vieux pont Perrault, \u00e9dition 2012"},"content":{"rendered":"<p style=\"text-align: center;\"><a href=\"http:\/\/pontscouverts.com\/blogue\/wp-content\/uploads\/2012\/08\/DSCN7813.jpg\"><img loading=\"lazy\" class=\"aligncenter size-full wp-image-3567\" title=\"DSCN7813\" src=\"http:\/\/pontscouverts.com\/blogue\/wp-content\/uploads\/2012\/08\/DSCN7813.jpg\" alt=\"\" width=\"640\" height=\"480\" srcset=\"https:\/\/pontscouverts.com\/blogue\/wp-content\/uploads\/2012\/08\/DSCN7813.jpg 800w, https:\/\/pontscouverts.com\/blogue\/wp-content\/uploads\/2012\/08\/DSCN7813-300x225.jpg 300w\" sizes=\"(max-width: 640px) 100vw, 640px\" \/><\/a><\/p>\n<p style=\"text-align: justify;\"><span style=\"color: #000000;\">C&rsquo;est vendredi prochain que d\u00e9bute l&rsquo;\u00e9dition 2012 de <em>La f\u00eate au Vieux pont<\/em> de Notre-Dame-des-Pins. L&rsquo;\u00e9v\u00e9nement se d\u00e9roulera sur le site du pont Perrault. De nombreuses activit\u00e9s sont pr\u00e9vues pendant ces 3 journ\u00e9es de festivit\u00e9s. Voici la programmation compl\u00e8te de cet \u00e9v\u00e9nement tr\u00e8s attendu&#8230;<\/span><\/p>\n<p><span style=\"color: #000000;\"><!--more Lire la suite--><\/span><\/p>\n<p><span style=\"color: #000000;\"><br \/>\n<\/span><\/p>\n<table border=\"0\" cellspacing=\"1\" cellpadding=\"1\">\n<tbody>\n<tr>\n<td style=\"text-align: center;\"><strong> Programmation de \u00ab La f\u00eate au Vieux pont\u00bb<\/strong><\/td>\n<\/tr>\n<\/tbody>\n<\/table>\n<p style=\"text-align: center;\"><img src=\"http:\/\/notredamedespins.qc.ca\/files\/Images\/programme_web.jpg\" alt=\"\" \/><\/p>\n<p><strong><em>Informations suppl\u00e9mentaires sur les activit\u00e9s\u00a0qui se d\u00e9rouleront le 11 et le 12 ao\u00fbt 2012<\/em><\/strong><\/p>\n<p style=\"text-align: justify;\"><strong> <\/strong><strong>Randonn\u00e9e en v\u00e9lo (samedi 11 ao\u00fbt) <\/strong><br \/>\nLe d\u00e9part d&rsquo;une randonn\u00e9e familiale en v\u00e9lo se fera \u00e0\u00a0<strong>11h samedi matin<\/strong> sur le site du pont couvert. \u00a0Les inscriptions se feront en face du kiosque d\u00e8s 10h. Un bracelet sera remis au d\u00e9part \u00e0 chaque participant ainsi qu&rsquo;un billet pour le<strong>tirage d&rsquo;un v\u00e9lo<\/strong><em> (don de la clinique du bicycle de St -Georges)<\/em>. Un autre billet sera remis \u00e0 tous ceux et celles qui se rendront jusqu&rsquo;aux Serres B\u00e9gin (par la piste cyclable) et un 3e billet \u00e0 ceux et celles qui se rendront jusqu&rsquo;au pied de la route de St-Benoit (des 40 arpents). \u00a0Des policiers seront sur place pour buriner vos v\u00e9los gratuitement. Cette activit\u00e9 est\u00a0<strong>gratuite<\/strong> et ce n&rsquo;est pas une course, chacun va \u00e0 son rythme.<\/p>\n<p style=\"text-align: justify;\"><strong> <\/strong><strong>Journ\u00e9e familiale (samedi 11 ao\u00fbt) <\/strong><br \/>\nPlusieurs activit\u00e9s seront offertes gratuitement sur le site du pont\u00a0<strong>samedi<\/strong> toute la journ\u00e9e. Amuseurs public, mini-cirque, jeux gonflables, clowns, circuit de petites autos \u00e9lectriques, kiosques de jeux d&rsquo;habilet\u00e9s seront pr\u00e9sents d\u00e8s 11h. En fin d&rsquo;apr\u00e8s-midi, un concours de lipsing pour enfants et adolescents sera pr\u00e9sent\u00e9 sous le grand Chapiteau Desjardins (inscription\u00a0:\u00a0<a href=\"mailto:sylviepoulin14@yahoo.ca\">sylviepoulin14@yahoo.ca<\/a>). Ce concours pr\u00e9c\u00e9dera un souper spaghetti qui sera offert au co\u00fbt de 10$.<\/p>\n<p style=\"text-align: justify;\"><strong> <\/strong><strong>Course de canards sur la Rivi\u00e8re Gilbert (dimanche 12 ao\u00fbt)<\/strong><br \/>\nUne course de canards aura lieu sur la rivi\u00e8re Gilbert (ou sur la rivi\u00e8re Chaudi\u00e8re s&rsquo;il n&rsquo;y a pas assez d&rsquo;eau)\u00a0<strong>\u00e0 midi le dimanche 12 ao\u00fbt<\/strong>. Vous pouvez acheter un canard au co\u00fbt de 5$ au kiosque du Pont couvert ou aupr\u00e8s de vendeurs b\u00e9n\u00e9voles qui passeront chez-vous. Le nom du gagnant qui se m\u00e9ritera la somme de 100$ sera d\u00e9voil\u00e9 en fin d&rsquo;apr\u00e8s-midi sous le grand Chapiteau Desjardins.<\/p>\n<p style=\"text-align: justify;\"><strong> <\/strong><strong> <\/strong><strong>Gala amateur (dimanche 12 ao\u00fbt)<\/strong><br \/>\nUn gala amateur libre sera pr\u00e9sent\u00e9 sous le grand Chapiteau Desjardins\u00a0<strong>en apr\u00e8s-midi le dimanche 12 ao\u00fbt. <\/strong>Les artistes de tous les niveaux (chanteur, danseur, musicien, conteur, jongleur\u2026) sont invit\u00e9s \u00e0 pr\u00e9senter leur talent. L&rsquo;ensemble du gala sera supervis\u00e9 et anim\u00e9 par le groupe\u00a0<em>Geminix<\/em>. L&rsquo;inscription, au co\u00fbt de 10$ se fera sur le site \u00e0 partir de 10h. Des prix de pr\u00e9sence pour les participants seront remis.<\/p>\n<p style=\"text-align: justify;\"><strong> <\/strong><strong>Exposition de voitures d\u00e9capotables (dimanche 12 ao\u00fbt)<\/strong><br \/>\nLes propri\u00e9taires de belles voitures d\u00e9capotables sont invit\u00e9s \u00e0 venir exposer leur petit bijou sur le site du pont en<strong>apr\u00e8s-midi le dimanche 12 ao\u00fbt. <\/strong>L&rsquo;inscription, au co\u00fbt de 10$ se fera sur le site \u00e0 partir de 10h. L&rsquo;entr\u00e9e sous la tente sera gratuite pour les exposants.<\/p>\n<p><em>Merci de participer !!!<\/em><\/p>\n<p style=\"text-align: center;\"><a href=\"http:\/\/pontscouverts.com\/blogue\/wp-content\/uploads\/2012\/08\/P8020281.jpg\"><img loading=\"lazy\" class=\"aligncenter size-full wp-image-3568\" title=\"OLYMPUS DIGITAL CAMERA\" src=\"http:\/\/pontscouverts.com\/blogue\/wp-content\/uploads\/2012\/08\/P8020281.jpg\" alt=\"\" width=\"640\" height=\"480\" srcset=\"https:\/\/pontscouverts.com\/blogue\/wp-content\/uploads\/2012\/08\/P8020281.jpg 800w, https:\/\/pontscouverts.com\/blogue\/wp-content\/uploads\/2012\/08\/P8020281-300x225.jpg 300w\" sizes=\"(max-width: 640px) 100vw, 640px\" \/><\/a><\/p>\n","protected":false},"excerpt":{"rendered":"<p>C&rsquo;est vendredi prochain que d\u00e9bute l&rsquo;\u00e9dition 2012 de La f\u00eate au Vieux pont de Notre-Dame-des-Pins. L&rsquo;\u00e9v\u00e9nement se d\u00e9roulera sur le site du pont Perrault. De nombreuses activit\u00e9s sont pr\u00e9vues pendant ces 3 journ\u00e9es de festivit\u00e9s. Voici la programmation compl\u00e8te de cet \u00e9v\u00e9nement tr\u00e8s attendu&#8230;<\/p>\n","protected":false},"author":1,"featured_media":0,"comment_status":"open","ping_status":"open","sticky":false,"template":"","format":"standard","meta":[],"categories":[3],"tags":[],"_links":{"self":[{"href":"https:\/\/pontscouverts.com\/blogue\/wp-json\/wp\/v2\/posts\/3562"}],"collection":[{"href":"https:\/\/pontscouverts.com\/blogue\/wp-json\/wp\/v2\/posts"}],"about":[{"href":"https:\/\/pontscouverts.com\/blogue\/wp-json\/wp\/v2\/types\/post"}],"author":[{"embeddable":true,"href":"https:\/\/pontscouverts.com\/blogue\/wp-json\/wp\/v2\/users\/1"}],"replies":[{"embeddable":true,"href":"https:\/\/pontscouverts.com\/blogue\/wp-json\/wp\/v2\/comments?post=3562"}],"version-history":[{"count":10,"href":"https:\/\/pontscouverts.com\/blogue\/wp-json\/wp\/v2\/posts\/3562\/revisions"}],"predecessor-version":[{"id":3574,"href":"https:\/\/pontscouverts.com\/blogue\/wp-json\/wp\/v2\/posts\/3562\/revisions\/3574"}],"wp:attachment":[{"href":"https:\/\/pontscouverts.com\/blogue\/wp-json\/wp\/v2\/media?parent=3562"}],"wp:term":[{"taxonomy":"category","embeddable":true,"href":"https:\/\/pontscouverts.com\/blogue\/wp-json\/wp\/v2\/categories?post=3562"},{"taxonomy":"post_tag","embeddable":true,"href":"https:\/\/pontscouverts.com\/blogue\/wp-json\/wp\/v2\/tags?post=3562"}],"curies":[{"name":"wp","href":"https:\/\/api.w.org\/{rel}","templated":true}]}}