{"id":34710,"date":"2022-04-10T23:00:07","date_gmt":"2022-04-11T03:00:07","guid":{"rendered":"https:\/\/pontscouverts.com\/blogue\/?p=34710"},"modified":"2022-04-10T09:57:44","modified_gmt":"2022-04-10T13:57:44","slug":"des-travaux-en-2023-sur-le-pont-de-st-placide","status":"publish","type":"post","link":"https:\/\/pontscouverts.com\/blogue\/2022\/04\/10\/des-travaux-en-2023-sur-le-pont-de-st-placide\/","title":{"rendered":"Des travaux en 2023 sur le pont de St-Placide"},"content":{"rendered":"<div id=\"attachment_34695\" style=\"width: 1187px\" class=\"wp-caption alignnone\"><a href=\"https:\/\/pontscouverts.com\/blogue\/wp-content\/uploads\/2022\/04\/PXL_20220402_171146159.jpeg\"><img aria-describedby=\"caption-attachment-34695\" loading=\"lazy\" class=\"size-full wp-image-34695\" src=\"https:\/\/pontscouverts.com\/blogue\/wp-content\/uploads\/2022\/04\/PXL_20220402_171146159.jpeg\" alt=\"\" width=\"1177\" height=\"883\" srcset=\"https:\/\/pontscouverts.com\/blogue\/wp-content\/uploads\/2022\/04\/PXL_20220402_171146159.jpeg 1177w, https:\/\/pontscouverts.com\/blogue\/wp-content\/uploads\/2022\/04\/PXL_20220402_171146159-e1649087278940-150x112.jpeg 150w, https:\/\/pontscouverts.com\/blogue\/wp-content\/uploads\/2022\/04\/PXL_20220402_171146159-300x225.jpeg 300w, https:\/\/pontscouverts.com\/blogue\/wp-content\/uploads\/2022\/04\/PXL_20220402_171146159-768x576.jpeg 768w, https:\/\/pontscouverts.com\/blogue\/wp-content\/uploads\/2022\/04\/PXL_20220402_171146159-1024x768.jpeg 1024w, https:\/\/pontscouverts.com\/blogue\/wp-content\/uploads\/2022\/04\/PXL_20220402_171146159-624x468.jpeg 624w\" sizes=\"(max-width: 1177px) 100vw, 1177px\" \/><\/a><p id=\"caption-attachment-34695\" class=\"wp-caption-text\">Michael Carpentier Avril 2022<\/p><\/div>\n<p style=\"text-align: justify;\"><span style=\"color: #000000;\">Le <a href=\"https:\/\/pontscouverts.com\/blogue\/pont-de-st-placide\/\"><span style=\"color: #0000ff;\">pont de St-Placide<\/span><\/a> fera l&rsquo;objet d&rsquo;importants travaux en 2023. C&rsquo;est le MTQ qui a annonc\u00e9 cette excellente nouvelle il y a quelques jours au maire de Baie-St-Paul. D&rsquo;ici l\u00e0, si j&rsquo;ai bien compris, la couverture endommag\u00e9e par la neige sera \u00e9ventuellement retir\u00e9e afin de rendre le pont \u00e0 nouveau accessible. Je joins \u00e0 ce billet des liens vers d&rsquo;autres articles compl\u00e9mentaires \u00e0 ceux publi\u00e9s la semaine derni\u00e8re. Le dernier comporte un reportage vid\u00e9o :\u00a0<\/span><\/p>\n<ul>\n<li><a href=\"https:\/\/www.lecharlevoisien.com\/2022\/04\/07\/des-travaux-majeurs-sur-le-pont-couvert-de-saint-placide-en-2023\/\" target=\"_blank\" rel=\"noopener\"><strong><span style=\"color: #0000ff;\">Des travaux majeurs sur le pont couvert de Saint-Placide en 2023<\/span><\/strong><\/a><\/li>\n<li><a href=\"https:\/\/cimtchau.ca\/nouvelles\/pont-de-saint-placide-la-priorite-du-mtq-est-de-rouvrir-la-structure\/\" target=\"_blank\" rel=\"noopener\"><strong><span style=\"color: #0000ff;\">Pont de Saint-Placide : aucune date n\u2019a \u00e9t\u00e9 fix\u00e9e pour sa r\u00e9ouverture<\/span><\/strong><\/a><\/li>\n<li><a href=\"https:\/\/cimtchau.ca\/nouvelles\/baie-saint-paul-la-neige-a-raison-du-pont-de-saint-placide-temporairement\/\" target=\"_blank\" rel=\"noopener\"><strong><span style=\"color: #0000ff;\">Baie-Saint-Paul : La neige a raison du pont de Saint-Placide temporairement<\/span><\/strong><\/a><\/li>\n<\/ul>\n<p>&nbsp;<\/p>\n","protected":false},"excerpt":{"rendered":"<p>Le pont de St-Placide fera l&rsquo;objet d&rsquo;importants travaux en 2023. C&rsquo;est le MTQ qui a annonc\u00e9 cette excellente nouvelle il y a quelques jours au maire de Baie-St-Paul. D&rsquo;ici l\u00e0, si j&rsquo;ai bien compris, la couverture endommag\u00e9e par la neige sera \u00e9ventuellement retir\u00e9e afin de rendre le pont \u00e0 nouveau accessible. Je joins \u00e0 ce [&hellip;]<\/p>\n","protected":false},"author":1,"featured_media":0,"comment_status":"open","ping_status":"open","sticky":false,"template":"","format":"standard","meta":[],"categories":[3,1],"tags":[],"_links":{"self":[{"href":"https:\/\/pontscouverts.com\/blogue\/wp-json\/wp\/v2\/posts\/34710"}],"collection":[{"href":"https:\/\/pontscouverts.com\/blogue\/wp-json\/wp\/v2\/posts"}],"about":[{"href":"https:\/\/pontscouverts.com\/blogue\/wp-json\/wp\/v2\/types\/post"}],"author":[{"embeddable":true,"href":"https:\/\/pontscouverts.com\/blogue\/wp-json\/wp\/v2\/users\/1"}],"replies":[{"embeddable":true,"href":"https:\/\/pontscouverts.com\/blogue\/wp-json\/wp\/v2\/comments?post=34710"}],"version-history":[{"count":3,"href":"https:\/\/pontscouverts.com\/blogue\/wp-json\/wp\/v2\/posts\/34710\/revisions"}],"predecessor-version":[{"id":34713,"href":"https:\/\/pontscouverts.com\/blogue\/wp-json\/wp\/v2\/posts\/34710\/revisions\/34713"}],"wp:attachment":[{"href":"https:\/\/pontscouverts.com\/blogue\/wp-json\/wp\/v2\/media?parent=34710"}],"wp:term":[{"taxonomy":"category","embeddable":true,"href":"https:\/\/pontscouverts.com\/blogue\/wp-json\/wp\/v2\/categories?post=34710"},{"taxonomy":"post_tag","embeddable":true,"href":"https:\/\/pontscouverts.com\/blogue\/wp-json\/wp\/v2\/tags?post=34710"}],"curies":[{"name":"wp","href":"https:\/\/api.w.org\/{rel}","templated":true}]}}