{"id":34680,"date":"2022-04-03T23:00:55","date_gmt":"2022-04-04T03:00:55","guid":{"rendered":"https:\/\/pontscouverts.com\/blogue\/?p=34680"},"modified":"2022-04-03T16:02:21","modified_gmt":"2022-04-03T20:02:21","slug":"toiture-endommagee-fermeture-durgence-du-pont-de-st-placide","status":"publish","type":"post","link":"https:\/\/pontscouverts.com\/blogue\/2022\/04\/03\/toiture-endommagee-fermeture-durgence-du-pont-de-st-placide\/","title":{"rendered":"Toiture endommag\u00e9e : fermeture d&rsquo;urgence du pont de St-Placide"},"content":{"rendered":"<div id=\"attachment_23724\" style=\"width: 2058px\" class=\"wp-caption alignnone\"><a href=\"https:\/\/pontscouverts.com\/blogue\/wp-content\/uploads\/2019\/03\/53320133_2277229349269581_6830297954096513024_n-1.jpg\"><img aria-describedby=\"caption-attachment-23724\" loading=\"lazy\" class=\"size-full wp-image-23724\" src=\"https:\/\/pontscouverts.com\/blogue\/wp-content\/uploads\/2019\/03\/53320133_2277229349269581_6830297954096513024_n-1.jpg\" alt=\"\" width=\"2048\" height=\"1152\" srcset=\"https:\/\/pontscouverts.com\/blogue\/wp-content\/uploads\/2019\/03\/53320133_2277229349269581_6830297954096513024_n-1.jpg 2048w, https:\/\/pontscouverts.com\/blogue\/wp-content\/uploads\/2019\/03\/53320133_2277229349269581_6830297954096513024_n-1-300x169.jpg 300w, https:\/\/pontscouverts.com\/blogue\/wp-content\/uploads\/2019\/03\/53320133_2277229349269581_6830297954096513024_n-1-768x432.jpg 768w, https:\/\/pontscouverts.com\/blogue\/wp-content\/uploads\/2019\/03\/53320133_2277229349269581_6830297954096513024_n-1-1024x576.jpg 1024w\" sizes=\"(max-width: 2048px) 100vw, 2048px\" \/><\/a><p id=\"caption-attachment-23724\" class=\"wp-caption-text\">Pierrick Bouchard Mars 2019<\/p><\/div>\n<p style=\"text-align: justify;\"><span style=\"color: #000000;\">La toiture du <a href=\"https:\/\/pontscouverts.com\/blogue\/pont-de-st-placide\/\"><span style=\"color: #0000ff;\">pont couvert de St-Placide<\/span><\/a> a \u00e9t\u00e9 fortement endommag\u00e9e vendredi dernier. Le poids de la neige est responsable de cet accident. Plusieurs chevrons ont c\u00e9d\u00e9 et des poutres sont aussi fissur\u00e9es. La structure a rapidement \u00e9t\u00e9 ferm\u00e9e par le MTQ et une inspection aurait eu lieu samedi dernier. Plus de d\u00e9tails sont bien s\u00fbr \u00e0 venir. Merci aux nombreux collaborateurs et amis qui m&rsquo;ont pr\u00e9venu de cette triste nouvelle et qui m&rsquo;ont envoy\u00e9 les liens vers les articles qu&rsquo;on retrouve ci-bas. Demain je ferai un billet sp\u00e9cial avec de nombreuses photos exclusives prises par un gentil voisin du c\u00e9l\u00e8bre pont couvert.<\/span><\/p>\n<ul>\n<li><a href=\"https:\/\/www.lecharlevoisien.com\/2022\/04\/02\/endommage-par-le-poids-de-la-neige-le-pont-couvert-de-saint-placide-a-ete-ferme-durgence\/?fbclid=IwAR31vUat2pA1gSxGU5ngIKqz4HofbgxGqUUFOpTQ2fj-oMO8zLMD75O43ZE\" target=\"_blank\" rel=\"noopener\"><strong><span style=\"color: #0000ff;\">Endommag\u00e9 par le poids de la neige, le pont couvert de Saint-Placide a \u00e9t\u00e9 ferm\u00e9 d\u2019urgence<\/span><\/strong><\/a><\/li>\n<li><a href=\"https:\/\/cihofm.com\/news\/le-pont-couvert-de-saint-placide-ferme-a-la-circulation\/\" target=\"_blank\" rel=\"noopener\"><strong><span style=\"color: #0000ff;\">Le toit du pont couvert de Saint-Placide c\u00e8de sous le poids de la neige<\/span><\/strong><\/a><\/li>\n<li><a href=\"https:\/\/www.lecharlevoisien.com\/2022\/04\/02\/le-pont-de-saint-placide-demeure-ferme-pour-une-periode-indeterminee\/?fbclid=IwAR1mB2YSqQ0MBqjJ4b1qLuTl9P1kRDAR_QC4bA6eAXO_LYSYWp7bD0h9ipg\" target=\"_blank\" rel=\"noopener\"><strong><span style=\"color: #0000ff;\">Le pont de Saint-Placide demeure ferm\u00e9 pour une p\u00e9riode ind\u00e9termin\u00e9e<\/span><\/strong><\/a><\/li>\n<\/ul>\n","protected":false},"excerpt":{"rendered":"<p>La toiture du pont couvert de St-Placide a \u00e9t\u00e9 fortement endommag\u00e9e vendredi dernier. Le poids de la neige est responsable de cet accident. Plusieurs chevrons ont c\u00e9d\u00e9 et des poutres sont aussi fissur\u00e9es. La structure a rapidement \u00e9t\u00e9 ferm\u00e9e par le MTQ et une inspection aurait eu lieu samedi dernier. Plus de d\u00e9tails sont bien [&hellip;]<\/p>\n","protected":false},"author":1,"featured_media":0,"comment_status":"open","ping_status":"open","sticky":false,"template":"","format":"standard","meta":[],"categories":[3],"tags":[],"_links":{"self":[{"href":"https:\/\/pontscouverts.com\/blogue\/wp-json\/wp\/v2\/posts\/34680"}],"collection":[{"href":"https:\/\/pontscouverts.com\/blogue\/wp-json\/wp\/v2\/posts"}],"about":[{"href":"https:\/\/pontscouverts.com\/blogue\/wp-json\/wp\/v2\/types\/post"}],"author":[{"embeddable":true,"href":"https:\/\/pontscouverts.com\/blogue\/wp-json\/wp\/v2\/users\/1"}],"replies":[{"embeddable":true,"href":"https:\/\/pontscouverts.com\/blogue\/wp-json\/wp\/v2\/comments?post=34680"}],"version-history":[{"count":6,"href":"https:\/\/pontscouverts.com\/blogue\/wp-json\/wp\/v2\/posts\/34680\/revisions"}],"predecessor-version":[{"id":34689,"href":"https:\/\/pontscouverts.com\/blogue\/wp-json\/wp\/v2\/posts\/34680\/revisions\/34689"}],"wp:attachment":[{"href":"https:\/\/pontscouverts.com\/blogue\/wp-json\/wp\/v2\/media?parent=34680"}],"wp:term":[{"taxonomy":"category","embeddable":true,"href":"https:\/\/pontscouverts.com\/blogue\/wp-json\/wp\/v2\/categories?post=34680"},{"taxonomy":"post_tag","embeddable":true,"href":"https:\/\/pontscouverts.com\/blogue\/wp-json\/wp\/v2\/tags?post=34680"}],"curies":[{"name":"wp","href":"https:\/\/api.w.org\/{rel}","templated":true}]}}