{"id":29539,"date":"2020-09-24T22:13:59","date_gmt":"2020-09-25T02:13:59","guid":{"rendered":"http:\/\/pontscouverts.com\/blogue\/?p=29539"},"modified":"2020-09-25T15:41:36","modified_gmt":"2020-09-25T19:41:36","slug":"un-incendie-criminel-ravage-le-pont-davy","status":"publish","type":"post","link":"https:\/\/pontscouverts.com\/blogue\/2020\/09\/24\/un-incendie-criminel-ravage-le-pont-davy\/","title":{"rendered":"Un incendie criminel ravage le pont Davy"},"content":{"rendered":"<div id=\"attachment_29540\" style=\"width: 1034px\" class=\"wp-caption alignnone\"><a href=\"http:\/\/pontscouverts.com\/blogue\/wp-content\/uploads\/2020\/09\/DJI_018.jpg\"><img aria-describedby=\"caption-attachment-29540\" loading=\"lazy\" class=\"wp-image-29540 size-full\" src=\"http:\/\/pontscouverts.com\/blogue\/wp-content\/uploads\/2020\/09\/DJI_018.jpg\" alt=\"\" width=\"1024\" height=\"576\" srcset=\"https:\/\/pontscouverts.com\/blogue\/wp-content\/uploads\/2020\/09\/DJI_018.jpg 1024w, https:\/\/pontscouverts.com\/blogue\/wp-content\/uploads\/2020\/09\/DJI_018-e1600999827373-150x84.jpg 150w, https:\/\/pontscouverts.com\/blogue\/wp-content\/uploads\/2020\/09\/DJI_018-300x169.jpg 300w, https:\/\/pontscouverts.com\/blogue\/wp-content\/uploads\/2020\/09\/DJI_018-768x432.jpg 768w\" sizes=\"(max-width: 1024px) 100vw, 1024px\" \/><\/a><p id=\"caption-attachment-29540\" class=\"wp-caption-text\">Photo : Pascal Perreault<\/p><\/div>\n<p style=\"text-align: justify;\"><span style=\"color: #000000;\">La semaine se termine par une bien triste nouvelle. C&rsquo;est dans la soir\u00e9e du mercredi 23 septembre qu&rsquo;un incendie suspect s&rsquo;est d\u00e9clar\u00e9 au <a href=\"http:\/\/pontscouverts.com\/blogue\/pont-davy\/\"><span style=\"color: #0000ff;\">pont Davy<\/span><\/a>. Un citoyen de St-Dominique aurait pr\u00e9venu la municipalit\u00e9 qu&rsquo;un incendie s&rsquo;\u00e9tait d\u00e9clar\u00e9 le soir m\u00eame. La SQ a aussit\u00f4t class\u00e9 ce feu comme suspect et une enqu\u00eate a \u00e9t\u00e9 ouverte. On devine que l&rsquo;incendie a \u00e9t\u00e9 allum\u00e9 au centre du pont, et qu&rsquo;en br\u00fblant, la structure s&rsquo;est affaiblie, puis s&rsquo;est rompue pour s&rsquo;effondrer dans la rivi\u00e8re, ce qui a peut-\u00eatre \u00e9teint les flammes. Pour le moment, aucun autre d\u00e9tail n&rsquo;est connu, comme si par exemple les pompiers se sont rendus sur les lieux. La triste nouvelle m&rsquo;a \u00e9t\u00e9 annonc\u00e9e hier par Mario Germain, un collaborateur r\u00e9gulier du site. Puis, ce soir, les photos prises par Pascal Perreault et son drone sont venues confirmer la terrible nouvelle. Merci \u00e0 ces pr\u00e9cieux collaborateurs pour leur participation au billet du jour. On peut se questionner sur l&rsquo;int\u00e9r\u00eat \u00e0 incendier un tel pont, surtout qu&rsquo;il est \u00e9vident qu&rsquo;il ne sera pas remplac\u00e9 par une structure moderne. Rappelons que cette structure est unique dans notre r\u00e9serve de ponts de bois. Il s&rsquo;agit d&rsquo;un Town \u00e0 tablier sup\u00e9rieur et le pont Davy \u00e9tait le dernier exemple connu au Qu\u00e9bec. Je publierai un autre billet sp\u00e9cial d\u00e8s que j&rsquo;aurai plus de nouvelles, en plus de rendre un hommage bien m\u00e9rit\u00e9 \u00e0 cette structure que j&rsquo;aurai eu la chance de visiter \u00e0 2 reprises. Fait inusit\u00e9, l&rsquo;existence du pont Davy n&rsquo;\u00e9tait pas connue avant 2010 par les amateurs de ponts de bois.<\/span><\/p>\n<p><span style=\"color: #000000;\">Visionnez \u00e9galement<a href=\"https:\/\/youtu.be\/_m1BiPSvR4o\" target=\"_blank\" rel=\"noopener\"><span style=\"color: #0000ff;\"> la vid\u00e9o<\/span><\/a> film\u00e9e \u00e0 l&rsquo;aide du drone de Pascal Perreault.<\/span><\/p>\n\n\t\t<style type=\"text\/css\">\n\t\t\t#gallery-1 {\n\t\t\t\tmargin: auto;\n\t\t\t}\n\t\t\t#gallery-1 .gallery-item {\n\t\t\t\tfloat: left;\n\t\t\t\tmargin-top: 10px;\n\t\t\t\ttext-align: center;\n\t\t\t\twidth: 33%;\n\t\t\t}\n\t\t\t#gallery-1 img {\n\t\t\t\tborder: 2px solid #cfcfcf;\n\t\t\t}\n\t\t\t#gallery-1 .gallery-caption {\n\t\t\t\tmargin-left: 0;\n\t\t\t}\n\t\t\t\/* see gallery_shortcode() in wp-includes\/media.php *\/\n\t\t<\/style>\n\t\t<div id='gallery-1' class='gallery galleryid-29539 gallery-columns-3 gallery-size-thumbnail'><dl class='gallery-item'>\n\t\t\t<dt class='gallery-icon landscape'>\n\t\t\t\t<a href='https:\/\/pontscouverts.com\/blogue\/wp-content\/uploads\/2020\/09\/DJI_002.jpg'><img width=\"150\" height=\"84\" src=\"https:\/\/pontscouverts.com\/blogue\/wp-content\/uploads\/2020\/09\/DJI_002-e1600998727289-150x84.jpg\" class=\"attachment-thumbnail size-thumbnail\" alt=\"\" loading=\"lazy\" aria-describedby=\"gallery-1-29541\" \/><\/a>\n\t\t\t<\/dt>\n\t\t\t\t<dd class='wp-caption-text gallery-caption' id='gallery-1-29541'>\n\t\t\t\tPascal Perreault Sept. 2020\n\t\t\t\t<\/dd><\/dl><dl class='gallery-item'>\n\t\t\t<dt class='gallery-icon landscape'>\n\t\t\t\t<a href='https:\/\/pontscouverts.com\/blogue\/wp-content\/uploads\/2020\/09\/DJI_009.jpg'><img width=\"150\" height=\"84\" src=\"https:\/\/pontscouverts.com\/blogue\/wp-content\/uploads\/2020\/09\/DJI_009-e1600998738514-150x84.jpg\" class=\"attachment-thumbnail size-thumbnail\" alt=\"\" loading=\"lazy\" aria-describedby=\"gallery-1-29542\" \/><\/a>\n\t\t\t<\/dt>\n\t\t\t\t<dd class='wp-caption-text gallery-caption' id='gallery-1-29542'>\n\t\t\t\tPascal Perreault Sept. 2020\n\t\t\t\t<\/dd><\/dl><dl class='gallery-item'>\n\t\t\t<dt class='gallery-icon portrait'>\n\t\t\t\t<a href='https:\/\/pontscouverts.com\/blogue\/wp-content\/uploads\/2020\/09\/DJI_039.jpg'><img width=\"63\" height=\"150\" src=\"https:\/\/pontscouverts.com\/blogue\/wp-content\/uploads\/2020\/09\/DJI_039-e1600998752128-63x150.jpg\" class=\"attachment-thumbnail size-thumbnail\" alt=\"\" loading=\"lazy\" aria-describedby=\"gallery-1-29543\" \/><\/a>\n\t\t\t<\/dt>\n\t\t\t\t<dd class='wp-caption-text gallery-caption' id='gallery-1-29543'>\n\t\t\t\tPascal Perreault Septembre 2020\n\t\t\t\t<\/dd><\/dl><br style=\"clear: both\" \/>\n\t\t<\/div>\n\n","protected":false},"excerpt":{"rendered":"<p>La semaine se termine par une bien triste nouvelle. C&rsquo;est dans la soir\u00e9e du mercredi 23 septembre qu&rsquo;un incendie suspect s&rsquo;est d\u00e9clar\u00e9 au pont Davy. Un citoyen de St-Dominique aurait pr\u00e9venu la municipalit\u00e9 qu&rsquo;un incendie s&rsquo;\u00e9tait d\u00e9clar\u00e9 le soir m\u00eame. La SQ a aussit\u00f4t class\u00e9 ce feu comme suspect et une enqu\u00eate a \u00e9t\u00e9 ouverte. [&hellip;]<\/p>\n","protected":false},"author":1,"featured_media":0,"comment_status":"open","ping_status":"open","sticky":false,"template":"","format":"standard","meta":[],"categories":[3],"tags":[],"_links":{"self":[{"href":"https:\/\/pontscouverts.com\/blogue\/wp-json\/wp\/v2\/posts\/29539"}],"collection":[{"href":"https:\/\/pontscouverts.com\/blogue\/wp-json\/wp\/v2\/posts"}],"about":[{"href":"https:\/\/pontscouverts.com\/blogue\/wp-json\/wp\/v2\/types\/post"}],"author":[{"embeddable":true,"href":"https:\/\/pontscouverts.com\/blogue\/wp-json\/wp\/v2\/users\/1"}],"replies":[{"embeddable":true,"href":"https:\/\/pontscouverts.com\/blogue\/wp-json\/wp\/v2\/comments?post=29539"}],"version-history":[{"count":5,"href":"https:\/\/pontscouverts.com\/blogue\/wp-json\/wp\/v2\/posts\/29539\/revisions"}],"predecessor-version":[{"id":29550,"href":"https:\/\/pontscouverts.com\/blogue\/wp-json\/wp\/v2\/posts\/29539\/revisions\/29550"}],"wp:attachment":[{"href":"https:\/\/pontscouverts.com\/blogue\/wp-json\/wp\/v2\/media?parent=29539"}],"wp:term":[{"taxonomy":"category","embeddable":true,"href":"https:\/\/pontscouverts.com\/blogue\/wp-json\/wp\/v2\/categories?post=29539"},{"taxonomy":"post_tag","embeddable":true,"href":"https:\/\/pontscouverts.com\/blogue\/wp-json\/wp\/v2\/tags?post=29539"}],"curies":[{"name":"wp","href":"https:\/\/api.w.org\/{rel}","templated":true}]}}