{"id":24433,"date":"2019-05-07T23:00:24","date_gmt":"2019-05-08T03:00:24","guid":{"rendered":"http:\/\/pontscouverts.com\/blogue\/?p=24433"},"modified":"2019-05-07T08:06:46","modified_gmt":"2019-05-07T12:06:46","slug":"une-nuit-etoilee-au-pont-couvert-de-lorignal","status":"publish","type":"post","link":"https:\/\/pontscouverts.com\/blogue\/2019\/05\/07\/une-nuit-etoilee-au-pont-couvert-de-lorignal\/","title":{"rendered":"Une nuit \u00e9toil\u00e9e au pont couvert de l&rsquo;Orignal"},"content":{"rendered":"<div id=\"attachment_24434\" style=\"width: 2058px\" class=\"wp-caption alignnone\"><a href=\"http:\/\/pontscouverts.com\/blogue\/wp-content\/uploads\/2019\/05\/OrignalMarioGermain.jpg\"><img aria-describedby=\"caption-attachment-24434\" loading=\"lazy\" class=\"wp-image-24434 size-full\" src=\"http:\/\/pontscouverts.com\/blogue\/wp-content\/uploads\/2019\/05\/OrignalMarioGermain.jpg\" alt=\"\" width=\"2048\" height=\"1404\" srcset=\"https:\/\/pontscouverts.com\/blogue\/wp-content\/uploads\/2019\/05\/OrignalMarioGermain.jpg 2048w, https:\/\/pontscouverts.com\/blogue\/wp-content\/uploads\/2019\/05\/OrignalMarioGermain-e1610983862104-150x103.jpg 150w, https:\/\/pontscouverts.com\/blogue\/wp-content\/uploads\/2019\/05\/OrignalMarioGermain-300x206.jpg 300w, https:\/\/pontscouverts.com\/blogue\/wp-content\/uploads\/2019\/05\/OrignalMarioGermain-768x527.jpg 768w, https:\/\/pontscouverts.com\/blogue\/wp-content\/uploads\/2019\/05\/OrignalMarioGermain-1024x702.jpg 1024w\" sizes=\"(max-width: 2048px) 100vw, 2048px\" \/><\/a><p id=\"caption-attachment-24434\" class=\"wp-caption-text\">Photo : Mario Germain<\/p><\/div>\n<p style=\"text-align: justify;\"><span style=\"color: #000000;\">Cette \u00e9poustouflante photo du <a href=\"http:\/\/www.pontscouverts.com\/Pontscouverts2\/Orignal.html\"><span style=\"color: #0000ff;\">pont de l&rsquo;Orignal<\/span><\/a> a \u00e9t\u00e9 prise le 4 mai dernier par Mario Germain, un collaborateur r\u00e9gulier du site sur les ponts couverts. Pour avoir vu d&rsquo;autres photos qu&rsquo;il publie sur sa page Facebook, je vous assure que Mario poss\u00e8de un grand talent pour la photographie. Le ciel \u00e9tait vraiment splendide ce soir l\u00e0 et notre ami \u00e0 su capter la sc\u00e8ne avec brio. Jour et nuit, le pont de l&rsquo;Orignal fait son travail.<\/span><\/p>\n","protected":false},"excerpt":{"rendered":"<p>Cette \u00e9poustouflante photo du pont de l&rsquo;Orignal a \u00e9t\u00e9 prise le 4 mai dernier par Mario Germain, un collaborateur r\u00e9gulier du site sur les ponts couverts. Pour avoir vu d&rsquo;autres photos qu&rsquo;il publie sur sa page Facebook, je vous assure que Mario poss\u00e8de un grand talent pour la photographie. Le ciel \u00e9tait vraiment splendide ce [&hellip;]<\/p>\n","protected":false},"author":1,"featured_media":0,"comment_status":"open","ping_status":"open","sticky":false,"template":"","format":"standard","meta":[],"categories":[3],"tags":[],"_links":{"self":[{"href":"https:\/\/pontscouverts.com\/blogue\/wp-json\/wp\/v2\/posts\/24433"}],"collection":[{"href":"https:\/\/pontscouverts.com\/blogue\/wp-json\/wp\/v2\/posts"}],"about":[{"href":"https:\/\/pontscouverts.com\/blogue\/wp-json\/wp\/v2\/types\/post"}],"author":[{"embeddable":true,"href":"https:\/\/pontscouverts.com\/blogue\/wp-json\/wp\/v2\/users\/1"}],"replies":[{"embeddable":true,"href":"https:\/\/pontscouverts.com\/blogue\/wp-json\/wp\/v2\/comments?post=24433"}],"version-history":[{"count":4,"href":"https:\/\/pontscouverts.com\/blogue\/wp-json\/wp\/v2\/posts\/24433\/revisions"}],"predecessor-version":[{"id":24438,"href":"https:\/\/pontscouverts.com\/blogue\/wp-json\/wp\/v2\/posts\/24433\/revisions\/24438"}],"wp:attachment":[{"href":"https:\/\/pontscouverts.com\/blogue\/wp-json\/wp\/v2\/media?parent=24433"}],"wp:term":[{"taxonomy":"category","embeddable":true,"href":"https:\/\/pontscouverts.com\/blogue\/wp-json\/wp\/v2\/categories?post=24433"},{"taxonomy":"post_tag","embeddable":true,"href":"https:\/\/pontscouverts.com\/blogue\/wp-json\/wp\/v2\/tags?post=24433"}],"curies":[{"name":"wp","href":"https:\/\/api.w.org\/{rel}","templated":true}]}}