{"id":169,"date":"2011-11-15T21:58:33","date_gmt":"2011-11-16T02:58:33","guid":{"rendered":"http:\/\/pontscouverts.com\/blogue\/?p=169"},"modified":"2011-11-15T22:43:57","modified_gmt":"2011-11-16T03:43:57","slug":"conference-sur-les-ponts-couverts-mardi-prochain-a-rougemont","status":"publish","type":"post","link":"https:\/\/pontscouverts.com\/blogue\/2011\/11\/15\/conference-sur-les-ponts-couverts-mardi-prochain-a-rougemont\/","title":{"rendered":"Conf\u00e9rence sur les ponts couverts mardi prochain \u00e0 St-Paul-d&rsquo;Abbotsford"},"content":{"rendered":"<p><a href=\"http:\/\/pontscouverts.com\/blogue\/wp-content\/uploads\/2011\/11\/conference.jpg\"><img loading=\"lazy\" class=\"alignleft size-full wp-image-179\" title=\"conference\" src=\"http:\/\/pontscouverts.com\/blogue\/wp-content\/uploads\/2011\/11\/conference.jpg\" alt=\"\" width=\"480\" height=\"360\" srcset=\"https:\/\/pontscouverts.com\/blogue\/wp-content\/uploads\/2011\/11\/conference.jpg 480w, https:\/\/pontscouverts.com\/blogue\/wp-content\/uploads\/2011\/11\/conference-300x225.jpg 300w\" sizes=\"(max-width: 480px) 100vw, 480px\" \/><\/a><\/p>\n<p style=\"text-align: justify;\">&nbsp;<\/p>\n<p style=\"text-align: justify;\">&nbsp;<\/p>\n<p style=\"text-align: justify;\">&nbsp;<\/p>\n<p style=\"text-align: justify;\">&nbsp;<\/p>\n<p style=\"text-align: justify;\">&nbsp;<\/p>\n<p style=\"text-align: justify;\">&nbsp;<\/p>\n<p style=\"text-align: justify;\">&nbsp;<\/p>\n<p style=\"text-align: justify;\">&nbsp;<\/p>\n<p style=\"text-align: justify;\">J&rsquo;apprends qu&rsquo;une conf\u00e9rence sur les ponts couverts aura lieu mardi prochain pr\u00e8s de Rougemont en Mont\u00e9r\u00e9gie, soit \u00e0 St-Paul-d&rsquo;Abbotsford. J&rsquo;en parle donc un peu d&rsquo;avance pour que les int\u00e9ress\u00e9s en prennent bonne note. Cette conf\u00e9rence sera donn\u00e9e par Jean Lefran\u00e7ois, un passionn\u00e9 des ponts patrimoniaux&#8230;<\/p>\n<p style=\"text-align: justify;\"><!--more Lire la suite--><\/p>\n<p style=\"text-align: justify;\">J&rsquo;en profite \u00e9galement pour remercier tout le monde d&rsquo;\u00eatre revenu si fid\u00e8lement et si rapidement au blogue sur les ponts couverts. M\u00eame si la p\u00e9riode de transition est termin\u00e9e, il reste quelques petits ajustements qui devraient \u00eatre r\u00e9gl\u00e9s au fil de temps. Il subsiste entre autre quelques mots en anglais dans la structure du site et je travaille \u00e0 corriger cette situation.<\/p>\n<h1 style=\"text-align: justify;\"><strong>Conf\u00e9rence de M. Jean Lefran\u00e7ois <\/strong><strong>sur les ponts couverts au Qu\u00e9bec<\/strong><\/h1>\n<p style=\"text-align: justify;\"><strong><a href=\"http:\/\/pontscouverts.com\/blogue\/wp-content\/uploads\/2011\/11\/Lefrancois.jpeg\"><\/a><a href=\"http:\/\/pontscouverts.com\/blogue\/wp-content\/uploads\/2011\/11\/Lefrancois.jpeg\"><img loading=\"lazy\" class=\"aligncenter size-medium wp-image-173\" title=\"Lefrancois\" src=\"http:\/\/pontscouverts.com\/blogue\/wp-content\/uploads\/2011\/11\/Lefrancois-249x300.jpg\" alt=\"\" width=\"249\" height=\"300\" srcset=\"https:\/\/pontscouverts.com\/blogue\/wp-content\/uploads\/2011\/11\/Lefrancois-249x300.jpg 249w, https:\/\/pontscouverts.com\/blogue\/wp-content\/uploads\/2011\/11\/Lefrancois.jpeg 457w\" sizes=\"(max-width: 249px) 100vw, 249px\" \/><\/a><\/strong><\/p>\n<p><strong> <\/strong><\/p>\n<p><strong> <\/strong><\/p>\n<p style=\"text-align: justify;\">Dans le cadre de ses rencontres mensuelles, la Soci\u00e9t\u00e9 d&rsquo;histoire et de g\u00e9n\u00e9alogie des Quatre Lieux invite la population \u00e0 assister \u00e0 une conf\u00e9rence de M. Jean Lefran\u00e7ois sur les ponts couverts au Qu\u00e9bec.<\/p>\n<p style=\"text-align: justify;\">Le Qu\u00e9bec compte 57% des ponts couverts canadiens et abrite 7% de ces structures en bois \u00e0 l&rsquo;\u00e9chelle mondiale. Serait-il l&rsquo;\u00c9den des ponts couverts?<\/p>\n<p style=\"text-align: justify;\">Du d\u00e9but du X1Xe si\u00e8cle jusqu&rsquo;\u00e0 la fin des ann\u00e9es 50, le ph\u00e9nom\u00e8ne des ponts couverts est indissociable de l&rsquo;histoire du Qu\u00e9bec. La mise en service de ces ponts de colonisation signifie la marche vers une \u00e9conomie prometteuse en unissant les rives, en facilitant la mise en march\u00e9 des produits du terroir et en donnant l&rsquo;acc\u00e8s aux lieux de culte. Jadis, il s&rsquo;en est b\u00e2ti pr\u00e8s de 1500; aujourd&rsquo;hui, les 85 ponts couverts authentiques, diss\u00e9min\u00e9s dans toutes les r\u00e9gions du Qu\u00e9bec, repr\u00e9sentent un h\u00e9ritage pr\u00e9cieux et un patrimoine sans \u00e9gal.<\/p>\n<p style=\"text-align: justify;\">M. Lefran\u00e7ois compte plus de 24 ans d&rsquo;exp\u00e9rience dans l&rsquo;\u00e9tude des ponts. En 2002, il a particip\u00e9 \u00e0 la recherche et \u00e0 l&rsquo;\u00e9criture du Manuel d&rsquo;\u00e9valuation patrimoniale des ponts du Qu\u00e9bec et \u00e0 la r\u00e9daction d&rsquo;une orientation minist\u00e9rielle sur l&rsquo;identification et la gestion des ponts \u00e0 valeur patrimoniale pour le Minist\u00e8re des Transports du Qu\u00e9bec. En 2004-2005, il a publi\u00e9 un livre sur les ponts couverts au Qu\u00e9bec. De plus, il publie fr\u00e9quemment, dans diverses revues et p\u00e9riodiques, des articles \u00e0 couleur historico-technique sur des ponts qu\u00e9b\u00e9cois m\u00e9connus mais d&rsquo;un int\u00e9r\u00eat certain.<\/p>\n<p style=\"text-align: justify;\">La conf\u00e9rence aura lieu le<strong> 22 novembre \u00e0 19h30 \u00e0 la salle de l&rsquo;\u00c2ge d&rsquo;Or, 11 rue Codaire, St-Paul d&rsquo;Abbotsford<\/strong>.<\/p>\n<p style=\"text-align: justify;\">Co\u00fbt: Gratuit pour les membres, 5$ pour les non-membres.<\/p>\n<p style=\"text-align: justify;\"><strong>Bienvenue \u00e0 tous et \u00e0 toutes!<\/strong><\/p>\n<p><strong> <\/strong><\/p>\n<table border=\"0\" cellspacing=\"0\" cellpadding=\"0\">\n<tbody>\n<tr>\n<td width=\"92\" valign=\"top\">&nbsp;<\/p>\n<p>&nbsp;<\/p>\n<p>&nbsp;<\/p>\n<p>&nbsp;<\/p>\n<p>&nbsp;<\/td>\n<td width=\"121\" valign=\"top\">&nbsp;<\/p>\n<p>&nbsp;<\/p>\n<p>&nbsp;<\/p>\n<p><strong><em>31 ans de pr\u00e9sence dans les Quatre Lieux<\/em><\/strong><strong><em> <\/em><\/strong><\/td>\n<td width=\"275\" valign=\"top\">Soci\u00e9t\u00e9 d\u2019histoire et de g\u00e9n\u00e9alogie des Quatre Lieux&nbsp;<\/p>\n<p>1291, rang Double,<\/p>\n<p>Rougemont (Qu\u00e9bec) J0L 1M0<\/p>\n<p>T\u00e9l\u00e9phone\u00a0: 450-469-2409<\/p>\n<p>Courriel\u00a0:<a href=\"mailto:lucettelevesque@sympatico.ca\">lucettelevesque@sympatico.ca<\/a><\/p>\n<p>shgquatrelieux@bellnet.ca<\/p>\n<p>Site Internet\u00a0:\u00a0<a href=\"http:\/\/www.quatrelieux.qc.ca\/\">www.quatrelieux.qc.ca<\/a><\/td>\n<\/tr>\n<\/tbody>\n<\/table>\n<p>&nbsp;<\/p>\n","protected":false},"excerpt":{"rendered":"<p>&nbsp; &nbsp; &nbsp; &nbsp; &nbsp; &nbsp; &nbsp; &nbsp; J&rsquo;apprends qu&rsquo;une conf\u00e9rence sur les ponts couverts aura lieu mardi prochain pr\u00e8s de Rougemont en Mont\u00e9r\u00e9gie, soit \u00e0 St-Paul-d&rsquo;Abbotsford. J&rsquo;en parle donc un peu d&rsquo;avance pour que les int\u00e9ress\u00e9s en prennent bonne note. Cette conf\u00e9rence sera donn\u00e9e par Jean Lefran\u00e7ois, un passionn\u00e9 des ponts patrimoniaux&#8230;<\/p>\n","protected":false},"author":1,"featured_media":0,"comment_status":"open","ping_status":"open","sticky":false,"template":"","format":"standard","meta":[],"categories":[3],"tags":[],"_links":{"self":[{"href":"https:\/\/pontscouverts.com\/blogue\/wp-json\/wp\/v2\/posts\/169"}],"collection":[{"href":"https:\/\/pontscouverts.com\/blogue\/wp-json\/wp\/v2\/posts"}],"about":[{"href":"https:\/\/pontscouverts.com\/blogue\/wp-json\/wp\/v2\/types\/post"}],"author":[{"embeddable":true,"href":"https:\/\/pontscouverts.com\/blogue\/wp-json\/wp\/v2\/users\/1"}],"replies":[{"embeddable":true,"href":"https:\/\/pontscouverts.com\/blogue\/wp-json\/wp\/v2\/comments?post=169"}],"version-history":[{"count":33,"href":"https:\/\/pontscouverts.com\/blogue\/wp-json\/wp\/v2\/posts\/169\/revisions"}],"predecessor-version":[{"id":263,"href":"https:\/\/pontscouverts.com\/blogue\/wp-json\/wp\/v2\/posts\/169\/revisions\/263"}],"wp:attachment":[{"href":"https:\/\/pontscouverts.com\/blogue\/wp-json\/wp\/v2\/media?parent=169"}],"wp:term":[{"taxonomy":"category","embeddable":true,"href":"https:\/\/pontscouverts.com\/blogue\/wp-json\/wp\/v2\/categories?post=169"},{"taxonomy":"post_tag","embeddable":true,"href":"https:\/\/pontscouverts.com\/blogue\/wp-json\/wp\/v2\/tags?post=169"}],"curies":[{"name":"wp","href":"https:\/\/api.w.org\/{rel}","templated":true}]}}