{"id":14314,"date":"2016-03-14T23:00:55","date_gmt":"2016-03-15T03:00:55","guid":{"rendered":"http:\/\/pontscouverts.com\/blogue\/?p=14314"},"modified":"2016-03-13T22:42:38","modified_gmt":"2016-03-14T02:42:38","slug":"reduction-de-la-charge-permise-au-pont-emery-sicard","status":"publish","type":"post","link":"https:\/\/pontscouverts.com\/blogue\/2016\/03\/14\/reduction-de-la-charge-permise-au-pont-emery-sicard\/","title":{"rendered":"R\u00e9duction de la charge permise au pont \u00c9mery-Sicard"},"content":{"rendered":"<div id=\"attachment_14315\" style=\"width: 660px\" class=\"wp-caption aligncenter\"><a href=\"http:\/\/pontscouverts.com\/blogue\/wp-content\/uploads\/2016\/03\/image.jpg\" rel=\"attachment wp-att-14315\"><img aria-describedby=\"caption-attachment-14315\" loading=\"lazy\" class=\"wp-image-14315\" src=\"http:\/\/pontscouverts.com\/blogue\/wp-content\/uploads\/2016\/03\/image.jpg\" alt=\"image\" width=\"650\" height=\"433\" srcset=\"https:\/\/pontscouverts.com\/blogue\/wp-content\/uploads\/2016\/03\/image.jpg 800w, https:\/\/pontscouverts.com\/blogue\/wp-content\/uploads\/2016\/03\/image-300x200.jpg 300w, https:\/\/pontscouverts.com\/blogue\/wp-content\/uploads\/2016\/03\/image-768x512.jpg 768w\" sizes=\"(max-width: 650px) 100vw, 650px\" \/><\/a><p id=\"caption-attachment-14315\" class=\"wp-caption-text\">Photo par TC M\u00e9dia &#8211; Martin Guindon<\/p><\/div>\n<p style=\"text-align: justify;\"><span style=\"color: #000000;\">Tel qu&rsquo;annonc\u00e9 dans <span style=\"color: #0000ff;\"><a style=\"color: #0000ff;\" href=\"http:\/\/pontscouverts.com\/blogue\/2016\/01\/07\/des-dommages-au-pont-couvert-emery-sicard\/\">ce billet<\/a><\/span> du 7 janvier, le pont \u00c9mery-Sicard a \u00e9t\u00e9 endommag\u00e9 par un v\u00e9hicule ne respectant pas les normes. D&rsquo;ici \u00e0 ce que des travaux soient r\u00e9alis\u00e9s l&rsquo;\u00e9t\u00e9 prochain, le MTQ a d\u00e9cid\u00e9 d&rsquo;abaisser la charge maximum affich\u00e9e \u00e0 5 tonnes alors que la charge normalement affich\u00e9e est de\u00a010 tonnes. Pour tous les d\u00e9tails, je vous invite \u00e0 lire un article publi\u00e9 vendredi dernier dans <em>L&rsquo;\u00c9cho Abitibien<\/em> :<\/span><\/p>\n<h2 class=\"bigTitle\"><span style=\"color: #0000ff;\"><a style=\"color: #0000ff;\" href=\"http:\/\/www.lechoabitibien.ca\/faits-divers\/2016\/3\/11\/le-pont-emery-sicard-endommage-par-negligence.html\" target=\"_blank\">Le pont \u00c9mery-Sicard endommag\u00e9 par n\u00e9gligence<\/a><\/span><\/h2>\n<p><span style=\"color: #ffffff;\">.<\/span><\/p>\n","protected":false},"excerpt":{"rendered":"<p>Tel qu&rsquo;annonc\u00e9 dans ce billet du 7 janvier, le pont \u00c9mery-Sicard a \u00e9t\u00e9 endommag\u00e9 par un v\u00e9hicule ne respectant pas les normes. D&rsquo;ici \u00e0 ce que des travaux soient r\u00e9alis\u00e9s l&rsquo;\u00e9t\u00e9 prochain, le MTQ a d\u00e9cid\u00e9 d&rsquo;abaisser la charge maximum affich\u00e9e \u00e0 5 tonnes alors que la charge normalement affich\u00e9e est de\u00a010 tonnes. Pour tous [&hellip;]<\/p>\n","protected":false},"author":1,"featured_media":0,"comment_status":"open","ping_status":"open","sticky":false,"template":"","format":"standard","meta":[],"categories":[3],"tags":[],"_links":{"self":[{"href":"https:\/\/pontscouverts.com\/blogue\/wp-json\/wp\/v2\/posts\/14314"}],"collection":[{"href":"https:\/\/pontscouverts.com\/blogue\/wp-json\/wp\/v2\/posts"}],"about":[{"href":"https:\/\/pontscouverts.com\/blogue\/wp-json\/wp\/v2\/types\/post"}],"author":[{"embeddable":true,"href":"https:\/\/pontscouverts.com\/blogue\/wp-json\/wp\/v2\/users\/1"}],"replies":[{"embeddable":true,"href":"https:\/\/pontscouverts.com\/blogue\/wp-json\/wp\/v2\/comments?post=14314"}],"version-history":[{"count":6,"href":"https:\/\/pontscouverts.com\/blogue\/wp-json\/wp\/v2\/posts\/14314\/revisions"}],"predecessor-version":[{"id":14321,"href":"https:\/\/pontscouverts.com\/blogue\/wp-json\/wp\/v2\/posts\/14314\/revisions\/14321"}],"wp:attachment":[{"href":"https:\/\/pontscouverts.com\/blogue\/wp-json\/wp\/v2\/media?parent=14314"}],"wp:term":[{"taxonomy":"category","embeddable":true,"href":"https:\/\/pontscouverts.com\/blogue\/wp-json\/wp\/v2\/categories?post=14314"},{"taxonomy":"post_tag","embeddable":true,"href":"https:\/\/pontscouverts.com\/blogue\/wp-json\/wp\/v2\/tags?post=14314"}],"curies":[{"name":"wp","href":"https:\/\/api.w.org\/{rel}","templated":true}]}}