{"id":1353,"date":"2012-02-01T23:00:51","date_gmt":"2012-02-02T04:00:51","guid":{"rendered":"http:\/\/pontscouverts.com\/blogue\/?p=1353"},"modified":"2012-02-02T07:33:35","modified_gmt":"2012-02-02T12:33:35","slug":"le-pont-deustis-est-enfin-ouvert","status":"publish","type":"post","link":"https:\/\/pontscouverts.com\/blogue\/2012\/02\/01\/le-pont-deustis-est-enfin-ouvert\/","title":{"rendered":"Le pont d&rsquo;Eustis est enfin ouvert"},"content":{"rendered":"<div>\n<div id=\"attachment_1355\" style=\"width: 426px\" class=\"wp-caption aligncenter\"><a href=\"http:\/\/pontscouverts.com\/blogue\/wp-content\/uploads\/2012\/02\/eustisouvert.jpg\"><img aria-describedby=\"caption-attachment-1355\" loading=\"lazy\" class=\"size-full wp-image-1355\" title=\"eustisouvert\" src=\"http:\/\/pontscouverts.com\/blogue\/wp-content\/uploads\/2012\/02\/eustisouvert.jpg\" alt=\"\" width=\"416\" height=\"277\" srcset=\"https:\/\/pontscouverts.com\/blogue\/wp-content\/uploads\/2012\/02\/eustisouvert.jpg 416w, https:\/\/pontscouverts.com\/blogue\/wp-content\/uploads\/2012\/02\/eustisouvert-300x199.jpg 300w\" sizes=\"(max-width: 416px) 100vw, 416px\" \/><\/a><p id=\"caption-attachment-1355\" class=\"wp-caption-text\">Photo : Ren\u00e9 Marquis<\/p><\/div>\n<p style=\"text-align: justify;\">Si vous br\u00fblez d&rsquo;envie d&rsquo;enfin de traverser le <a href=\"http:\/\/www.pontscouverts.com\/Pontscouverts1\/Eustis.html\"><span style=\"color: #0000ff;\">pont d&rsquo;Eustis<\/span><\/a> avec votre voiture, c&rsquo;est d\u00e9sormais possible de le faire puisque la c\u00e9l\u00e8bre structure est d\u00e9sormais ouverte \u00e0 la circulation, et ce depuis quelques jours&#8230;<\/p>\n<p style=\"text-align: justify;\"><!--more Lire la suite--><\/p>\n<p style=\"text-align: justify;\">On se souvient que les r\u00e9sidents du secteur se sont plaints du tr\u00e8s long d\u00e9tour occasionn\u00e9 par la fermeture du pont de Capelton, une structure de b\u00e9ton endommag\u00e9e le printemps dernier. C&rsquo;est peut-\u00eatre li\u00e9 au fait que nous connaissons un hiver relativement facile, mais le pont d&rsquo;Eustis est finalement ouvert, ce qui r\u00e9jouira les habitants du coin. Consultez l&rsquo;article ci-bas pour tous les d\u00e9tails.<\/p>\n<h1>Le pont Eustis ferm\u00e9 durant les prochains hivers<\/h1>\n<p style=\"text-align: justify;\">(MAGOG) Malgr\u00e9 la r\u00e9ouverture du pont couvert Eustis ces derniers jours, il ne faut surtout pas conclure que cette infrastructure sera d\u00e9sormais ouverte tous les hivers. La r\u00e9cente d\u00e9cision de le rouvrir \u00e0 la circulation automobile ne serait en effet motiv\u00e9e que par la fermeture du pont Capelton.<\/p>\n<\/div>\n<div style=\"text-align: justify;\">\n<p>\u00ab C&rsquo;est pr\u00e9vu que le pont Eustis sera ferm\u00e9 en saison hivernale dans le futur. C&rsquo;est un pont patrimonial sur lequel une seule voiture peut passer \u00e0 la fois. On le fait d\u00e9neiger cet hiver \u00e0 cause d&rsquo;une situation exceptionnelle. Des gens avaient de grands d\u00e9tours \u00e0 faire en voiture \u00bb, indique le maire du Canton de Hatley, Pierre Levac.<\/p>\n<p>Selon le minist\u00e8re des Transports du Qu\u00e9bec, les voitures pourront \u00e0 nouveau traverser le pont Capelton, qui n\u00e9cessite d&rsquo;importantes r\u00e9parations, \u00e0 compter de l&rsquo;\u00e9t\u00e9 prochain. D\u00e8s lors, plusieurs r\u00e9sidants du Canton de Hatley cesseront d&rsquo;avoir besoin d&rsquo;un trajet alternatif pour se d\u00e9placer en direction de Sherbrooke.<\/p>\n<p>Pour d\u00e9neiger le pont Eustis cet hiver, on a recours \u00e0 un v\u00e9hicule relativement l\u00e9ger et compact, ceci parce que l&rsquo;infrastructure est con\u00e7ue pour supporter des poids d&rsquo;au maximum trois tonnes.<\/p>\n<p>\u00ab On a eu l&rsquo;autorisation du minist\u00e8re des Transports de le rouvrir en p\u00e9riode hivernale \u00e0 condition de respecter les normes qui s&rsquo;appliquent. On a pr\u00e9venu nos citoyens par un d\u00e9pliant envoy\u00e9 dans toutes les maisons des mesures de prudence \u00e0 prendre en roulant dessus \u00bb, confie Pierre Levac.<\/p>\n<\/div>\n<p style=\"text-align: justify;\">Source : <em><a href=\"http:\/\/www.cyberpresse.ca\/la-tribune\/estrie\/201202\/01\/01-4491379-le-pont-eustis-ferme-durant-les-prochains-hivers.php\" target=\"_blank\">La Tribune<\/a><\/em><\/p>\n","protected":false},"excerpt":{"rendered":"<p>Si vous br\u00fblez d&rsquo;envie d&rsquo;enfin de traverser le pont d&rsquo;Eustis avec votre voiture, c&rsquo;est d\u00e9sormais possible de le faire puisque la c\u00e9l\u00e8bre structure est d\u00e9sormais ouverte \u00e0 la circulation, et ce depuis quelques jours&#8230;<\/p>\n","protected":false},"author":1,"featured_media":0,"comment_status":"open","ping_status":"open","sticky":false,"template":"","format":"standard","meta":[],"categories":[3],"tags":[],"_links":{"self":[{"href":"https:\/\/pontscouverts.com\/blogue\/wp-json\/wp\/v2\/posts\/1353"}],"collection":[{"href":"https:\/\/pontscouverts.com\/blogue\/wp-json\/wp\/v2\/posts"}],"about":[{"href":"https:\/\/pontscouverts.com\/blogue\/wp-json\/wp\/v2\/types\/post"}],"author":[{"embeddable":true,"href":"https:\/\/pontscouverts.com\/blogue\/wp-json\/wp\/v2\/users\/1"}],"replies":[{"embeddable":true,"href":"https:\/\/pontscouverts.com\/blogue\/wp-json\/wp\/v2\/comments?post=1353"}],"version-history":[{"count":8,"href":"https:\/\/pontscouverts.com\/blogue\/wp-json\/wp\/v2\/posts\/1353\/revisions"}],"predecessor-version":[{"id":1397,"href":"https:\/\/pontscouverts.com\/blogue\/wp-json\/wp\/v2\/posts\/1353\/revisions\/1397"}],"wp:attachment":[{"href":"https:\/\/pontscouverts.com\/blogue\/wp-json\/wp\/v2\/media?parent=1353"}],"wp:term":[{"taxonomy":"category","embeddable":true,"href":"https:\/\/pontscouverts.com\/blogue\/wp-json\/wp\/v2\/categories?post=1353"},{"taxonomy":"post_tag","embeddable":true,"href":"https:\/\/pontscouverts.com\/blogue\/wp-json\/wp\/v2\/tags?post=1353"}],"curies":[{"name":"wp","href":"https:\/\/api.w.org\/{rel}","templated":true}]}}