{"id":13436,"date":"2015-09-27T23:00:01","date_gmt":"2015-09-28T03:00:01","guid":{"rendered":"http:\/\/pontscouverts.com\/blogue\/?p=13436"},"modified":"2015-09-28T07:54:25","modified_gmt":"2015-09-28T11:54:25","slug":"remplacement-du-pont-de-la-chute-neigette-des-details","status":"publish","type":"post","link":"https:\/\/pontscouverts.com\/blogue\/2015\/09\/27\/remplacement-du-pont-de-la-chute-neigette-des-details\/","title":{"rendered":"Remplacement du pont de la Chute-Neigette : des d\u00e9tails"},"content":{"rendered":"<div id=\"attachment_13439\" style=\"width: 660px\" class=\"wp-caption aligncenter\"><a href=\"http:\/\/pontscouverts.com\/blogue\/wp-content\/uploads\/2015\/09\/IMG_6790.jpg\"><img aria-describedby=\"caption-attachment-13439\" loading=\"lazy\" class=\"wp-image-13439\" src=\"http:\/\/pontscouverts.com\/blogue\/wp-content\/uploads\/2015\/09\/IMG_6790-1024x683.jpg\" alt=\"IMG_6790\" width=\"650\" height=\"433\" srcset=\"https:\/\/pontscouverts.com\/blogue\/wp-content\/uploads\/2015\/09\/IMG_6790-1024x683.jpg 1024w, https:\/\/pontscouverts.com\/blogue\/wp-content\/uploads\/2015\/09\/IMG_6790-300x200.jpg 300w\" sizes=\"(max-width: 650px) 100vw, 650px\" \/><\/a><p id=\"caption-attachment-13439\" class=\"wp-caption-text\">Photo : Monique Bellemare<\/p><\/div>\n<p style=\"text-align: justify;\"><span style=\"color: #000000;\">Vous pourrez lire plus bas dans ce billet un communiqu\u00e9 \u00e9mis par la <em>Corporation du patrimoinde de St-Anaclet-de-Lessard<\/em>. On y donne plus de d\u00e9tails sur le futur remplacement du <span style=\"color: #0000ff;\"><a style=\"color: #0000ff;\" href=\"http:\/\/www.pontscouverts.com\/Pontscouverts1\/Chute-Neigette.html\">pont couvert de la Chute-Neigette<\/a><\/span>. Ce qui ressort de ce communiqu\u00e9, c&rsquo;est que la structure sera d\u00e9plac\u00e9e \u00e0 30 m\u00e8tres de son emplacement actuel, qu&rsquo;un beau parc sera am\u00e9nag\u00e9 et que le pont se transformera en petit mus\u00e9e&#8230;<\/span><\/p>\n<p style=\"text-align: justify;\"><!--more Lire la suite--><\/p>\n<p style=\"text-align: justify;\"><span style=\"color: #ffffff;\">.<\/span><\/p>\n<div class=\"page\" title=\"Page 1\">\n<div class=\"layoutArea\">\n<div class=\"column\">\n<h2 style=\"text-align: justify;\"><span style=\"color: #000000;\">Un projet pour le pont couvert de Neigette<\/span><\/h2>\n<p style=\"text-align: justify;\"><span style=\"color: #000000;\">Le pont couvert de Neigette est en tr\u00e8s bon \u00e9tat de conservation et sa valeur patrimoniale est certaine. Pour r\u00e9pondre \u00e0 des demandes pressantes, le minist\u00e8re des Transports (MTQ) a d\u00e9cid\u00e9 de construire un nouveau pont pour remplacer ce valeureux b\u00e2timent centenaire.<\/span><\/p>\n<p style=\"text-align: justify;\"><span style=\"color: #000000;\">Le minist\u00e8re a la ferme intention de pr\u00e9server le pont couvert actuel. \u00c0 cet effet, il prend en charge le d\u00e9m\u00e9nagement du pont couvert \u00e0 proximit\u00e9, soit \u00e0 environ 30 m\u00e8tres de son emplacement d\u2019origine. Le MTQ, qui va assumer la partie la plus on\u00e9reuse du projet, va \u00e9galement installer le pont couvert sur une base solide et permanente et contribuer \u00e0 sa restauration.<\/span><\/p>\n<p style=\"text-align: justify;\"><span style=\"color: #000000;\">Le projet consiste \u00e0 am\u00e9nager le parc du pont couvert de Neigette. La Municipalit\u00e9 va acqu\u00e9rir le terrain o\u00f9 sera am\u00e9nag\u00e9 le parc pour en faire un lieu public. Le pont couvert constituera le point d\u2019int\u00e9r\u00eat du parc. Les installations \u00e0 r\u00e9aliser sont : d\u00e9limitation du contour du parc, bancs, tables, aire de stationnement, affichage, signalisation. Quelques \u00e9l\u00e9ments d\u00e9coratifs pourraient \u00eatre ajout\u00e9s. \u00c0 l&rsquo;int\u00e9rieur de la structure du pont couvert, l\u2019on veut am\u00e9nager un petit mus\u00e9e pour servir de lieu d\u2019interpr\u00e9tation de la Neigette.<\/span><\/p>\n<div id=\"attachment_13440\" style=\"width: 600px\" class=\"wp-caption aligncenter\"><a href=\"http:\/\/pontscouverts.com\/blogue\/wp-content\/uploads\/2015\/09\/IMG_6792.jpg\"><img aria-describedby=\"caption-attachment-13440\" loading=\"lazy\" class=\"wp-image-13440 size-large\" src=\"http:\/\/pontscouverts.com\/blogue\/wp-content\/uploads\/2015\/09\/IMG_6792-1024x683.jpg\" alt=\"IMG_6792\" width=\"590\" height=\"394\" srcset=\"https:\/\/pontscouverts.com\/blogue\/wp-content\/uploads\/2015\/09\/IMG_6792-1024x683.jpg 1024w, https:\/\/pontscouverts.com\/blogue\/wp-content\/uploads\/2015\/09\/IMG_6792-300x200.jpg 300w\" sizes=\"(max-width: 590px) 100vw, 590px\" \/><\/a><p id=\"caption-attachment-13440\" class=\"wp-caption-text\">Photo : Monique Bellemare<\/p><\/div>\n<p style=\"text-align: justify;\"><span style=\"color: #000000;\">Le parc sera une pi\u00e8ce maitresse d\u2019un dispositif de mise en valeur d\u2019un secteur exceptionnel connu dans la r\u00e9gion, voire au Qu\u00e9bec pour sa beaut\u00e9 naturelle et comme site d\u2019activit\u00e9s de plein air : rivi\u00e8re et chute Neigette, fourneau \u00e0 chaux, sentier national et ses belv\u00e9d\u00e8res en direction du Mont-Comi, vall\u00e9e de la Neigette et son histoire g\u00e9ologique, routes champ\u00eatres et pistes cyclables, &#8230; Des activit\u00e9s th\u00e9matiques pourraient alors \u00eatre organis\u00e9es sur le site.<\/span><\/p>\n<p style=\"text-align: justify;\"><span style=\"color: #000000;\">La Corporation du patrimoine, avec l\u2019appui de la Municipalit\u00e9, pr\u00e9pare une demande de subvention \u00e0 D\u00e9veloppement \u00e9conomique Canada (DEC) pour financer l\u2019am\u00e9nagement du parc projet\u00e9. Le pont couvert aura une nouvelle vocation r\u00e9cr\u00e9otouristique.<\/span><\/p>\n<div class=\"page\" title=\"Page 1\">\n<div class=\"layoutArea\">\n<div class=\"column\">\n<p style=\"text-align: justify;\"><span style=\"color: #000000;\">Lucien Roy, pour la Corporation du patrimoine<\/span><\/p>\n<p style=\"text-align: justify;\"><span style=\"color: #000000;\">patrimoine-anaclet@hotmail.com<\/span><\/p>\n<\/div>\n<\/div>\n<\/div>\n<\/div>\n<\/div>\n<\/div>\n","protected":false},"excerpt":{"rendered":"<p>Vous pourrez lire plus bas dans ce billet un communiqu\u00e9 \u00e9mis par la Corporation du patrimoinde de St-Anaclet-de-Lessard. On y donne plus de d\u00e9tails sur le futur remplacement du pont couvert de la Chute-Neigette. Ce qui ressort de ce communiqu\u00e9, c&rsquo;est que la structure sera d\u00e9plac\u00e9e \u00e0 30 m\u00e8tres de son emplacement actuel, qu&rsquo;un beau [&hellip;]<\/p>\n","protected":false},"author":1,"featured_media":0,"comment_status":"open","ping_status":"open","sticky":false,"template":"","format":"standard","meta":[],"categories":[3],"tags":[],"_links":{"self":[{"href":"https:\/\/pontscouverts.com\/blogue\/wp-json\/wp\/v2\/posts\/13436"}],"collection":[{"href":"https:\/\/pontscouverts.com\/blogue\/wp-json\/wp\/v2\/posts"}],"about":[{"href":"https:\/\/pontscouverts.com\/blogue\/wp-json\/wp\/v2\/types\/post"}],"author":[{"embeddable":true,"href":"https:\/\/pontscouverts.com\/blogue\/wp-json\/wp\/v2\/users\/1"}],"replies":[{"embeddable":true,"href":"https:\/\/pontscouverts.com\/blogue\/wp-json\/wp\/v2\/comments?post=13436"}],"version-history":[{"count":5,"href":"https:\/\/pontscouverts.com\/blogue\/wp-json\/wp\/v2\/posts\/13436\/revisions"}],"predecessor-version":[{"id":13443,"href":"https:\/\/pontscouverts.com\/blogue\/wp-json\/wp\/v2\/posts\/13436\/revisions\/13443"}],"wp:attachment":[{"href":"https:\/\/pontscouverts.com\/blogue\/wp-json\/wp\/v2\/media?parent=13436"}],"wp:term":[{"taxonomy":"category","embeddable":true,"href":"https:\/\/pontscouverts.com\/blogue\/wp-json\/wp\/v2\/categories?post=13436"},{"taxonomy":"post_tag","embeddable":true,"href":"https:\/\/pontscouverts.com\/blogue\/wp-json\/wp\/v2\/tags?post=13436"}],"curies":[{"name":"wp","href":"https:\/\/api.w.org\/{rel}","templated":true}]}}