{"id":13108,"date":"2015-08-03T23:00:44","date_gmt":"2015-08-04T03:00:44","guid":{"rendered":"http:\/\/pontscouverts.com\/blogue\/?p=13108"},"modified":"2015-08-03T07:08:57","modified_gmt":"2015-08-03T11:08:57","slug":"le-pont-de-la-chute-neigette-sera-remplace-en-2016","status":"publish","type":"post","link":"https:\/\/pontscouverts.com\/blogue\/2015\/08\/03\/le-pont-de-la-chute-neigette-sera-remplace-en-2016\/","title":{"rendered":"Le pont de la Chute-Neigette sera remplac\u00e9 en 2016"},"content":{"rendered":"<div id=\"attachment_13109\" style=\"width: 660px\" class=\"wp-caption aligncenter\"><a href=\"http:\/\/pontscouverts.com\/blogue\/wp-content\/uploads\/2015\/07\/IMG_6787.jpg\"><img aria-describedby=\"caption-attachment-13109\" loading=\"lazy\" class=\"wp-image-13109\" src=\"http:\/\/pontscouverts.com\/blogue\/wp-content\/uploads\/2015\/07\/IMG_6787-1024x683.jpg\" alt=\"IMG_6787\" width=\"650\" height=\"433\" srcset=\"https:\/\/pontscouverts.com\/blogue\/wp-content\/uploads\/2015\/07\/IMG_6787-1024x683.jpg 1024w, https:\/\/pontscouverts.com\/blogue\/wp-content\/uploads\/2015\/07\/IMG_6787-300x200.jpg 300w\" sizes=\"(max-width: 650px) 100vw, 650px\" \/><\/a><p id=\"caption-attachment-13109\" class=\"wp-caption-text\">Photo : Monique Bellemare<\/p><\/div>\n<p style=\"text-align: justify;\"><span style=\"color: #000000;\">Si vous d\u00e9sirez traverser le <span style=\"color: #0000ff;\"><a style=\"color: #0000ff;\" href=\"http:\/\/www.pontscouverts.com\/Pontscouverts1\/Chute-Neigette.html\">pont de la Chute-Neigette<\/a><\/span> en voiture pour une derni\u00e8re fois, il serait important de le faire au cours des prochains mois. On apprenait la semaine derni\u00e8re que la structure serait remplac\u00e9e en 2016. On sait d\u00e9j\u00e0 que le pont couvert sera conserv\u00e9, mais pour le moment, l&rsquo;endroit o\u00f9 il sera relocalis\u00e9 n&rsquo;est pas connu. Du moins, on ne le dit pas clairement dans l&rsquo;article que vous pouvez consulter ci-bas. Suivez \u00e9galement le lien au bas de la page (Source) pour un reportage vid\u00e9o&#8230;<\/span><\/p>\n<p><!--more Lire la suite--><\/p>\n<h1 style=\"text-align: left;\">Le pont couvert de Neigette sera remplac\u00e9, mais\u00a0conserv\u00e9<\/h1>\n<p class=\"lead\" style=\"text-align: justify;\"><strong><span style=\"color: #000000;\">par Louis Lahaye Roy<\/span><\/strong><\/p>\n<p class=\"lead\" style=\"text-align: justify;\"><span style=\"color: #000000;\">Devenu d\u00e9suet et non s\u00e9curitaire pour les v\u00e9hicules et charges de plus de 5 tonnes, le pont couvert de Neigette, pr\u00e8s de\u00a0Saint-Anaclet-de-Lessard,\u00a0sera remplac\u00e9. Le minist\u00e8re des Transports en construira un neuf l&rsquo;an\u00a0prochain.<\/span><\/p>\n<p style=\"text-align: justify;\"><span style=\"color: #000000;\">Le pont couvert date du d\u00e9but des ann\u00e9es 1900. Il sera d\u00e9plac\u00e9 et conserv\u00e9. Le Minist\u00e8re des Transports assumerait les frais de\u00a0d\u00e9placement.<\/span><\/p>\n<p style=\"text-align: justify;\"><span style=\"color: #000000;\">De concert avec la municipalit\u00e9, la corporation du patrimoine de Saint-Anaclet-de-Lessard a pr\u00e9sent\u00e9 un projet visant \u00e0 le mettre en valeur ainsi que tout le secteur environnant. Un petit mus\u00e9e y serait\u00a0am\u00e9nag\u00e9.\u00a0Le pont couvert deviendrait le point central d&rsquo;une aire de repos avec des panneaux\u00a0d&rsquo;interpr\u00e9tation.<\/span><\/p>\n<p><b>De longs d\u00e9tours pour les agriculteurs<\/b><\/p>\n<p style=\"text-align: justify;\"><span style=\"color: #000000;\">Le pont couvert est aussi une richesse patrimoniale \u00e0 conserver pour le maire de Saint-Anaclet, Francis St-Pierre. Mais, celui-ci estime qu&rsquo;il est grand temps de le remplacer. \u00ab\u00a0Il ne r\u00e9pondait plus aux besoins des agriculteurs. Avec leurs v\u00e9hicules tr\u00e8s lourds, ils doivent faire de longs\u00a0d\u00e9tours.\u00a0\u00bb<\/span><\/p>\n<p style=\"text-align: justify;\"><span style=\"color: #000000;\">La capacit\u00e9 portante du pont couvert est de 5 tonnes et un tracteur sans chargement peut atteindre ce poids, selon le maire. Le nouveau pont aura une capacit\u00e9 de 35\u00a0tonnes.<\/span><\/p>\n<p style=\"text-align: justify;\"><span style=\"color: #000000;\">Il reste environ 80 ponts couverts au Qu\u00e9bec et 150 au\u00a0Canada.<\/span><\/p>\n<p style=\"text-align: justify;\"><span style=\"color: #000000;\">Source : <span style=\"color: #0000ff;\"><a style=\"color: #0000ff;\" href=\"http:\/\/ici.radio-canada.ca\/regions\/est-quebec\/2015\/07\/27\/012-pont-couvert-neigette-saint-anaclet.shtml\" target=\"_blank\">ici.radio-canada.ca<\/a><\/span><\/span><\/p>\n","protected":false},"excerpt":{"rendered":"<p>Si vous d\u00e9sirez traverser le pont de la Chute-Neigette en voiture pour une derni\u00e8re fois, il serait important de le faire au cours des prochains mois. On apprenait la semaine derni\u00e8re que la structure serait remplac\u00e9e en 2016. On sait d\u00e9j\u00e0 que le pont couvert sera conserv\u00e9, mais pour le moment, l&rsquo;endroit o\u00f9 il sera [&hellip;]<\/p>\n","protected":false},"author":1,"featured_media":0,"comment_status":"open","ping_status":"open","sticky":false,"template":"","format":"standard","meta":[],"categories":[3],"tags":[],"_links":{"self":[{"href":"https:\/\/pontscouverts.com\/blogue\/wp-json\/wp\/v2\/posts\/13108"}],"collection":[{"href":"https:\/\/pontscouverts.com\/blogue\/wp-json\/wp\/v2\/posts"}],"about":[{"href":"https:\/\/pontscouverts.com\/blogue\/wp-json\/wp\/v2\/types\/post"}],"author":[{"embeddable":true,"href":"https:\/\/pontscouverts.com\/blogue\/wp-json\/wp\/v2\/users\/1"}],"replies":[{"embeddable":true,"href":"https:\/\/pontscouverts.com\/blogue\/wp-json\/wp\/v2\/comments?post=13108"}],"version-history":[{"count":4,"href":"https:\/\/pontscouverts.com\/blogue\/wp-json\/wp\/v2\/posts\/13108\/revisions"}],"predecessor-version":[{"id":13113,"href":"https:\/\/pontscouverts.com\/blogue\/wp-json\/wp\/v2\/posts\/13108\/revisions\/13113"}],"wp:attachment":[{"href":"https:\/\/pontscouverts.com\/blogue\/wp-json\/wp\/v2\/media?parent=13108"}],"wp:term":[{"taxonomy":"category","embeddable":true,"href":"https:\/\/pontscouverts.com\/blogue\/wp-json\/wp\/v2\/categories?post=13108"},{"taxonomy":"post_tag","embeddable":true,"href":"https:\/\/pontscouverts.com\/blogue\/wp-json\/wp\/v2\/tags?post=13108"}],"curies":[{"name":"wp","href":"https:\/\/api.w.org\/{rel}","templated":true}]}}