{"id":124,"date":"2011-11-14T20:46:23","date_gmt":"2011-11-15T01:46:23","guid":{"rendered":"http:\/\/pontscouverts.com\/blogue\/?p=124"},"modified":"2011-11-15T19:02:33","modified_gmt":"2011-11-16T00:02:33","slug":"la-fin-des-travaux-au-pont-deustis","status":"publish","type":"post","link":"https:\/\/pontscouverts.com\/blogue\/2011\/11\/14\/la-fin-des-travaux-au-pont-deustis\/","title":{"rendered":"La fin des travaux au pont d&rsquo;Eustis"},"content":{"rendered":"<p><a href=\"http:\/\/pontscouverts.com\/blogue\/wp-content\/uploads\/2011\/11\/Eustis01_nov2011.jpg\"><img loading=\"lazy\" class=\"alignleft size-full wp-image-112\" title=\"Eustis novembre 2011\" src=\"http:\/\/pontscouverts.com\/blogue\/wp-content\/uploads\/2011\/11\/Eustis01_nov2011.jpg\" alt=\"\" width=\"800\" height=\"600\" srcset=\"https:\/\/pontscouverts.com\/blogue\/wp-content\/uploads\/2011\/11\/Eustis01_nov2011.jpg 800w, https:\/\/pontscouverts.com\/blogue\/wp-content\/uploads\/2011\/11\/Eustis01_nov2011-300x225.jpg 300w\" sizes=\"(max-width: 800px) 100vw, 800px\" \/><\/a><\/p>\n<p style=\"text-align: justify;\">Je me suis rendu dimanche dernier au <a href=\"http:\/\/www.pontscouverts.com\/Pontscouverts1\/Eustis.html\">pont d&rsquo;Eustis<\/a> afin d&rsquo;avoir des photos r\u00e9centes \u00e0 pr\u00e9senter pour le retour officiel du blogue sur les ponts couverts. Les nouvelles sont excellentes et le pont est pr\u00eat pour l&rsquo;ouverture qui aura lieu au printemps 2012&#8230;<\/p>\n<p><!--more Lire la suite--><\/p>\n<p><a href=\"http:\/\/pontscouverts.com\/blogue\/wp-content\/uploads\/2011\/11\/Eustis02_nov2011.jpg\"><img loading=\"lazy\" class=\"aligncenter size-full wp-image-113\" title=\"Eustis novembre 2011\" src=\"http:\/\/pontscouverts.com\/blogue\/wp-content\/uploads\/2011\/11\/Eustis02_nov2011.jpg\" alt=\"\" width=\"800\" height=\"600\" srcset=\"https:\/\/pontscouverts.com\/blogue\/wp-content\/uploads\/2011\/11\/Eustis02_nov2011.jpg 800w, https:\/\/pontscouverts.com\/blogue\/wp-content\/uploads\/2011\/11\/Eustis02_nov2011-300x225.jpg 300w\" sizes=\"(max-width: 800px) 100vw, 800px\" \/><\/a><\/p>\n<p style=\"text-align: justify;\">L&rsquo;acc\u00e8s au pont d&rsquo;Eustis a \u00e9t\u00e9 bien condamn\u00e9 et ces gros blocs seront retir\u00e9s au printemps lors de l&rsquo;ouverture oficielle du pont couvert. Il est toutefois possible que des motoneiges traversent le pont cet hiver.<\/p>\n<p>&nbsp;<\/p>\n<p><a href=\"http:\/\/pontscouverts.com\/blogue\/wp-content\/uploads\/2011\/11\/Eustis03_nov2011.jpg\"><img loading=\"lazy\" class=\"aligncenter size-full wp-image-114\" title=\"Eustis novembre 2011\" src=\"http:\/\/pontscouverts.com\/blogue\/wp-content\/uploads\/2011\/11\/Eustis03_nov2011.jpg\" alt=\"\" width=\"800\" height=\"600\" srcset=\"https:\/\/pontscouverts.com\/blogue\/wp-content\/uploads\/2011\/11\/Eustis03_nov2011.jpg 800w, https:\/\/pontscouverts.com\/blogue\/wp-content\/uploads\/2011\/11\/Eustis03_nov2011-300x225.jpg 300w\" sizes=\"(max-width: 800px) 100vw, 800px\" \/><\/a><\/p>\n<p style=\"text-align: justify;\">Les nouveaux gabarits sont d\u00e9j\u00e0 en place et la hauteur libre sera de 2,3 m\u00e8tres, avec aucune possibilit\u00e9 de contournement. Ces gabarits sont situ\u00e9s assez loin pour ne pas nuire aux photos.<\/p>\n<p>&nbsp;<\/p>\n<p><a href=\"http:\/\/pontscouverts.com\/blogue\/wp-content\/uploads\/2011\/11\/Eustis04_nov2011.jpg\"><img loading=\"lazy\" class=\"aligncenter size-full wp-image-115\" title=\"Eustis novembre 2011\" src=\"http:\/\/pontscouverts.com\/blogue\/wp-content\/uploads\/2011\/11\/Eustis04_nov2011.jpg\" alt=\"\" width=\"800\" height=\"600\" srcset=\"https:\/\/pontscouverts.com\/blogue\/wp-content\/uploads\/2011\/11\/Eustis04_nov2011.jpg 800w, https:\/\/pontscouverts.com\/blogue\/wp-content\/uploads\/2011\/11\/Eustis04_nov2011-300x225.jpg 300w\" sizes=\"(max-width: 800px) 100vw, 800px\" \/><\/a><\/p>\n<p style=\"text-align: justify;\">Dans le cas de cette restauration, on parle de seulement 20% du bois original qui aurait \u00e9t\u00e9 conserv\u00e9. Une chose est certaine, on reconna\u00eet bien notre pont d&rsquo;Eustis.<\/p>\n<p>&nbsp;<\/p>\n<p><a href=\"http:\/\/pontscouverts.com\/blogue\/wp-content\/uploads\/2011\/11\/Eustis05_nov2011.jpg\"><img loading=\"lazy\" class=\"aligncenter size-full wp-image-116\" title=\"Eustis novembre 2011\" src=\"http:\/\/pontscouverts.com\/blogue\/wp-content\/uploads\/2011\/11\/Eustis05_nov2011.jpg\" alt=\"\" width=\"800\" height=\"600\" srcset=\"https:\/\/pontscouverts.com\/blogue\/wp-content\/uploads\/2011\/11\/Eustis05_nov2011.jpg 800w, https:\/\/pontscouverts.com\/blogue\/wp-content\/uploads\/2011\/11\/Eustis05_nov2011-300x225.jpg 300w\" sizes=\"(max-width: 800px) 100vw, 800px\" \/><\/a><\/p>\n<p style=\"text-align: justify;\">La plupart du lambris qui recouvrait le pont avant le d\u00e9but des travaux a \u00e9t\u00e9 r\u00e9utilis\u00e9. Il avait \u00e9t\u00e9 pos\u00e9 lors de la restauration de 1998. Les panneaux toponymiques indiquent toujours 1908 comme date de construction, mais il y aurait certainement une nuance \u00e0 y ajouter.<\/p>\n<p>&nbsp;<\/p>\n<p><a href=\"http:\/\/pontscouverts.com\/blogue\/wp-content\/uploads\/2011\/11\/Eustis06_nov2011.jpg\"><img loading=\"lazy\" class=\"aligncenter size-full wp-image-117\" title=\"Eustis novembre 2011\" src=\"http:\/\/pontscouverts.com\/blogue\/wp-content\/uploads\/2011\/11\/Eustis06_nov2011.jpg\" alt=\"\" width=\"800\" height=\"600\" srcset=\"https:\/\/pontscouverts.com\/blogue\/wp-content\/uploads\/2011\/11\/Eustis06_nov2011.jpg 800w, https:\/\/pontscouverts.com\/blogue\/wp-content\/uploads\/2011\/11\/Eustis06_nov2011-300x225.jpg 300w\" sizes=\"(max-width: 800px) 100vw, 800px\" \/><\/a><\/p>\n<p style=\"text-align: justify;\">\u00c0 l&rsquo;int\u00e9rieur, on reconnait la ferme \u00e0 poin\u00e7on qui caract\u00e9rise le pont d&rsquo;Eustis.<\/p>\n<p>&nbsp;<\/p>\n<p><a href=\"http:\/\/pontscouverts.com\/blogue\/wp-content\/uploads\/2011\/11\/Eustis07_nov2011.jpg\"><img loading=\"lazy\" class=\"aligncenter size-full wp-image-118\" title=\"Eustis novembre 2011\" src=\"http:\/\/pontscouverts.com\/blogue\/wp-content\/uploads\/2011\/11\/Eustis07_nov2011.jpg\" alt=\"\" width=\"800\" height=\"600\" srcset=\"https:\/\/pontscouverts.com\/blogue\/wp-content\/uploads\/2011\/11\/Eustis07_nov2011.jpg 800w, https:\/\/pontscouverts.com\/blogue\/wp-content\/uploads\/2011\/11\/Eustis07_nov2011-300x225.jpg 300w\" sizes=\"(max-width: 800px) 100vw, 800px\" \/><\/a><\/p>\n<p style=\"text-align: justify;\">La cambrure du pont est tr\u00e8s apparente sur cette photo. Les jambes de force originales ont \u00e9t\u00e9 conserv\u00e9es et une seule d&rsquo;entre elles a \u00e9t\u00e9 remplac\u00e9e.<\/p>\n<p>&nbsp;<\/p>\n<p><a href=\"http:\/\/pontscouverts.com\/blogue\/wp-content\/uploads\/2011\/11\/Eustis08_nov2011.jpg\"><img loading=\"lazy\" class=\"aligncenter size-full wp-image-119\" title=\"Eustis novembre 2011\" src=\"http:\/\/pontscouverts.com\/blogue\/wp-content\/uploads\/2011\/11\/Eustis08_nov2011.jpg\" alt=\"\" width=\"800\" height=\"600\" srcset=\"https:\/\/pontscouverts.com\/blogue\/wp-content\/uploads\/2011\/11\/Eustis08_nov2011.jpg 800w, https:\/\/pontscouverts.com\/blogue\/wp-content\/uploads\/2011\/11\/Eustis08_nov2011-300x225.jpg 300w\" sizes=\"(max-width: 800px) 100vw, 800px\" \/><\/a><\/p>\n<p style=\"text-align: justify;\">Quelques arbres ont \u00e9t\u00e9 coup\u00e9s pour faciliter le travail des ouvriers pendant la restauration. Nous avons maintenant acc\u00e8s \u00e0 un point de vue qu&rsquo;il \u00e9tait difficile d&rsquo;obtenir par le pass\u00e9.<\/p>\n<p>&nbsp;<\/p>\n<p><a href=\"http:\/\/pontscouverts.com\/blogue\/wp-content\/uploads\/2011\/11\/Eustis09_nov2011.jpg\"><img loading=\"lazy\" class=\"aligncenter size-full wp-image-120\" title=\"Eustis novembre 2011\" src=\"http:\/\/pontscouverts.com\/blogue\/wp-content\/uploads\/2011\/11\/Eustis09_nov2011.jpg\" alt=\"\" width=\"800\" height=\"600\" srcset=\"https:\/\/pontscouverts.com\/blogue\/wp-content\/uploads\/2011\/11\/Eustis09_nov2011.jpg 800w, https:\/\/pontscouverts.com\/blogue\/wp-content\/uploads\/2011\/11\/Eustis09_nov2011-300x225.jpg 300w\" sizes=\"(max-width: 800px) 100vw, 800px\" \/><\/a><\/p>\n<p style=\"text-align: justify;\">Les cul\u00e9es n&rsquo;ont pas \u00e9t\u00e9 touch\u00e9es lors de ces r\u00e9cents travaux. Le pont d&rsquo;Eustis avait \u00e9t\u00e9 hauss\u00e9 lors de la restauration de 1998.<\/p>\n<p>&nbsp;<\/p>\n<p><a href=\"http:\/\/pontscouverts.com\/blogue\/wp-content\/uploads\/2011\/11\/Eustis10_nov2011.jpg\"><img loading=\"lazy\" class=\"aligncenter size-full wp-image-121\" title=\"Eustis novembre 2011\" src=\"http:\/\/pontscouverts.com\/blogue\/wp-content\/uploads\/2011\/11\/Eustis10_nov2011.jpg\" alt=\"\" width=\"800\" height=\"600\" srcset=\"https:\/\/pontscouverts.com\/blogue\/wp-content\/uploads\/2011\/11\/Eustis10_nov2011.jpg 800w, https:\/\/pontscouverts.com\/blogue\/wp-content\/uploads\/2011\/11\/Eustis10_nov2011-300x225.jpg 300w\" sizes=\"(max-width: 800px) 100vw, 800px\" \/><\/a><\/p>\n<p style=\"text-align: justify;\">Le pont d&rsquo;Eustis est situ\u00e9 au pied d&rsquo;une bonne pente. Il traverse la rivi\u00e8re Massawippi. Cette derni\u00e8re sort fr\u00e9quemment de son lit.<\/p>\n<p>&nbsp;<\/p>\n<p><a href=\"http:\/\/pontscouverts.com\/blogue\/wp-content\/uploads\/2011\/11\/Eustis11_nov2011.jpg\"><img loading=\"lazy\" class=\"aligncenter size-full wp-image-122\" title=\"Eustis novembre 2011\" src=\"http:\/\/pontscouverts.com\/blogue\/wp-content\/uploads\/2011\/11\/Eustis11_nov2011.jpg\" alt=\"\" width=\"800\" height=\"600\" srcset=\"https:\/\/pontscouverts.com\/blogue\/wp-content\/uploads\/2011\/11\/Eustis11_nov2011.jpg 800w, https:\/\/pontscouverts.com\/blogue\/wp-content\/uploads\/2011\/11\/Eustis11_nov2011-300x225.jpg 300w\" sizes=\"(max-width: 800px) 100vw, 800px\" \/><\/a><\/p>\n<p style=\"text-align: justify;\">Du gazon a m\u00eame \u00e9t\u00e9 sem\u00e9 en bordure du pont, mais il me semble que c&rsquo;est un peu tard en saison pour que les graines germent.<\/p>\n<p>&nbsp;<\/p>\n<p><a href=\"http:\/\/pontscouverts.com\/blogue\/wp-content\/uploads\/2011\/11\/Eustis12_nov2011.jpg\"><img loading=\"lazy\" class=\"aligncenter size-full wp-image-123\" title=\"Eustis novembre 2011\" src=\"http:\/\/pontscouverts.com\/blogue\/wp-content\/uploads\/2011\/11\/Eustis12_nov2011.jpg\" alt=\"\" width=\"800\" height=\"600\" srcset=\"https:\/\/pontscouverts.com\/blogue\/wp-content\/uploads\/2011\/11\/Eustis12_nov2011.jpg 800w, https:\/\/pontscouverts.com\/blogue\/wp-content\/uploads\/2011\/11\/Eustis12_nov2011-300x225.jpg 300w\" sizes=\"(max-width: 800px) 100vw, 800px\" \/><\/a><\/p>\n<p style=\"text-align: justify;\">Juste avant de quitter les lieux, j&rsquo;ai eu droit \u00e0 un magnifique coucher de soleil sur le pont d&rsquo;Eustis. Il s&rsquo;agit sans aucun doute d&rsquo;un des plus beaux sites o\u00f9 on retrouve un pont couvert.<\/p>\n<p style=\"text-align: justify;\">&nbsp;<\/p>\n<p style=\"text-align: justify;\">[flowplayer src=&rsquo;http:\/\/www.pontscouverts.com\/VideosEL\/Media\/Eustis2011moyen.m4v&rsquo; width=400 height=300 splash=&rsquo;http:\/\/pontscouverts.com\/blogue\/wp-content\/uploads\/2011\/11\/Eustis04_nov2011.jpg&rsquo;]<\/p>\n<p style=\"text-align: justify;\">&nbsp;<\/p>\n<p style=\"text-align: justify;\">En terminant, voici un article publi\u00e9 ce lundi dans <em>La Tribune<\/em>.<\/p>\n<div>\n<h1>Le pont d&rsquo;Eustis reste ferm\u00e9 malgr\u00e9 sa reconstruction<\/h1>\n<p>par Jean-Fran\u00e7ois Gagnon<\/p>\n<p>Reconstruit au cours des derniers mois au co\u00fbt de 596 000 $, le pont couvert Eustis demeurera malgr\u00e9 tout ferm\u00e9 l&rsquo;hiver prochain. La situation ne fait \u00e9videmment pas le bonheur des r\u00e9sidants du secteur, qui doivent d\u00e9j\u00e0 composer avec la fermeture du pont Capelton.<\/p>\n<\/div>\n<div>\n<p>Les deux municipalit\u00e9s charg\u00e9es de l&rsquo;entretien du chemin menant au pont Eustis, la Ville de Waterville et le Canton de Hatley, ont pris la d\u00e9cision d&#8217;emp\u00eacher le passage des v\u00e9hicules pour des raisons de s\u00e9curit\u00e9.<\/p>\n<p>Maire du Canton de Hatley, Pierre Levac note que la pente est fort abrupte sur le chemin Astbury quand on approche le pont sur la rive est de la rivi\u00e8re Massawippi. \u00abDu c\u00f4t\u00e9 du canton, le chemin n&rsquo;est pas si mal, mais il est vraiment dangereux de l&rsquo;autre c\u00f4t\u00e9\u00bb, remarque-t-il.<\/p>\n<p>M. Levac ajoute que le nombre de v\u00e9hicules empruntant l&rsquo;infrastructure \u00e0 tous les jours pourrait faire un bond tr\u00e8s important, en comparaison de ce qu&rsquo;il \u00e9tait auparavant, si on le rendait accessible aux voitures alors que le pont Capelton est ferm\u00e9.<\/p>\n<\/div>\n<p style=\"text-align: justify;\"><strong>Source : <\/strong><em><a title=\"La Tribune\" href=\"http:\/\/www.cyberpresse.ca\/la-tribune\/estrie\/201111\/14\/01-4467496-le-pont-eustis-reste-ferme-malgre-sa-reconstruction.php\">La tribune<\/a><\/em><\/p>\n","protected":false},"excerpt":{"rendered":"<p>Je me suis rendu dimanche dernier au pont d&rsquo;Eustis afin d&rsquo;avoir des photos r\u00e9centes \u00e0 pr\u00e9senter pour le retour officiel du blogue sur les ponts couverts. Les nouvelles sont excellentes et le pont est pr\u00eat pour l&rsquo;ouverture qui aura lieu au printemps 2012&#8230;<\/p>\n","protected":false},"author":1,"featured_media":0,"comment_status":"open","ping_status":"open","sticky":false,"template":"","format":"standard","meta":[],"categories":[3],"tags":[],"_links":{"self":[{"href":"https:\/\/pontscouverts.com\/blogue\/wp-json\/wp\/v2\/posts\/124"}],"collection":[{"href":"https:\/\/pontscouverts.com\/blogue\/wp-json\/wp\/v2\/posts"}],"about":[{"href":"https:\/\/pontscouverts.com\/blogue\/wp-json\/wp\/v2\/types\/post"}],"author":[{"embeddable":true,"href":"https:\/\/pontscouverts.com\/blogue\/wp-json\/wp\/v2\/users\/1"}],"replies":[{"embeddable":true,"href":"https:\/\/pontscouverts.com\/blogue\/wp-json\/wp\/v2\/comments?post=124"}],"version-history":[{"count":39,"href":"https:\/\/pontscouverts.com\/blogue\/wp-json\/wp\/v2\/posts\/124\/revisions"}],"predecessor-version":[{"id":166,"href":"https:\/\/pontscouverts.com\/blogue\/wp-json\/wp\/v2\/posts\/124\/revisions\/166"}],"wp:attachment":[{"href":"https:\/\/pontscouverts.com\/blogue\/wp-json\/wp\/v2\/media?parent=124"}],"wp:term":[{"taxonomy":"category","embeddable":true,"href":"https:\/\/pontscouverts.com\/blogue\/wp-json\/wp\/v2\/categories?post=124"},{"taxonomy":"post_tag","embeddable":true,"href":"https:\/\/pontscouverts.com\/blogue\/wp-json\/wp\/v2\/tags?post=124"}],"curies":[{"name":"wp","href":"https:\/\/api.w.org\/{rel}","templated":true}]}}