{"id":11833,"date":"2015-01-13T23:00:39","date_gmt":"2015-01-14T04:00:39","guid":{"rendered":"http:\/\/pontscouverts.com\/blogue\/?p=11833"},"modified":"2015-01-14T08:53:39","modified_gmt":"2015-01-14T13:53:39","slug":"une-photo-du-pont-couvert-de-st-edgar-remis-en-place","status":"publish","type":"post","link":"https:\/\/pontscouverts.com\/blogue\/2015\/01\/13\/une-photo-du-pont-couvert-de-st-edgar-remis-en-place\/","title":{"rendered":"Une photo du pont couvert de St-Edgar remis en place"},"content":{"rendered":"<div id=\"attachment_11834\" style=\"width: 660px\" class=\"wp-caption aligncenter\"><a href=\"http:\/\/pontscouverts.com\/blogue\/wp-content\/uploads\/2015\/01\/1310979670611_ORIGINAL.jpg\"><img aria-describedby=\"caption-attachment-11834\" loading=\"lazy\" class=\"wp-image-11834 size-full\" src=\"http:\/\/pontscouverts.com\/blogue\/wp-content\/uploads\/2015\/01\/1310979670611_ORIGINAL.jpg\" alt=\"1310979670611_ORIGINAL\" width=\"650\" height=\"432\" srcset=\"https:\/\/pontscouverts.com\/blogue\/wp-content\/uploads\/2015\/01\/1310979670611_ORIGINAL.jpg 650w, https:\/\/pontscouverts.com\/blogue\/wp-content\/uploads\/2015\/01\/1310979670611_ORIGINAL-e1607953974464-150x100.jpg 150w, https:\/\/pontscouverts.com\/blogue\/wp-content\/uploads\/2015\/01\/1310979670611_ORIGINAL-300x199.jpg 300w\" sizes=\"(max-width: 650px) 100vw, 650px\" \/><\/a><p id=\"caption-attachment-11834\" class=\"wp-caption-text\">Photo : TC Media &#8211; Fr\u00e9d\u00e9ric Durand<\/p><\/div>\n<p style=\"text-align: justify;\"><span style=\"color: #000000;\">Selon un article publi\u00e9 samedi dernier, ce ne serait finalement que peu de temps avant la p\u00e9riode des F\u00eates qu&rsquo;on aurait cess\u00e9 les travaux au\u00a0<span style=\"color: #0000ff;\"><a style=\"color: #0000ff;\" href=\"http:\/\/www.pontscouverts.com\/Pontscouverts2\/St-Edgar.html\">pont de St-Edgar<\/a><\/span>. L&rsquo;ann\u00e9e 2015 r\u00e9serve sans doute de belles surprises \u00e0 ce pont couvert fra\u00eechement r\u00e9nov\u00e9. En plus de l&rsquo;article dont j&rsquo;inclus le texte ci-bas, le billet du jour contient la premi\u00e8re photo o\u00f9 on peut voir le pont de retour sur ses cul\u00e9es. \u00c0 noter, les nouveaux gabarits, et ce m\u00eame si le pont ne servira pas \u00e0 la circulation automobile&#8230;<\/span><\/p>\n<p><!--more Lire la suite--><\/p>\n<p><span style=\"color: #ffffff;\">.<\/span><\/p>\n<h1><span style=\"color: #000000;\">Pont de St-Edgar : Remis en place<\/span><\/h1>\n<p><strong><span style=\"color: #000000;\">par Fr\u00e9d\u00e9ric Durand<\/span><\/strong><\/p>\n<p style=\"text-align: justify;\"><span class=\"placeline\"><span style=\"color: #000000;\">NEW RICHMOND\u00a0&#8211;<\/span>\u00a0<\/span><span style=\"color: #000000;\">Le pont de Saint-Edgar, qui avait \u00e9t\u00e9 retir\u00e9 pour \u00eatre r\u00e9nov\u00e9 a \u00e9t\u00e9 remis en place avant la p\u00e9riode des F\u00eates. Il n\u2019est toutefois pas encore accessible \u00e0 la circulation.<\/span><\/p>\n<p style=\"text-align: justify;\"><span style=\"color: #000000;\">Le pont, appartenant au minist\u00e8re des Transports, a \u00e9t\u00e9 pratiquement remis \u00e0 neuf, dans un projet avoisinant les 2,5 M$. Avant d\u2019\u00eatre accessible aux pi\u00e9tons, v\u00e9los, VTT et motoneiges, d\u2019autres travaux doivent y \u00eatre compl\u00e9t\u00e9s : finition, pr\u00e9parer les approches, installer garde-fous et lumi\u00e8res.<\/span><\/p>\n<p style=\"text-align: justify;\"><span style=\"color: #000000;\">Selon le maire de New Richmond, \u00c9ric Dub\u00e9, le pont couvert est un bien patrimonial, et ce serait \u00e0 la demande du minist\u00e8re de la Culture qu\u2019il aurait \u00e9t\u00e9 r\u00e9nov\u00e9. \u00ab Je n\u2019aurais pas mis l\u2019argent de mes contribuables l\u00e0, mais je m\u2019attend \u00e0 ce que le gouvernement veuille nous le donner, un coup r\u00e9par\u00e9. Nous attendrons de voir l\u2019offre qu\u2019ils nous feront \u00bb, a-t-il not\u00e9.<\/span><\/p>\n<p style=\"text-align: justify;\"><span style=\"color: #000000;\">Le pont a subi de nombreux bris au fil des ann\u00e9es \u00e0 cause de la crue des eaux. Il a donc \u00e9t\u00e9 rehauss\u00e9 de 1,3 m\u00e8tre, pour l\u2019amener \u00e0 la m\u00eame hauteur que le pont voisin. \u00ab Depuis 30 ans, il a \u00e9t\u00e9 bris\u00e9 quatre ou cinq fois. J\u2019ai dit au minist\u00e8re que si c\u2019\u00e9tait pour le remettre au m\u00eame endroit, \u00e7a ne valait pas la peine de le r\u00e9nover. C\u2019est une bonne chose que ce soit fait. Il para\u00eet d\u00e9j\u00e0 bien \u00bb, a conclu M. Dub\u00e9.<\/span><\/p>\n<p style=\"text-align: justify;\"><span style=\"color: #000000;\">Source : <span style=\"color: #0000ff;\"><a style=\"color: #0000ff;\" href=\"http:\/\/www.lechodelabaie.ca\/2015\/01\/10\/remis-en-place\" target=\"_blank\">L&rsquo;\u00c9cho de la Baie\/L&rsquo;Aviron<\/a><\/span><\/span><\/p>\n","protected":false},"excerpt":{"rendered":"<p>Selon un article publi\u00e9 samedi dernier, ce ne serait finalement que peu de temps avant la p\u00e9riode des F\u00eates qu&rsquo;on aurait cess\u00e9 les travaux au\u00a0pont de St-Edgar. L&rsquo;ann\u00e9e 2015 r\u00e9serve sans doute de belles surprises \u00e0 ce pont couvert fra\u00eechement r\u00e9nov\u00e9. En plus de l&rsquo;article dont j&rsquo;inclus le texte ci-bas, le billet du jour contient [&hellip;]<\/p>\n","protected":false},"author":1,"featured_media":0,"comment_status":"open","ping_status":"open","sticky":false,"template":"","format":"standard","meta":[],"categories":[3],"tags":[],"_links":{"self":[{"href":"https:\/\/pontscouverts.com\/blogue\/wp-json\/wp\/v2\/posts\/11833"}],"collection":[{"href":"https:\/\/pontscouverts.com\/blogue\/wp-json\/wp\/v2\/posts"}],"about":[{"href":"https:\/\/pontscouverts.com\/blogue\/wp-json\/wp\/v2\/types\/post"}],"author":[{"embeddable":true,"href":"https:\/\/pontscouverts.com\/blogue\/wp-json\/wp\/v2\/users\/1"}],"replies":[{"embeddable":true,"href":"https:\/\/pontscouverts.com\/blogue\/wp-json\/wp\/v2\/comments?post=11833"}],"version-history":[{"count":6,"href":"https:\/\/pontscouverts.com\/blogue\/wp-json\/wp\/v2\/posts\/11833\/revisions"}],"predecessor-version":[{"id":11841,"href":"https:\/\/pontscouverts.com\/blogue\/wp-json\/wp\/v2\/posts\/11833\/revisions\/11841"}],"wp:attachment":[{"href":"https:\/\/pontscouverts.com\/blogue\/wp-json\/wp\/v2\/media?parent=11833"}],"wp:term":[{"taxonomy":"category","embeddable":true,"href":"https:\/\/pontscouverts.com\/blogue\/wp-json\/wp\/v2\/categories?post=11833"},{"taxonomy":"post_tag","embeddable":true,"href":"https:\/\/pontscouverts.com\/blogue\/wp-json\/wp\/v2\/tags?post=11833"}],"curies":[{"name":"wp","href":"https:\/\/api.w.org\/{rel}","templated":true}]}}