{"id":11087,"date":"2014-09-24T23:00:15","date_gmt":"2014-09-25T03:00:15","guid":{"rendered":"http:\/\/pontscouverts.com\/blogue\/?p=11087"},"modified":"2014-09-24T08:46:12","modified_gmt":"2014-09-24T12:46:12","slug":"les-annees-70-au-pont-rouge","status":"publish","type":"post","link":"https:\/\/pontscouverts.com\/blogue\/2014\/09\/24\/les-annees-70-au-pont-rouge\/","title":{"rendered":"Les ann\u00e9es 70 au pont Rouge"},"content":{"rendered":"<div id=\"attachment_11088\" style=\"width: 660px\" class=\"wp-caption aligncenter\"><a href=\"http:\/\/pontscouverts.com\/blogue\/wp-content\/uploads\/2014\/09\/Raymond-Brainerd.jpg\"><img aria-describedby=\"caption-attachment-11088\" loading=\"lazy\" class=\"wp-image-11088\" src=\"http:\/\/pontscouverts.com\/blogue\/wp-content\/uploads\/2014\/09\/Raymond-Brainerd-1024x725.jpg\" alt=\"Raymond Brainerd\" width=\"650\" height=\"461\" srcset=\"https:\/\/pontscouverts.com\/blogue\/wp-content\/uploads\/2014\/09\/Raymond-Brainerd-1024x725.jpg 1024w, https:\/\/pontscouverts.com\/blogue\/wp-content\/uploads\/2014\/09\/Raymond-Brainerd-300x212.jpg 300w, https:\/\/pontscouverts.com\/blogue\/wp-content\/uploads\/2014\/09\/Raymond-Brainerd.jpg 1247w\" sizes=\"(max-width: 650px) 100vw, 650px\" \/><\/a><p id=\"caption-attachment-11088\" class=\"wp-caption-text\">Photo : Raymond Brainerd (1975). Collection : G. Arbour<\/p><\/div>\n<p style=\"text-align: justify;\"><span style=\"color: #000000;\">Les 3 photos du jour sortent tout droit des ann\u00e9es 70. On peut y voir le <span style=\"color: #0000ff;\"><a style=\"color: #0000ff;\" href=\"http:\/\/www.pontscouverts.com\/Pontscouverts1\/Rouge_2.html\">pont Rouge<\/a><\/span> de Ste-Jeanne-d&rsquo;Arc photographi\u00e9 \u00e0 une \u00e9poque qui n&rsquo;apparaissait pas encore sur ce site, les plus anciennes photos qu&rsquo;il \u00e9tait possible de voir datant de 1983. M\u00eame si le pont a bien chang\u00e9 depuis cette \u00e9poque, on le reconnait quand m\u00eame assez facilement. De nos jours, le site est beaucoup mieux am\u00e9nag\u00e9 et les visiteurs y sont bien re\u00e7us&#8230;<\/span><\/p>\n<p style=\"text-align: justify;\"><!--more Lire la suite--><\/p>\n<p><span style=\"color: #ffffff;\">.<\/span><\/p>\n<div id=\"attachment_11089\" style=\"width: 678px\" class=\"wp-caption aligncenter\"><a href=\"http:\/\/pontscouverts.com\/blogue\/wp-content\/uploads\/2014\/09\/qc-60-04_1976_2.jpg\"><img aria-describedby=\"caption-attachment-11089\" loading=\"lazy\" class=\"wp-image-11089 size-full\" src=\"http:\/\/pontscouverts.com\/blogue\/wp-content\/uploads\/2014\/09\/qc-60-04_1976_2.jpg\" alt=\"qc-60-04_1976_2\" width=\"668\" height=\"432\" srcset=\"https:\/\/pontscouverts.com\/blogue\/wp-content\/uploads\/2014\/09\/qc-60-04_1976_2.jpg 668w, https:\/\/pontscouverts.com\/blogue\/wp-content\/uploads\/2014\/09\/qc-60-04_1976_2-300x194.jpg 300w\" sizes=\"(max-width: 668px) 100vw, 668px\" \/><\/a><p id=\"caption-attachment-11089\" class=\"wp-caption-text\">Collection : Richard Roy (1976)<\/p><\/div>\n<p style=\"text-align: justify;\"><span style=\"color: #000000;\">La structure de 82 pieds de long enjambe la rivi\u00e8re Noire, un cours d&rsquo;eau relativement calme.\u00a0<\/span><\/p>\n<p style=\"text-align: justify;\"><span style=\"color: #ffffff;\">.<\/span><\/p>\n<div id=\"attachment_11090\" style=\"width: 674px\" class=\"wp-caption aligncenter\"><a href=\"http:\/\/pontscouverts.com\/blogue\/wp-content\/uploads\/2014\/09\/qc-60-04_1976.jpg\"><img aria-describedby=\"caption-attachment-11090\" loading=\"lazy\" class=\"wp-image-11090 size-full\" src=\"http:\/\/pontscouverts.com\/blogue\/wp-content\/uploads\/2014\/09\/qc-60-04_1976.jpg\" alt=\"qc-60-04_1976\" width=\"664\" height=\"449\" srcset=\"https:\/\/pontscouverts.com\/blogue\/wp-content\/uploads\/2014\/09\/qc-60-04_1976.jpg 664w, https:\/\/pontscouverts.com\/blogue\/wp-content\/uploads\/2014\/09\/qc-60-04_1976-300x202.jpg 300w\" sizes=\"(max-width: 664px) 100vw, 664px\" \/><\/a><p id=\"caption-attachment-11090\" class=\"wp-caption-text\">Collection : Richard Roy (1976)<\/p><\/div>\n<p style=\"text-align: justify;\"><span style=\"color: #000000;\">Les jets d&rsquo;eau sont disparus depuis plusieurs ann\u00e9es. Dans les ann\u00e9es 70, le pont semblait plus rose que rouge. Il n&rsquo;y avait pas de moulures blanches aux ouvertures lat\u00e9rales.<\/span><\/p>\n<p><span style=\"color: #ffffff;\">.<\/span><\/p>\n","protected":false},"excerpt":{"rendered":"<p>Les 3 photos du jour sortent tout droit des ann\u00e9es 70. On peut y voir le pont Rouge de Ste-Jeanne-d&rsquo;Arc photographi\u00e9 \u00e0 une \u00e9poque qui n&rsquo;apparaissait pas encore sur ce site, les plus anciennes photos qu&rsquo;il \u00e9tait possible de voir datant de 1983. M\u00eame si le pont a bien chang\u00e9 depuis cette \u00e9poque, on le [&hellip;]<\/p>\n","protected":false},"author":1,"featured_media":0,"comment_status":"open","ping_status":"open","sticky":false,"template":"","format":"standard","meta":[],"categories":[1],"tags":[],"_links":{"self":[{"href":"https:\/\/pontscouverts.com\/blogue\/wp-json\/wp\/v2\/posts\/11087"}],"collection":[{"href":"https:\/\/pontscouverts.com\/blogue\/wp-json\/wp\/v2\/posts"}],"about":[{"href":"https:\/\/pontscouverts.com\/blogue\/wp-json\/wp\/v2\/types\/post"}],"author":[{"embeddable":true,"href":"https:\/\/pontscouverts.com\/blogue\/wp-json\/wp\/v2\/users\/1"}],"replies":[{"embeddable":true,"href":"https:\/\/pontscouverts.com\/blogue\/wp-json\/wp\/v2\/comments?post=11087"}],"version-history":[{"count":1,"href":"https:\/\/pontscouverts.com\/blogue\/wp-json\/wp\/v2\/posts\/11087\/revisions"}],"predecessor-version":[{"id":11091,"href":"https:\/\/pontscouverts.com\/blogue\/wp-json\/wp\/v2\/posts\/11087\/revisions\/11091"}],"wp:attachment":[{"href":"https:\/\/pontscouverts.com\/blogue\/wp-json\/wp\/v2\/media?parent=11087"}],"wp:term":[{"taxonomy":"category","embeddable":true,"href":"https:\/\/pontscouverts.com\/blogue\/wp-json\/wp\/v2\/categories?post=11087"},{"taxonomy":"post_tag","embeddable":true,"href":"https:\/\/pontscouverts.com\/blogue\/wp-json\/wp\/v2\/tags?post=11087"}],"curies":[{"name":"wp","href":"https:\/\/api.w.org\/{rel}","templated":true}]}}