{"id":1104,"date":"2012-01-16T21:52:51","date_gmt":"2012-01-17T02:52:51","guid":{"rendered":"http:\/\/pontscouverts.com\/blogue\/?p=1104"},"modified":"2012-01-20T08:55:14","modified_gmt":"2012-01-20T13:55:14","slug":"une-rarete-des-photos-du-pont-belanger-prises-en-hiver","status":"publish","type":"post","link":"https:\/\/pontscouverts.com\/blogue\/2012\/01\/16\/une-rarete-des-photos-du-pont-belanger-prises-en-hiver\/","title":{"rendered":"Une raret\u00e9 : des photos du pont B\u00e9langer prises en hiver"},"content":{"rendered":"<div id=\"attachment_1105\" style=\"width: 650px\" class=\"wp-caption aligncenter\"><a href=\"http:\/\/pontscouverts.com\/blogue\/wp-content\/uploads\/2012\/01\/aimerandos1.jpg\"><img aria-describedby=\"caption-attachment-1105\" loading=\"lazy\" class=\"size-full wp-image-1105 \" title=\"aimerandos1\" src=\"http:\/\/pontscouverts.com\/blogue\/wp-content\/uploads\/2012\/01\/aimerandos1.jpg\" alt=\"\" width=\"640\" height=\"360\" srcset=\"https:\/\/pontscouverts.com\/blogue\/wp-content\/uploads\/2012\/01\/aimerandos1.jpg 800w, https:\/\/pontscouverts.com\/blogue\/wp-content\/uploads\/2012\/01\/aimerandos1-300x168.jpg 300w\" sizes=\"(max-width: 640px) 100vw, 640px\" \/><\/a><p id=\"caption-attachment-1105\" class=\"wp-caption-text\">Photo : aimerandos sur Flickr.com<\/p><\/div>\n<p style=\"text-align: justify;\">En explorant diff\u00e9rents sites Internet, je suis tomb\u00e9 sur ces photos du <a href=\"http:\/\/www.pontscouverts.com\/Pontscouverts1\/Belanger.html\" target=\"_blank\"><span style=\"color: #0000ff;\">pont B\u00e9langer<\/span><\/a> prises en avril dernier alors qu&rsquo;il y avait encore pas mal de neige dans le Bas-St-Laurent. Puisqu&rsquo;il est plut\u00f4t rare de voir des photos d&rsquo;hiver de ce pont couvert, je vous les pr\u00e9sente aujourd&rsquo;hui, ainsi que quelques photographies d&rsquo;archives in\u00e9dites.<\/p>\n<p><!--more Lire la suite--><\/p>\n<p>&nbsp;<\/p>\n<div id=\"attachment_1106\" style=\"width: 650px\" class=\"wp-caption aligncenter\"><a href=\"http:\/\/pontscouverts.com\/blogue\/wp-content\/uploads\/2012\/01\/aimerandos2.jpg\"><img aria-describedby=\"caption-attachment-1106\" loading=\"lazy\" class=\"size-full wp-image-1106 \" title=\"aimerandos2\" src=\"http:\/\/pontscouverts.com\/blogue\/wp-content\/uploads\/2012\/01\/aimerandos2.jpg\" alt=\"\" width=\"640\" height=\"360\" srcset=\"https:\/\/pontscouverts.com\/blogue\/wp-content\/uploads\/2012\/01\/aimerandos2.jpg 800w, https:\/\/pontscouverts.com\/blogue\/wp-content\/uploads\/2012\/01\/aimerandos2-300x168.jpg 300w\" sizes=\"(max-width: 640px) 100vw, 640px\" \/><\/a><p id=\"caption-attachment-1106\" class=\"wp-caption-text\">Photo : aimerandos sur Flickr.com<\/p><\/div>\n<p style=\"text-align: justify;\">Ces clich\u00e9s ont \u00e9t\u00e9 pris par un amoureux des longues randonn\u00e9es hivernales. Rappelons que ce pont n&rsquo;est pas accessible en voiture l&rsquo;hiver et qu&rsquo;il est relativement isol\u00e9. Selon le photographe, le pont \u00e9tait en restauration lors de son passage, mais aucun d\u00e9tail observ\u00e9 sur les photos ne permet de confirmer cette affirmation.<\/p>\n<p>&nbsp;<\/p>\n<div id=\"attachment_1107\" style=\"width: 650px\" class=\"wp-caption aligncenter\"><a href=\"http:\/\/pontscouverts.com\/blogue\/wp-content\/uploads\/2012\/01\/belangergoossens1.jpg\"><img aria-describedby=\"caption-attachment-1107\" loading=\"lazy\" class=\"size-full wp-image-1107 \" title=\"belangergoossens1\" src=\"http:\/\/pontscouverts.com\/blogue\/wp-content\/uploads\/2012\/01\/belangergoossens1.jpg\" alt=\"\" width=\"640\" height=\"436\" srcset=\"https:\/\/pontscouverts.com\/blogue\/wp-content\/uploads\/2012\/01\/belangergoossens1.jpg 800w, https:\/\/pontscouverts.com\/blogue\/wp-content\/uploads\/2012\/01\/belangergoossens1-300x204.jpg 300w\" sizes=\"(max-width: 640px) 100vw, 640px\" \/><\/a><p id=\"caption-attachment-1107\" class=\"wp-caption-text\">Photo : Andr\u00e9 Goossens<\/p><\/div>\n<p style=\"text-align: justify;\">Terminons pas 3 photos jamais publi\u00e9es sur ce site. Voici le pont B\u00e9langer en 1984. On constate que les couleurs appliqu\u00e9es sur cette structure sont les m\u00eames depuis fort longtemps.<\/p>\n<p style=\"text-align: justify;\">&nbsp;<\/p>\n<div id=\"attachment_1108\" style=\"width: 650px\" class=\"wp-caption aligncenter\"><a href=\"http:\/\/pontscouverts.com\/blogue\/wp-content\/uploads\/2012\/01\/belangergoossens2.jpg\"><img aria-describedby=\"caption-attachment-1108\" loading=\"lazy\" class=\"size-full wp-image-1108  \" title=\"belangergoossens2\" src=\"http:\/\/pontscouverts.com\/blogue\/wp-content\/uploads\/2012\/01\/belangergoossens2.jpg\" alt=\"\" width=\"640\" height=\"424\" srcset=\"https:\/\/pontscouverts.com\/blogue\/wp-content\/uploads\/2012\/01\/belangergoossens2.jpg 800w, https:\/\/pontscouverts.com\/blogue\/wp-content\/uploads\/2012\/01\/belangergoossens2-300x198.jpg 300w\" sizes=\"(max-width: 640px) 100vw, 640px\" \/><\/a><p id=\"caption-attachment-1108\" class=\"wp-caption-text\">Photo : Andr\u00e9 Goossens (1984)<\/p><\/div>\n<p style=\"text-align: justify;\">La jolie cl\u00f4ture blanche n&rsquo;est plus en place depuis un bon bout de temps. Elle a \u00e9t\u00e9 remplac\u00e9e par une garde-fou de m\u00e9tal. Construit en 1925, le pont couvert B\u00e9langer mesure 88 pieds de long.<\/p>\n<p>&nbsp;<\/p>\n<div id=\"attachment_1109\" style=\"width: 650px\" class=\"wp-caption aligncenter\"><a href=\"http:\/\/pontscouverts.com\/blogue\/wp-content\/uploads\/2012\/01\/bealngerarbour1986.jpg\"><img aria-describedby=\"caption-attachment-1109\" loading=\"lazy\" class=\"size-full wp-image-1109 \" title=\"bealngerarbour1986\" src=\"http:\/\/pontscouverts.com\/blogue\/wp-content\/uploads\/2012\/01\/bealngerarbour1986.jpg\" alt=\"\" width=\"640\" height=\"425\" srcset=\"https:\/\/pontscouverts.com\/blogue\/wp-content\/uploads\/2012\/01\/bealngerarbour1986.jpg 800w, https:\/\/pontscouverts.com\/blogue\/wp-content\/uploads\/2012\/01\/bealngerarbour1986-300x199.jpg 300w\" sizes=\"(max-width: 640px) 100vw, 640px\" \/><\/a><p id=\"caption-attachment-1109\" class=\"wp-caption-text\">Photo : G\u00e9rald Arbour<\/p><\/div>\n<p style=\"text-align: justify;\">Sur ce clich\u00e9 de 1986, on constate que la v\u00e9g\u00e9tation \u00e9tait abondante aux abords du pont. B\u00e9langer est le nom d&rsquo;une famille de <em>Les Boules<\/em> qui avait des terres dans le secteur du pont couvert.<\/p>\n<p>&nbsp;<\/p>\n","protected":false},"excerpt":{"rendered":"<p>En explorant diff\u00e9rents sites Internet, je suis tomb\u00e9 sur ces photos du pont B\u00e9langer prises en avril dernier alors qu&rsquo;il y avait encore pas mal de neige dans le Bas-St-Laurent. Puisqu&rsquo;il est plut\u00f4t rare de voir des photos d&rsquo;hiver de ce pont couvert, je vous les pr\u00e9sente aujourd&rsquo;hui, ainsi que quelques photographies d&rsquo;archives in\u00e9dites.<\/p>\n","protected":false},"author":1,"featured_media":0,"comment_status":"open","ping_status":"open","sticky":false,"template":"","format":"standard","meta":[],"categories":[3,1],"tags":[],"_links":{"self":[{"href":"https:\/\/pontscouverts.com\/blogue\/wp-json\/wp\/v2\/posts\/1104"}],"collection":[{"href":"https:\/\/pontscouverts.com\/blogue\/wp-json\/wp\/v2\/posts"}],"about":[{"href":"https:\/\/pontscouverts.com\/blogue\/wp-json\/wp\/v2\/types\/post"}],"author":[{"embeddable":true,"href":"https:\/\/pontscouverts.com\/blogue\/wp-json\/wp\/v2\/users\/1"}],"replies":[{"embeddable":true,"href":"https:\/\/pontscouverts.com\/blogue\/wp-json\/wp\/v2\/comments?post=1104"}],"version-history":[{"count":12,"href":"https:\/\/pontscouverts.com\/blogue\/wp-json\/wp\/v2\/posts\/1104\/revisions"}],"predecessor-version":[{"id":1246,"href":"https:\/\/pontscouverts.com\/blogue\/wp-json\/wp\/v2\/posts\/1104\/revisions\/1246"}],"wp:attachment":[{"href":"https:\/\/pontscouverts.com\/blogue\/wp-json\/wp\/v2\/media?parent=1104"}],"wp:term":[{"taxonomy":"category","embeddable":true,"href":"https:\/\/pontscouverts.com\/blogue\/wp-json\/wp\/v2\/categories?post=1104"},{"taxonomy":"post_tag","embeddable":true,"href":"https:\/\/pontscouverts.com\/blogue\/wp-json\/wp\/v2\/tags?post=1104"}],"curies":[{"name":"wp","href":"https:\/\/api.w.org\/{rel}","templated":true}]}}